{"id":469973,"date":"2025-10-17T12:57:12","date_gmt":"2025-10-17T12:57:12","guid":{"rendered":"https:\/\/www.europesays.com\/fr\/469973\/"},"modified":"2025-10-17T12:57:12","modified_gmt":"2025-10-17T12:57:12","slug":"mhsc-asse-julien-laporte-si-lasse-repart-avec-deux-rouges-il-ny-a-pas-grand-chose-a-dire","status":"publish","type":"post","link":"https:\/\/www.europesays.com\/fr\/469973\/","title":{"rendered":"[MHSC-ASSE] Julien Laporte : \u201cSi l\u2019ASSE repart avec deux rouges, il n\u2019y a pas grand-chose \u00e0 dire\u201d"},"content":{"rendered":"<p>En conf\u00e9rence de presse, Julien Laporte est revenu sur la d\u00e9faite subie contre Saint-Etienne, apr\u00e8s un d\u00e9but de saison in\u00e9gal. Avec l\u2019arbitrage en ligne de mire.<\/p>\n<p><img loading=\"lazy\" title=\"Montpellier HSC v AS Saint-\u00c9tienne - Ligue 2 BKT 20252026 | AllezPaillade.com\" decoding=\"async\" width=\"1024\" height=\"683\" src=\"https:\/\/www.europesays.com\/fr\/wp-content\/uploads\/2025\/10\/ICONSPORT_272953_0048-1024x683.jpg\" alt=\"\" class=\"wp-image-193506\"  \/>Cr\u00e9dits IconSport<\/p>\n<p>\u201cHonn\u00eatement, la saison pass\u00e9e, je n\u2019\u00e9tais pas l\u00e0, donc je n\u2019ai pas \u00e9t\u00e9 impact\u00e9, je pense, comme les joueurs d\u2019alors. Mais d\u00e9j\u00e0, on a renouvel\u00e9 une grande partie de l\u2019effectif. Apr\u00e8s, on a compos\u00e9 avec les blessures, le changement, les suspensions,\u00a0etc.\u00a0Je pense que quand on aura trouv\u00e9 une base aussi de jeu, comme \u00e7a a pu \u00eatre le cas contre Saint-\u00c9tienne, il faut qu\u2019on arrive \u00e0 r\u00e9it\u00e9rer ce genre de performance et puis avancer. Parce que j\u2019ai trouv\u00e9 que contre Saint-\u00c9tienne, c\u2019\u00e9tait quand m\u00eame int\u00e9ressant dans le jeu. <\/p>\n<p>Alors, c\u2019est s\u00fbr qu\u2019avant, on a \u00e9t\u00e9 irr\u00e9guliers.\u00a0Il y a eu des matchs o\u00f9 on n\u2019a pas toujours \u00e9t\u00e9 r\u00e9compens\u00e9s, et d\u2019autres contre Bastia o\u00f9 on gagne, sans \u00eatre flamboyants. Maintenant, la Ligue 2, c\u2019est aussi difficile de poser sa patte. Ce n\u2019est pas comme la Ligue 1 o\u00f9 les cadres de jeu sont pos\u00e9s, c\u2019est plus lisible, on va dire, chacun a son syst\u00e8me,\u00a0etc.\u00a0L\u00e0, on sent que c\u2019est un peu plus foufou. Il y a plus de transitions, \u00e7a va d\u2019un but \u00e0 l\u2019autre,\u00a0etc. Il y a aussi cet aspect \u00e0 prendre en compte. Maintenant, c\u2019est s\u00fbr qu\u2019on est conscients que dans le jeu, on doit faire mieux. Et il faut que \u00e7a commence d\u00e8s samedi. (\u2026)<\/p>\n<p><img title=\"Jullien | AllezPaillade.com\" loading=\"lazy\" decoding=\"async\" width=\"850\" height=\"567\" src=\"https:\/\/www.europesays.com\/fr\/wp-content\/uploads\/2025\/10\/ICONSPORT_272953_0028.jpg\" alt=\"\" class=\"wp-image-191863\"  \/>Cr\u00e9dits Iconsport<\/p>\n<p>En tout cas, des tribunes, j\u2019ai vraiment trouv\u00e9 bon le match. J\u2019\u00e9tais en col\u00e8re parce que les d\u00e9cisions arbitrales ont \u00e9t\u00e9 clairement contre nous.\u00a0Si je fais une petite parenth\u00e8se, je prends rouge sur un tacle o\u00f9 il n\u2019y a pas de m\u00e9chancet\u00e9. Je pense que si Saint-\u00c9tienne repart avec deux rouges, il n\u2019y a pas grand-chose \u00e0 dire. Il y a aussi cet aspect \u00e0 prendre en compte, ce\u00a0sont des\u00a0faits de jeu. C\u2019est comme \u00e7a. Mais au-del\u00e0 de cette parenth\u00e8se, c\u2019est surtout que je trouve que dans l\u2019attitude, dans les intentions, on a \u00e9t\u00e9 disponibles.\u00a0Je nous ai sentis conqu\u00e9rants. En tout cas, c\u2019est l\u2019image que \u00e7a donnait des tribunes. Et je trouve que \u00e7a a \u00e9t\u00e9 le cas.\u00a0Le coach est revenu dessus de cette mani\u00e8re-l\u00e0.\u201c<\/p>\n","protected":false},"excerpt":{"rendered":"En conf\u00e9rence de presse, Julien Laporte est revenu sur la d\u00e9faite subie contre Saint-Etienne, apr\u00e8s un d\u00e9but de&hellip;\n","protected":false},"author":2,"featured_media":469974,"comment_status":"","ping_status":"","sticky":false,"template":"","format":"standard","meta":{"footnotes":""},"categories":[1410],"tags":[328,63,1011,27,56398,60,240],"class_list":{"0":"post-469973","1":"post","2":"type-post","3":"status-publish","4":"format-standard","5":"has-post-thumbnail","7":"category-football","8":"tag-a-la-une","9":"tag-football","10":"tag-fr","11":"tag-france","12":"tag-mhsc-asse","13":"tag-sports","14":"tag-temoignage"},"share_on_mastodon":{"url":"https:\/\/pubeurope.com\/@fr\/115389625558261945","error":""},"_links":{"self":[{"href":"https:\/\/www.europesays.com\/fr\/wp-json\/wp\/v2\/posts\/469973","targetHints":{"allow":["GET"]}}],"collection":[{"href":"https:\/\/www.europesays.com\/fr\/wp-json\/wp\/v2\/posts"}],"about":[{"href":"https:\/\/www.europesays.com\/fr\/wp-json\/wp\/v2\/types\/post"}],"author":[{"embeddable":true,"href":"https:\/\/www.europesays.com\/fr\/wp-json\/wp\/v2\/users\/2"}],"replies":[{"embeddable":true,"href":"https:\/\/www.europesays.com\/fr\/wp-json\/wp\/v2\/comments?post=469973"}],"version-history":[{"count":0,"href":"https:\/\/www.europesays.com\/fr\/wp-json\/wp\/v2\/posts\/469973\/revisions"}],"wp:featuredmedia":[{"embeddable":true,"href":"https:\/\/www.europesays.com\/fr\/wp-json\/wp\/v2\/media\/469974"}],"wp:attachment":[{"href":"https:\/\/www.europesays.com\/fr\/wp-json\/wp\/v2\/media?parent=469973"}],"wp:term":[{"taxonomy":"category","embeddable":true,"href":"https:\/\/www.europesays.com\/fr\/wp-json\/wp\/v2\/categories?post=469973"},{"taxonomy":"post_tag","embeddable":true,"href":"https:\/\/www.europesays.com\/fr\/wp-json\/wp\/v2\/tags?post=469973"}],"curies":[{"name":"wp","href":"https:\/\/api.w.org\/{rel}","templated":true}]}}