{"id":469981,"date":"2025-10-17T13:01:19","date_gmt":"2025-10-17T13:01:19","guid":{"rendered":"https:\/\/www.europesays.com\/fr\/469981\/"},"modified":"2025-10-17T13:01:19","modified_gmt":"2025-10-17T13:01:19","slug":"pourquoi-anne-elisabeth-lemoine-sera-t-elle-absente-de-c-a-vous-la-semaine-prochaine","status":"publish","type":"post","link":"https:\/\/www.europesays.com\/fr\/469981\/","title":{"rendered":"Pourquoi Anne-\u00c9lisabeth Lemoine sera-t-elle absente de \u00abC \u00e0 Vous\u00bb la semaine prochaine ?"},"content":{"rendered":"<p>    Anne-\u00c9lisabeth Lemoine dans \u00abC \u00e0 vous\u00bb sur France 5<br \/>\n                Capture d&rsquo;\u00e9cran<\/p>\n<p>\n    Alors que l\u2019animatrice recevait Bruce Toussaint et N\u00e2diya dans le talk-show quotidien sur France 5, ce jeudi 16 octobre, elle a aussi annonc\u00e9 aux t\u00e9l\u00e9spectateurs qu\u2019ils ne la retrouveront en direct que le 27 octobre prochain.<\/p>\n<p class=\"fig-paragraph\">Un mois et demi apr\u00e8s la rentr\u00e9e des classes et des talk-shows, et d\u00e9j\u00e0 les vacances de la Toussaint arrivent. Alors qu\u2019<a href=\"https:\/\/www.lefigaro.fr\/tag\/anne-elisabeth-lemoine\" target=\"_blank\" rel=\"noopener\" data-gtm-custom-categorie=\"navigation\" data-gtm-custom-action=\"crossclick\" data-gtm-custom-label=\"Contextuel\" data-gtm-event=\"customEventSPE\"><strong>Anne-\u00c9lisabeth Lemoine<\/strong><\/a> \u00a0recevait justement\u00a0<a href=\"https:\/\/www.lefigaro.fr\/tag\/bruce-toussaint\" target=\"_blank\" rel=\"noopener\" data-gtm-custom-categorie=\"navigation\" data-gtm-custom-action=\"crossclick\" data-gtm-custom-label=\"Contextuel\" data-gtm-event=\"customEventSPE\">Bruce Toussaint<\/a>\u00a0puis la chanteuse\u00a0<a href=\"https:\/\/www.lefigaro.fr\/tag\/nadiya\" target=\"_blank\" rel=\"noopener\" data-gtm-custom-categorie=\"navigation\" data-gtm-custom-action=\"crossclick\" data-gtm-custom-label=\"Contextuel\" data-gtm-event=\"customEventSPE\">N\u00e2diya<\/a>\u00a0dans\u00a0<a href=\"https:\/\/tvmag.lefigaro.fr\/programme-tv\/programme\/c-a-vous-d629397959\" target=\"_blank\" rel=\"noopener\" data-gtm-custom-categorie=\"navigation\" data-gtm-custom-action=\"crossclick\" data-gtm-custom-label=\"Contextuel\" data-gtm-event=\"customEventSPE\"><strong>\u00abC \u00e0 vous\u00bb<\/strong><\/a> \u00a0sur\u00a0<a href=\"https:\/\/tvmag.lefigaro.fr\/programme-tv\/chaine\/47\/tous-les-programmes-de-france-5\" target=\"_blank\" rel=\"noopener\" data-gtm-custom-categorie=\"navigation\" data-gtm-custom-action=\"crossclick\" data-gtm-custom-label=\"Contextuel\" data-gtm-event=\"customEventSPE\">France 5<\/a>, ce jeudi 16 octobre, l\u2019animatrice en a profit\u00e9 pour faire une annonce aux t\u00e9l\u00e9spectateurs.<\/p>\n<p class=\"fig-paragraph\">Une fois la chronique de\u00a0<a href=\"https:\/\/www.lefigaro.fr\/tag\/bertrand-chameroy\" target=\"_blank\" rel=\"noopener\" data-gtm-custom-categorie=\"navigation\" data-gtm-custom-action=\"crossclick\" data-gtm-custom-label=\"Contextuel\" data-gtm-event=\"customEventSPE\">Bertrand Chameroy<\/a>\u00a0termin\u00e9e, cette fois consacr\u00e9e \u00e0\u00a0<a href=\"https:\/\/www.lefigaro.fr\/tag\/patrick-sebastien\" target=\"_blank\" rel=\"noopener\" data-gtm-custom-categorie=\"navigation\" data-gtm-custom-action=\"crossclick\" data-gtm-custom-label=\"Contextuel\" data-gtm-event=\"customEventSPE\">Patrick S\u00e9bastien<\/a>, le chroniqueur, hilare devant son travail, a d\u00e9clar\u00e9\u00a0: \u00abl\u2019\u201cABC\u201d revient apr\u00e8s les vacances. Bonne soir\u00e9e\u00a0!\u00bb Et Anne-\u00c9lisabeth Lemoine de confirmer\u00a0: \u00abmais oui\u00a0! Merci, Bertrand. Demain, c\u2019est\u00a0<a href=\"https:\/\/www.lefigaro.fr\/tag\/mohamed-bouhafsi\" target=\"_blank\" rel=\"noopener\" data-gtm-custom-categorie=\"navigation\" data-gtm-custom-action=\"crossclick\" data-gtm-custom-label=\"Contextuel\" data-gtm-event=\"customEventSPE\">Mohamed Bouhafsi<\/a> . Nous, on se retrouve le lundi 27 octobre en direct. On sera pass\u00e9 \u00e0 l\u2019heure d\u2019hiver, mais entre-temps, il y aura des best-of\u00bb.<\/p>\n<p>                                    <a class=\"fig-a11y-skip a11y-hidden\" href=\"#fig-a11y-skip-main-inarticle\"><br \/>\n        Passer la publicit\u00e9<br \/>\n    <\/a><\/p>\n<p class=\"fig-paragraph\">En effet, si les t\u00e9l\u00e9spectateurs de la Cinq retrouveront bien ce vendredi 17 octobre &#8211; et comme tous les week-ends depuis la rentr\u00e9e &#8211; Mohamed Bouhafsi en direct aux commandes du programme quotidien, ce ne sera pas le cas ce lundi pour la pr\u00e9sentatrice. En effet, cette derni\u00e8re et son \u00e9quipe seront bien en vacances, et des \u00e9pisodes de l\u2019\u00e9mission seront rediffus\u00e9s \u00e0 la place du direct traditionnel du d\u00e9but de soir\u00e9e.<\/p>\n<p class=\"fig-body-link\">\n            \u00c0 lire aussi<br \/>\n        <a class=\"fig-body-link__link\" href=\"http:\/\/tvmag.lefigaro.fr\/programme-tv\/actu-tele\/j-ai-senti-une-tension-christian-clavier-pique-anne-elisabeth-lemoine-sur-la-promotion-de-mohamed-bouhafsi-20250917\" target=\"_blank\" data-fig-type=\"Article\" rel=\"noopener\" data-gtm-custom-categorie=\"navigation\" data-gtm-custom-action=\"crossclick\" data-gtm-custom-label=\"Contextuel\" data-gtm-event=\"customEventSPE\" data-fig-domain=\"TVMAG\">\u00abJ\u2019ai senti une tension\u00bb\u00a0: Christian Clavier pique Anne-\u00c9lisabeth Lemoine sur la promotion de Mohamed Bouhafsi<br \/>\n    <\/a>\n<\/p>\n<p class=\"fig-paragraph\">Pour cette derni\u00e8re avant le 27 octobre, le plateau de \u00abC \u00e0 Vous\u00bb recevait notamment Bruce Toussaint. Ce dernier s\u2019est d\u2019ailleurs expliqu\u00e9 sur les tensions survenues ce mardi 14 octobre dernier avec le d\u00e9put\u00e9 de La France insoumise,\u00a0<a href=\"https:\/\/www.lefigaro.fr\/tag\/manuel-bompard\" target=\"_blank\" rel=\"noopener\" data-gtm-custom-categorie=\"navigation\" data-gtm-custom-action=\"crossclick\" data-gtm-custom-label=\"Contextuel\" data-gtm-event=\"customEventSPE\">Manuel Bompard<\/a>, alors qu\u2019il le recevait dans\u00a0<a href=\"https:\/\/tvmag.lefigaro.fr\/programme-tv\/programme\/bonjour-la-matinale-tf1-d1788549793\" target=\"_blank\" rel=\"noopener\" data-gtm-custom-categorie=\"navigation\" data-gtm-custom-action=\"crossclick\" data-gtm-custom-label=\"Contextuel\" data-gtm-event=\"customEventSPE\">\u00abBonjour\u00a0! la matinale TF1\u00bb<\/a>, qu\u2019il pr\u00e9sente tous les matins. \u00abVous allez me faire un doigt d\u2019honneur\u00a0?\u00bb, avait alors lanc\u00e9 l\u2019animateur \u00e0 l\u2019homme politique.<\/p>\n<p class=\"fig-paragraph\">Une pique en r\u00e9f\u00e9rence au suppos\u00e9 doigt d\u2019honneur qu\u2019aurait fait\u00a0<a href=\"https:\/\/www.lefigaro.fr\/tag\/jean-luc-melenchon\" target=\"_blank\" rel=\"noopener\" data-gtm-custom-categorie=\"navigation\" data-gtm-custom-action=\"crossclick\" data-gtm-custom-label=\"Contextuel\" data-gtm-event=\"customEventSPE\">Jean-Luc M\u00e9lenchon<\/a>\u00a0\u00e0\u00a0<a href=\"https:\/\/www.lefigaro.fr\/tag\/benjamin-duhamel\" target=\"_blank\" rel=\"noopener\" data-gtm-custom-categorie=\"navigation\" data-gtm-custom-action=\"crossclick\" data-gtm-custom-label=\"Contextuel\" data-gtm-event=\"customEventSPE\">Benjamin Duhamel<\/a>\u00a0sur France Inter la veille, et sur laquelle Bruce Toussaint a voulu revenir. \u00abManuel Bompard est quelqu\u2019un de plus cordial. J\u2019ai d\u00fb l\u2019interviewer 25 fois et je n\u2019ai jamais eu de probl\u00e8me. Je me suis juste permis de lui reposer une question, il s\u2019est un peu agac\u00e9. Ce n\u2019est pas tr\u00e8s grave. Ce sont des choses qui arrivent tr\u00e8s r\u00e9guli\u00e8rement sur les interviews matinales\u00bb, s\u2019est-il justifi\u00e9 ce jeudi 16 octobre sur France 5.<\/p>\n","protected":false},"excerpt":{"rendered":"Anne-\u00c9lisabeth Lemoine dans \u00abC \u00e0 vous\u00bb sur France 5 Capture d&rsquo;\u00e9cran Alors que l\u2019animatrice recevait Bruce Toussaint et&hellip;\n","protected":false},"author":2,"featured_media":469982,"comment_status":"","ping_status":"","sticky":false,"template":"","format":"standard","meta":{"footnotes":""},"categories":[1356],"tags":[5631,5632,58,59,1011,27,4467,252,1364],"class_list":{"0":"post-469981","1":"post","2":"type-post","3":"status-publish","4":"format-standard","5":"has-post-thumbnail","7":"category-television","8":"tag-anne-elisabeth-lemoine","9":"tag-c-a-vous","10":"tag-divertissement","11":"tag-entertainment","12":"tag-fr","13":"tag-france","14":"tag-france-5","15":"tag-television","16":"tag-tv"},"share_on_mastodon":{"url":"https:\/\/pubeurope.com\/@fr\/115389640530885124","error":""},"_links":{"self":[{"href":"https:\/\/www.europesays.com\/fr\/wp-json\/wp\/v2\/posts\/469981","targetHints":{"allow":["GET"]}}],"collection":[{"href":"https:\/\/www.europesays.com\/fr\/wp-json\/wp\/v2\/posts"}],"about":[{"href":"https:\/\/www.europesays.com\/fr\/wp-json\/wp\/v2\/types\/post"}],"author":[{"embeddable":true,"href":"https:\/\/www.europesays.com\/fr\/wp-json\/wp\/v2\/users\/2"}],"replies":[{"embeddable":true,"href":"https:\/\/www.europesays.com\/fr\/wp-json\/wp\/v2\/comments?post=469981"}],"version-history":[{"count":0,"href":"https:\/\/www.europesays.com\/fr\/wp-json\/wp\/v2\/posts\/469981\/revisions"}],"wp:featuredmedia":[{"embeddable":true,"href":"https:\/\/www.europesays.com\/fr\/wp-json\/wp\/v2\/media\/469982"}],"wp:attachment":[{"href":"https:\/\/www.europesays.com\/fr\/wp-json\/wp\/v2\/media?parent=469981"}],"wp:term":[{"taxonomy":"category","embeddable":true,"href":"https:\/\/www.europesays.com\/fr\/wp-json\/wp\/v2\/categories?post=469981"},{"taxonomy":"post_tag","embeddable":true,"href":"https:\/\/www.europesays.com\/fr\/wp-json\/wp\/v2\/tags?post=469981"}],"curies":[{"name":"wp","href":"https:\/\/api.w.org\/{rel}","templated":true}]}}