{"id":469995,"date":"2025-10-17T13:08:11","date_gmt":"2025-10-17T13:08:11","guid":{"rendered":"https:\/\/www.europesays.com\/fr\/469995\/"},"modified":"2025-10-17T13:08:11","modified_gmt":"2025-10-17T13:08:11","slug":"une-reforme-du-vieux-dispositif-des-heures-creuses-vise-a-faire-baisser-les-factures","status":"publish","type":"post","link":"https:\/\/www.europesays.com\/fr\/469995\/","title":{"rendered":"Une r\u00e9forme du vieux dispositif des heures creuses vise \u00e0 faire baisser les factures"},"content":{"rendered":"<p>Du soleil dans les <a href=\"https:\/\/www.20minutes.fr\/dossier\/facture\" class=\"c-link c-link--is-underlined\" rel=\"nofollow noopener\" target=\"_blank\">factures<\/a> d\u2019<a href=\"https:\/\/www.20minutes.fr\/dossier\/electricite\" class=\"c-link c-link--is-underlined\" rel=\"nofollow noopener\" target=\"_blank\">\u00e9lectricit\u00e9<\/a>. A compter du 1er\u00a0novembre, onze millions de foyers vont progressivement b\u00e9n\u00e9ficier d\u2019une r\u00e9forme des heures creuses destin\u00e9e \u00e0 d\u00e9placer une partie de la demande vers l\u2019apr\u00e8s-midi, lorsque la production <a href=\"https:\/\/www.20minutes.fr\/planete\/photovoltaique\/\" class=\"c-link c-link--is-underlined\" rel=\"nofollow noopener\" target=\"_blank\">photovolta\u00efque<\/a> est au plus haut et les prix au plus bas.<\/p>\n<p>Ce changement dans le vieux dispositif des heures creuses\/heures pleines (HC\/HP) vise \u00e0 lisser la consommation d\u2019\u00e9lectricit\u00e9 en incitant les particuliers \u00e0 faire fonctionner leur chauffe-eau, leur s\u00e8che-linge ou recharger leur v\u00e9hicule \u00e9lectrique en dehors des pics de consommation du soir ou du matin.<\/p>\n<p>Outre la baisse des factures, la r\u00e9forme mise en \u0153uvre par Enedis, le gestionnaire du r\u00e9seau de distribution, va aider \u00e0 \u00e9quilibrer le syst\u00e8me \u00e9lectrique et r\u00e9duire le ph\u00e9nom\u00e8ne des prix dits \u00ab\u00a0n\u00e9gatifs\u00a0\u00bb de l\u2019\u00e9lectricit\u00e9, lorsque l\u2019offre est sup\u00e9rieure \u00e0 la demande et que les prix passent en dessous de z\u00e9ro.<\/p>\n<p>\u00ab\u00a0C\u2019est un outil de flexibilit\u00e9 majeur au service du syst\u00e8me \u00e9lectrique gr\u00e2ce au pilotage automatique de certains usages\u00a0\u00bb, explique Timoth\u00e9e Furois, directeur du programme flexibilit\u00e9s d\u2019Enedis. \u00ab\u00a0C\u2019est aussi une opportunit\u00e9 pour les clients d\u2019\u00eatre \u00e0 la fois acteurs de la transition \u00e9nerg\u00e9tique [\u2026] et de b\u00e9n\u00e9ficier de prix plus avantageux\u00a0\u00bb lorsque la \u00ab\u00a0production d\u00e9carbon\u00e9e solaire est la plus abondante\u00a0\u00bb. La r\u00e9forme devrait permettre de d\u00e9placer \u00ab\u00a0de l\u2019ordre de 5 gigawatts (GW) de consommation vers l\u2019apr\u00e8s-midi pendant les mois les plus ensoleill\u00e9s\u00a0\u00bb, estime-t-il. Soit environ l\u2019\u00e9quivalent de cinq r\u00e9acteurs nucl\u00e9aires.<\/p>\n<p class=\"mb-xxl@xs color-ultramarine font-weight-semi-bold@xs font-source-serif-pro heading-s@xs\">L\u2019acc\u00e8s \u00e0 ce contenu a \u00e9t\u00e9 bloqu\u00e9 afin de respecter votre choix de consentement<\/p>\n<p class=\"mb-m@xs text-l@xs\">En cliquant sur\u00ab J\u2019accepte \u00bb, vous acceptez le d\u00e9p\u00f4t de cookies par des services externes et aurez ainsi acc\u00e8s aux contenus de nos partenaires.<\/p>\n<p class=\"mb-xl@xs text-s@xs\">Plus d\u2019informations sur la page<a href=\"https:\/\/www.20minutes.fr\/gestion-cookies\" class=\"mx-xxs@xs color-ultramarine\" rel=\"nofollow noopener\" target=\"_blank\">Politique de gestion des cookies<\/a><\/p>\n<p>J\u2019accepteBoom des \u00e9nergies renouvelables<\/p>\n<p>Les HC\/HP avaient \u00e9t\u00e9 mises en place dans les ann\u00e9es\u00a01960 dans la foul\u00e9e des premi\u00e8res centrales nucl\u00e9aires, pr\u00e9cis\u00e9ment pour d\u00e9placer vers la nuit une partie de la consommation.<\/p>\n<p>La r\u00e9forme actuelle est li\u00e9e au boom des \u00e9nergies renouvelables et rendue possible par les changements de modes vie et de consommation, le t\u00e9l\u00e9travail ou la programmation des appareils \u00e9lectrom\u00e9nagers et chauffe-eau.<\/p>\n<p>\u00ab\u00a0Pas mal de plages d\u2019heures creuses sont plac\u00e9es \u00e0 des moments qui ne sont plus des moments creux pour le syst\u00e8me, et inversement on a assez peu d\u2019heures creuses \u00e0 des moments qui sont utiles pour le consommateur et pour le syst\u00e8me\u00a0\u00bb, expliquait Emmanuelle Wargon, la pr\u00e9sidente de la Commission de r\u00e9gulation de l&rsquo;\u00e9nergie (CRE), en pr\u00e9sentant la r\u00e9forme en f\u00e9vrier.<\/p>\n<p>Rien \u00e0 faire pour les clients<\/p>\n<p>Au total, onze millions de foyers sont concern\u00e9s sur les 14,5 disposant de l\u2019option HP\/HC. Les 3,5\u00a0millions restants b\u00e9n\u00e9ficient d\u00e9j\u00e0 de plages horaires compatibles avec les nouvelles r\u00e8gles.<\/p>\n<p>La r\u00e9forme se fera en deux temps, du 1er\u00a0novembre 2025 \u00e0 octobre\u00a02027, et ne concernera que les clients ayant un compteur communicant Linky. Actuellement, les cr\u00e9neaux d\u2019HP\/HC sont diff\u00e9rents selon les foyers.<\/p>\n","protected":false},"excerpt":{"rendered":"Du soleil dans les factures d\u2019\u00e9lectricit\u00e9. A compter du 1er\u00a0novembre, onze millions de foyers vont progressivement b\u00e9n\u00e9ficier d\u2019une&hellip;\n","protected":false},"author":2,"featured_media":469996,"comment_status":"","ping_status":"","sticky":false,"template":"","format":"standard","meta":{"footnotes":""},"categories":[6],"tags":[47,35,6409,33,34,3674,893,1011,27,24524],"class_list":{"0":"post-469995","1":"post","2":"type-post","3":"status-publish","4":"format-standard","5":"has-post-thumbnail","7":"category-economie","8":"tag-actualite","9":"tag-business","10":"tag-consommateurs","11":"tag-economie","12":"tag-economy","13":"tag-enedis","14":"tag-energie","15":"tag-fr","16":"tag-france","17":"tag-prix-de-lelectricite"},"share_on_mastodon":{"url":"https:\/\/pubeurope.com\/@fr\/115389668091552020","error":""},"_links":{"self":[{"href":"https:\/\/www.europesays.com\/fr\/wp-json\/wp\/v2\/posts\/469995","targetHints":{"allow":["GET"]}}],"collection":[{"href":"https:\/\/www.europesays.com\/fr\/wp-json\/wp\/v2\/posts"}],"about":[{"href":"https:\/\/www.europesays.com\/fr\/wp-json\/wp\/v2\/types\/post"}],"author":[{"embeddable":true,"href":"https:\/\/www.europesays.com\/fr\/wp-json\/wp\/v2\/users\/2"}],"replies":[{"embeddable":true,"href":"https:\/\/www.europesays.com\/fr\/wp-json\/wp\/v2\/comments?post=469995"}],"version-history":[{"count":0,"href":"https:\/\/www.europesays.com\/fr\/wp-json\/wp\/v2\/posts\/469995\/revisions"}],"wp:featuredmedia":[{"embeddable":true,"href":"https:\/\/www.europesays.com\/fr\/wp-json\/wp\/v2\/media\/469996"}],"wp:attachment":[{"href":"https:\/\/www.europesays.com\/fr\/wp-json\/wp\/v2\/media?parent=469995"}],"wp:term":[{"taxonomy":"category","embeddable":true,"href":"https:\/\/www.europesays.com\/fr\/wp-json\/wp\/v2\/categories?post=469995"},{"taxonomy":"post_tag","embeddable":true,"href":"https:\/\/www.europesays.com\/fr\/wp-json\/wp\/v2\/tags?post=469995"}],"curies":[{"name":"wp","href":"https:\/\/api.w.org\/{rel}","templated":true}]}}