{"id":470003,"date":"2025-10-17T13:12:11","date_gmt":"2025-10-17T13:12:11","guid":{"rendered":"https:\/\/www.europesays.com\/fr\/470003\/"},"modified":"2025-10-17T13:12:11","modified_gmt":"2025-10-17T13:12:11","slug":"interpelle-a-la-vogue-des-noix-il-avait-frappe-un-eboueur-au-visage","status":"publish","type":"post","link":"https:\/\/www.europesays.com\/fr\/470003\/","title":{"rendered":"Interpell\u00e9 \u00e0 la vogue des Noix, il avait frapp\u00e9 un \u00e9boueur au visage"},"content":{"rendered":"\n<p>Ce mercredi 15 octobre, en pleine patrouille \u00e0 la f\u00eate foraine de Firminy qui se termine ce dimanche, les policiers sentent une forte odeur de cannabis. Ils d\u00e9cident donc de proc\u00e9der au contr\u00f4le d&rsquo;un jeune homme de 22 ans avant de l&rsquo;interpeller.. C&rsquo;est alors que les policiers se rendent compte qu\u2019il est recherch\u00e9 pour une grosse et grave affaire \u00e0 La Ricamarie.<\/p>\n<p>Le 26 septembre dernier, il avait en effet agress\u00e9 des \u00e9boueurs en pleine tourn\u00e9e, \u00e0 5 heures du matin. Le jeune homme avait d\u2019abord mis le feu \u00e0 une casquette avant de la jeter en direction de la benne \u00e0 ordure sans toucher sa cible. Film\u00e9 par un des \u00e9boueurs pour avoir des preuves, l&rsquo;individu s\u2019\u00e9nerve et monte sur le marche pied du camion pour le frapper au visage et lui casser le nez. L&rsquo;\u00e9boueur a eu 4 jours d\u2019ITT.<\/p>\n<p>L\u2019auteur des faits de 22 ans va d\u00e9sormais \u00eatre convoqu\u00e9 devant la justice pour s&rsquo;expliquer.\u00a0<\/p>\n","protected":false},"excerpt":{"rendered":"Ce mercredi 15 octobre, en pleine patrouille \u00e0 la f\u00eate foraine de Firminy qui se termine ce dimanche,&hellip;\n","protected":false},"author":2,"featured_media":470004,"comment_status":"","ping_status":"","sticky":false,"template":"","format":"standard","meta":{"footnotes":""},"categories":[9653],"tags":[1111,11,2430,3675,1777,674,10282,1011,27,11272,54293,3367,12,1072,25,4001],"class_list":{"0":"post-470003","1":"post","2":"type-post","3":"status-publish","4":"format-standard","5":"has-post-thumbnail","7":"category-saint-etienne","8":"tag-actu","9":"tag-actualites","10":"tag-auvergne-rhone-alpes","11":"tag-cannabis","12":"tag-eu","13":"tag-europe","14":"tag-firminy","15":"tag-fr","16":"tag-france","17":"tag-interpellation","18":"tag-la_ricamarie","19":"tag-loire","20":"tag-news","21":"tag-police","22":"tag-republique-francaise","23":"tag-saint-etienne"},"share_on_mastodon":{"url":"https:\/\/pubeurope.com\/@fr\/115389683728493170","error":""},"_links":{"self":[{"href":"https:\/\/www.europesays.com\/fr\/wp-json\/wp\/v2\/posts\/470003","targetHints":{"allow":["GET"]}}],"collection":[{"href":"https:\/\/www.europesays.com\/fr\/wp-json\/wp\/v2\/posts"}],"about":[{"href":"https:\/\/www.europesays.com\/fr\/wp-json\/wp\/v2\/types\/post"}],"author":[{"embeddable":true,"href":"https:\/\/www.europesays.com\/fr\/wp-json\/wp\/v2\/users\/2"}],"replies":[{"embeddable":true,"href":"https:\/\/www.europesays.com\/fr\/wp-json\/wp\/v2\/comments?post=470003"}],"version-history":[{"count":0,"href":"https:\/\/www.europesays.com\/fr\/wp-json\/wp\/v2\/posts\/470003\/revisions"}],"wp:featuredmedia":[{"embeddable":true,"href":"https:\/\/www.europesays.com\/fr\/wp-json\/wp\/v2\/media\/470004"}],"wp:attachment":[{"href":"https:\/\/www.europesays.com\/fr\/wp-json\/wp\/v2\/media?parent=470003"}],"wp:term":[{"taxonomy":"category","embeddable":true,"href":"https:\/\/www.europesays.com\/fr\/wp-json\/wp\/v2\/categories?post=470003"},{"taxonomy":"post_tag","embeddable":true,"href":"https:\/\/www.europesays.com\/fr\/wp-json\/wp\/v2\/tags?post=470003"}],"curies":[{"name":"wp","href":"https:\/\/api.w.org\/{rel}","templated":true}]}}