{"id":470005,"date":"2025-10-17T13:13:14","date_gmt":"2025-10-17T13:13:14","guid":{"rendered":"https:\/\/www.europesays.com\/fr\/470005\/"},"modified":"2025-10-17T13:13:14","modified_gmt":"2025-10-17T13:13:14","slug":"france-le-pape-nomme-un-nouvel-archeveque-a-bourges","status":"publish","type":"post","link":"https:\/\/www.europesays.com\/fr\/470005\/","title":{"rendered":"France: le Pape nomme un nouvel archev\u00eaque \u00e0 Bourges"},"content":{"rendered":"<p>Le Pape L\u00e9on XIV a nomm\u00e9 Mgr Sylvain Bataille, ce jeudi 16 octobre, archev\u00eaque de Bourges, dans le centre de la France. Il \u00e9tait jusqu\u2019\u00e0 pr\u00e9sent l\u2019\u00e9v\u00eaque de Saint-Etienne. Sa messe d\u2019installation dans son nouveau dioc\u00e8se aura lieu dimanche 30 novembre en la cath\u00e9drale Saint-\u00c9tienne de Bourges.<\/p>\n<p><b>Vatican News<\/b><\/p>\n<p>Le Pape a nomm\u00e9 aujourd\u2019hui Mgr Sylvain Bataille archev\u00eaque de Bourges, le plus grand dioc\u00e8se de France couvrant le Cher et l&rsquo;Indre o\u00f9 il succ\u00e8de \u00e0 <a href=\"https:\/\/www.vaticannews.va\/fr\/eglise\/news\/2025-01\/le-diocese-de-poitiers-a-un-nouvel-archeveque.html\" target=\"_blank\" rel=\"noopener\">Mgr J\u00e9r\u00f4me Beau, devenu archev\u00eaque de Poitiers<\/a> en janvier dernier.<\/p>\n<p>La messe d\u2019installation de Mgr Bataille aura lieu \u00e0 partir de 15h30 le dimanche 30 novembre prochain dans la cath\u00e9drale de Bourges. Celle-ci est d\u00e9di\u00e9e au premier martyr saint \u00c9tienne, le nom du pr\u00e9c\u00e9dent dioc\u00e8se de Mgr Bataille. Le Pape Fran\u00e7ois l\u2019avait nomm\u00e9 \u00e9v\u00eaque de Saint-Etienne dans la Loire en 2016, il y a neuf ans.<\/p>\n<p><b>Lettres aux fid\u00e8les<\/b> <\/p>\n<p>\u00abJe ne pourrai jamais assez dire au Seigneur et \u00e0 chacun ma reconnaissance pour tout ce que j\u2019ai re\u00e7u. J\u2019ai r\u00e9colt\u00e9 l\u00e0 o\u00f9 je n\u2019avais pas sem\u00e9. J\u2019ai essay\u00e9 de semer \u00e0 mon tour, avec vous, dans l\u2019esp\u00e9rance des fruits \u00e0 venir. Que Dieu soit b\u00e9ni pour tout ce que nous avons d\u00e9j\u00e0 vu germer\u00bb, affirme Mgr Bataille dans un message d\u2019aurevoir \u00e0 ses fid\u00e8les de Saint-Etienne. Il sera l\u2019administrateur du dioc\u00e8se, jusqu\u2019\u00e0 son installation \u00e0 la cath\u00e9drale de Bourges.<\/p>\n<p>Dans un message adress\u00e9 aux fid\u00e8les qu\u2019ils rejoindra dans le Berry, Mgr Bataille reconnait qu\u2019\u00abil n\u2019est jamais facile de quitter une \u00c9glise aim\u00e9e, des personnes avec qui j\u2019ai partag\u00e9 tant de tr\u00e8s beaux moments, jusqu\u2019\u00e0 notre f\u00eate dioc\u00e9saine de dimanche dernier\u00bb, soulignant n\u00e9anmoins que le \u00abOui\u00bb \u00e0 sa nomination s\u2019\u00e9tait aussi \u00abimm\u00e9diatement impos\u00e9 comme une \u00e9vidence\u00bb. Un service d\u2019\u00c9glise est toujours pour un temps, \u00e9crit-il. \u00abEt si le Saint-P\u00e8re m\u2019envoie \u00e0 Bourges, c\u2019est donc l\u00e0 que le Seigneur m\u2019attend maintenant, et l\u00e0 qu\u2019il me comblera\u00bb.<\/p>\n<p><b>36 ans de vie sacerdotale<\/b> <\/p>\n<p>N\u00e9 le 22 juillet 1964 \u00e0 Soissons, Sylvain Bataille fr\u00e9quenta le s\u00e9minaire de Paray-le-Monial, puis le s\u00e9minaire fran\u00e7ais de Rome avant de rejoindre l\u2019Institut sup\u00e9rieur de liturgie \u00e0 l\u2019Institut catholique de Paris. Ordonn\u00e9 pr\u00eatre le 11 mars 1989 pour le dioc\u00e8se de Beauvais, o\u00f9 il devient le vicaire de la paroisse Saint-Pierre Saint-Etienne, membre du service dioc\u00e9sain des vocations, et aum\u00f4nier des \u00e9l\u00e8ves de l\u2019enseignement public. En 1995, il devient cur\u00e9 de la paroisse Notre-Dame de Picardie Verte \u00e0 Grandvilliers et responsable du secteur missionnaire de l\u2019Oise normande, et entre en 1999 au conseil \u00e9piscopal du dioc\u00e8se de Beauvais.<\/p>\n<p>Un an apr\u00e8s son ordination, en 1990, le p\u00e8re Bataille fait le choix de rejoindre la <a href=\"https:\/\/sjmv.net\/\" target=\"_blank\" rel=\"external nofollow noopener\">Soci\u00e9t\u00e9 Saint Jean-Marie Vianney<\/a> qui \u00aboffre aux pr\u00eatres dioc\u00e9sains la possibilit\u00e9 de vivre en fraternit\u00e9 avec d\u2019autres pr\u00eatres et de ressourcer leur minist\u00e8re par des sessions de formations et de repos\u00bb. Il devient dix ans plus tard, en 2000, le sup\u00e9rieur du 1er cycle du s\u00e9minaire de la Soci\u00e9t\u00e9 Jean-Marie Vianney \u00e0 Ars, puis en 2003 le sup\u00e9rieur du s\u00e9minaire jusqu\u2019en 2009.<\/p>\n<p>Il est appel\u00e9 \u00e0 Rome en 2009 o\u00f9 il est nomm\u00e9 recteur du s\u00e9minaire pontifical fran\u00e7ais. Une mission de cinq ans. En 2014, il retrouve le dioc\u00e8se de Beauvais \u00e0 la paroisse Saint Fran\u00e7ois du Vexin, puis il est nomm\u00e9 vicaire g\u00e9n\u00e9ral du dioc\u00e8se en 2015, jusqu\u2019\u00e0 sa nomination \u00e9piscopale. Le Pape Fran\u00e7ois l\u2019envoie en effet en 2016 dans le dioc\u00e8se de Saint-Etienne dont il devient l\u2019\u00e9v\u00eaque.<\/p>\n<p>Mgr Bataille est un membre \u00e9lu du Conseil permanent de la conf\u00e9rence des \u00e9v\u00eaques de France.<\/p>\n<p>\u00a0<\/p>\n<p>\u00a0<\/p>\n<p>\u00a0<\/p>\n","protected":false},"excerpt":{"rendered":"Le Pape L\u00e9on XIV a nomm\u00e9 Mgr Sylvain Bataille, ce jeudi 16 octobre, archev\u00eaque de Bourges, dans le&hellip;\n","protected":false},"author":2,"featured_media":470006,"comment_status":"","ping_status":"","sticky":false,"template":"","format":"standard","meta":{"footnotes":""},"categories":[9653],"tags":[1111,11,2430,8305,1777,674,59376,1011,27,12,9350,20114,25,4001],"class_list":{"0":"post-470005","1":"post","2":"type-post","3":"status-publish","4":"format-standard","5":"has-post-thumbnail","7":"category-saint-etienne","8":"tag-actu","9":"tag-actualites","10":"tag-auvergne-rhone-alpes","11":"tag-eglise-catholique","12":"tag-eu","13":"tag-europe","14":"tag-eveques","15":"tag-fr","16":"tag-france","17":"tag-news","18":"tag-nominations","19":"tag-pape-leon-xiv","20":"tag-republique-francaise","21":"tag-saint-etienne"},"share_on_mastodon":{"url":"https:\/\/pubeurope.com\/@fr\/115389687730798517","error":""},"_links":{"self":[{"href":"https:\/\/www.europesays.com\/fr\/wp-json\/wp\/v2\/posts\/470005","targetHints":{"allow":["GET"]}}],"collection":[{"href":"https:\/\/www.europesays.com\/fr\/wp-json\/wp\/v2\/posts"}],"about":[{"href":"https:\/\/www.europesays.com\/fr\/wp-json\/wp\/v2\/types\/post"}],"author":[{"embeddable":true,"href":"https:\/\/www.europesays.com\/fr\/wp-json\/wp\/v2\/users\/2"}],"replies":[{"embeddable":true,"href":"https:\/\/www.europesays.com\/fr\/wp-json\/wp\/v2\/comments?post=470005"}],"version-history":[{"count":0,"href":"https:\/\/www.europesays.com\/fr\/wp-json\/wp\/v2\/posts\/470005\/revisions"}],"wp:featuredmedia":[{"embeddable":true,"href":"https:\/\/www.europesays.com\/fr\/wp-json\/wp\/v2\/media\/470006"}],"wp:attachment":[{"href":"https:\/\/www.europesays.com\/fr\/wp-json\/wp\/v2\/media?parent=470005"}],"wp:term":[{"taxonomy":"category","embeddable":true,"href":"https:\/\/www.europesays.com\/fr\/wp-json\/wp\/v2\/categories?post=470005"},{"taxonomy":"post_tag","embeddable":true,"href":"https:\/\/www.europesays.com\/fr\/wp-json\/wp\/v2\/tags?post=470005"}],"curies":[{"name":"wp","href":"https:\/\/api.w.org\/{rel}","templated":true}]}}