{"id":470019,"date":"2025-10-17T13:20:13","date_gmt":"2025-10-17T13:20:13","guid":{"rendered":"https:\/\/www.europesays.com\/fr\/470019\/"},"modified":"2025-10-17T13:20:13","modified_gmt":"2025-10-17T13:20:13","slug":"une-femme-souffrant-de-troubles-psy-a-lhopital","status":"publish","type":"post","link":"https:\/\/www.europesays.com\/fr\/470019\/","title":{"rendered":"une femme souffrant de \u00ab troubles psy \u00bb \u00e0 l&rsquo;h\u00f4pital"},"content":{"rendered":"<p>            Par<br \/>\n        <strong><br \/>\n            <a href=\"https:\/\/actu.fr\/auteur\/yann-rivallan\" title=\"Consulter tous les articles de Yann Rivallan\" rel=\"nofollow noopener\" target=\"_blank\">Yann Rivallan<\/a><br \/>\n        <\/strong><\/p>\n<p>        Publi\u00e9 le<\/p>\n<p>            17 oct. 2025 \u00e0 14h31        <\/p>\n<p>\u00c0 midi, vendredi 17\u00a0octobre 2025, les pompiers ont \u00e9t\u00e9 mobilis\u00e9s pour <strong>un incendie<\/strong> dans un appartement de la rue Mustel, dans les quartiers ouest de <a href=\"https:\/\/actu.fr\/normandie\/rouen_76540\" rel=\"nofollow noopener\" target=\"_blank\">Rouen<\/a>. Le feu est parti d\u2019un logement <strong>au troisi\u00e8me \u00e9tage<\/strong> d\u2019un immeuble. Les flammes ont rapidement pu \u00eatre ma\u00eetris\u00e9es gr\u00e2ce \u00e0 une lance incendie.<\/p>\n<p>Une victime souffrant \u00ab\u2009de troubles psychologiques\u2009\u00bb<\/p>\n<p class=\" wall-content\">D\u2019apr\u00e8s le service d\u00e9partemental d\u2019incendie et de secours, une seule victime est \u00e0 d\u00e9plorer dans le sinistre\u2009: <strong>une femme de 44\u00a0ans<\/strong>. Selon les pompiers, elle souffrirait de <strong>\u00ab\u2009troubles psychologiques\u2009\u00bb<\/strong>.<\/p>\n<p class=\" wall-content\">L\u00e9g\u00e8rement bless\u00e9e, elle a \u00e9t\u00e9 transport\u00e9e au CHU de Rouen. \u00c0 13h30, la ventilation et le d\u00e9blai de l\u2019appartement \u00e9taient termin\u00e9s. Au total, 16 sapeurs-pompiers et quatre engins ont \u00e9t\u00e9 mobilis\u00e9s.<\/p>\n<p>Suivez l\u2019actualit\u00e9 de Rouen sur <a href=\"https:\/\/www.whatsapp.com\/channel\/0029VaKfnf99hXF2ddApFB1D\" rel=\"nofollow noopener\" target=\"_blank\">notre cha\u00eene WhatsApp<\/a> et sur <a href=\"https:\/\/www.tiktok.com\/@76actu.fr?lang=fr\" rel=\"nofollow noopener\" target=\"_blank\">notre compte TikTok<\/a><\/p>\n<p class=\" wall-content\">Personnalisez votre actualit\u00e9 en ajoutant vos villes et m\u00e9dias en favori avec <a href=\"https:\/\/moncompte.actu.fr\" title=\"D\u00e9couvez Mon Actu\" rel=\"nofollow noopener\" data-trk=\"{&quot;cta&quot;:{&quot;action&quot;:&quot;https:\\\/\\\/moncompte.actu.fr&quot;,&quot;category&quot;:&quot;mon compte&quot;,&quot;from&quot;:&quot;article footer&quot;,&quot;name&quot;:&quot;Mon actu&quot;,&quot;type&quot;:&quot;cta&quot;}}\" target=\"_blank\">Mon Actu<\/a>.<\/p>\n<p>                    <script async src=\"\/\/www.tiktok.com\/embed.js\"><\/script><\/p>\n","protected":false},"excerpt":{"rendered":"Par Yann Rivallan Publi\u00e9 le 17 oct. 2025 \u00e0 14h31 \u00c0 midi, vendredi 17\u00a0octobre 2025, les pompiers ont&hellip;\n","protected":false},"author":2,"featured_media":470020,"comment_status":"","ping_status":"","sticky":false,"template":"","format":"standard","meta":{"footnotes":""},"categories":[9587],"tags":[1111,11,1777,674,118,1011,27,1310,12,5161,1311,25,9590],"class_list":{"0":"post-470019","1":"post","2":"type-post","3":"status-publish","4":"format-standard","5":"has-post-thumbnail","7":"category-rouen","8":"tag-actu","9":"tag-actualites","10":"tag-eu","11":"tag-europe","12":"tag-faits-divers","13":"tag-fr","14":"tag-france","15":"tag-incendie","16":"tag-news","17":"tag-normandie","18":"tag-pompiers","19":"tag-republique-francaise","20":"tag-rouen"},"share_on_mastodon":{"url":"https:\/\/pubeurope.com\/@fr\/115389715100536134","error":""},"_links":{"self":[{"href":"https:\/\/www.europesays.com\/fr\/wp-json\/wp\/v2\/posts\/470019","targetHints":{"allow":["GET"]}}],"collection":[{"href":"https:\/\/www.europesays.com\/fr\/wp-json\/wp\/v2\/posts"}],"about":[{"href":"https:\/\/www.europesays.com\/fr\/wp-json\/wp\/v2\/types\/post"}],"author":[{"embeddable":true,"href":"https:\/\/www.europesays.com\/fr\/wp-json\/wp\/v2\/users\/2"}],"replies":[{"embeddable":true,"href":"https:\/\/www.europesays.com\/fr\/wp-json\/wp\/v2\/comments?post=470019"}],"version-history":[{"count":0,"href":"https:\/\/www.europesays.com\/fr\/wp-json\/wp\/v2\/posts\/470019\/revisions"}],"wp:featuredmedia":[{"embeddable":true,"href":"https:\/\/www.europesays.com\/fr\/wp-json\/wp\/v2\/media\/470020"}],"wp:attachment":[{"href":"https:\/\/www.europesays.com\/fr\/wp-json\/wp\/v2\/media?parent=470019"}],"wp:term":[{"taxonomy":"category","embeddable":true,"href":"https:\/\/www.europesays.com\/fr\/wp-json\/wp\/v2\/categories?post=470019"},{"taxonomy":"post_tag","embeddable":true,"href":"https:\/\/www.europesays.com\/fr\/wp-json\/wp\/v2\/tags?post=470019"}],"curies":[{"name":"wp","href":"https:\/\/api.w.org\/{rel}","templated":true}]}}