{"id":470023,"date":"2025-10-17T13:23:17","date_gmt":"2025-10-17T13:23:17","guid":{"rendered":"https:\/\/www.europesays.com\/fr\/470023\/"},"modified":"2025-10-17T13:23:17","modified_gmt":"2025-10-17T13:23:17","slug":"une-peine-de-20-ans-de-reclusion-requise-contre-laura-allami","status":"publish","type":"post","link":"https:\/\/www.europesays.com\/fr\/470023\/","title":{"rendered":"une peine de 20 ans de r\u00e9clusion requise contre Laura Allami"},"content":{"rendered":"<p>Ce vendredi 17\u00a0octobre, <a href=\"https:\/\/www.ledauphine.com\/faits-divers-justice\/2025\/10\/14\/isere-accusee-d-avoir-tente-d-assassiner-son-amie-en-lui-tirant-dessus-une-femme-de-24-ans-jugee-aux-assises\" target=\"_blank\" rel=\"noopener\">au dernier jour du proc\u00e8s de Laura Allami, 24 ans, jug\u00e9e depuis mercredi pour \u00ab\u00a0tentative d\u2019assassinat\u00a0\u00bb<\/a> , l\u2019avocate g\u00e9n\u00e9rale a requis une peine de 20 ans de r\u00e9clusion criminelle, assortie d\u2019un suivi socio-judiciaire pendant 3 ans. Selon Camille Vigneron, charg\u00e9e de repr\u00e9senter les int\u00e9r\u00eats de la soci\u00e9t\u00e9, \u00ab\u00a0la dangerosit\u00e9 de Laura Allami\u00a0\u00bb est encore trop grande pour envisager une peine plus courte.<\/p>\n<p>La jeune femme est accus\u00e9e d\u2019avoir trouv\u00e9 un pr\u00e9texte pour aller avec celle qu\u2019elle consid\u00e9rait comme sa \u00ab\u00a0meilleure amie\u00a0\u00bb ou sa \u00ab\u00a0s\u0153ur\u00a0\u00bb <a href=\"https:\/\/www.ledauphine.com\/faits-divers-justice\/2025\/10\/15\/accusee-d-avoir-tente-d-assassiner-sa-meilleure-amie-la-vie-de-laura-allami-et-celle-de-sa-famille-passees-au-crible\" target=\"_blank\" rel=\"noopener\">\u00e0 Champagnier, le 4\u00a0mai 2022 et de lui avoir tir\u00e9 dessus \u00e0 plusieurs reprises (au moins 5 fois et au maximum 7),<\/a> avant de quitter les lieux avec le t\u00e9l\u00e9phone et le sac \u00e0 main de la victime, la laissant \u00ab\u00a0pour morte\u00a0\u00bb.<\/p>\n<p>D\u2019apr\u00e8s l\u2019avocate g\u00e9n\u00e9rale, la relation entre les deux femmes, qualifi\u00e9e \u00ab\u00a0d\u2019ambigu\u00eb\u00a0\u00bb s\u2019apparentait \u00e0 celle d\u2019un couple. Et c\u2019est parce que Mona (*) a \u00ab\u00a0d\u00e9cid\u00e9 de rompre avec elle\u00a0\u00bb que Laura lui \u00ab\u00a0a tir\u00e9e dessus\u00a0\u00bb. \u00ab\u00a0Elle ne peut pas supporter cette peur du vide qu\u2019il y aura quand elle ne sera plus l\u00e0. [\u2026] Il y a quelque chose qui s\u2019est bris\u00e9 pour Laura \u00e0 ce moment-l\u00e0, de l\u2019ordre d\u2019une rupture amoureuse\u00a0\u00bb, a-t-elle insist\u00e9.<\/p>\n<p>Pour l\u2019accusation, la pr\u00e9m\u00e9ditation et l\u2019intention homicide ne font aucun doute dans ce dossier, notamment car le t\u00e9l\u00e9phone de Laura Allami a \u00e9t\u00e9 coup\u00e9 peu de temps avant les faits et parce qu\u2019elle a quitt\u00e9 son domicile avec une arme de poing, un P-38 et des munitions ce jour-l\u00e0.<\/p>\n<p>Les avocats de la d\u00e9fense doivent plaider \u00e0 partir de 14\u00a0h\u00a030.<\/p>\n<p>Le verdict est attendu en fin de journ\u00e9e.<\/p>\n<p class=\"note\">(*) Le pr\u00e9nom de la victime a \u00e9t\u00e9 chang\u00e9.\u00a0<\/p>\n","protected":false},"excerpt":{"rendered":"Ce vendredi 17\u00a0octobre, au dernier jour du proc\u00e8s de Laura Allami, 24 ans, jug\u00e9e depuis mercredi pour \u00ab\u00a0tentative&hellip;\n","protected":false},"author":2,"featured_media":470024,"comment_status":"","ping_status":"","sticky":false,"template":"","format":"standard","meta":{"footnotes":""},"categories":[9566],"tags":[1111,11,2430,34631,271,272,112,113,1777,674,274,107,1011,27,2731,2732,108,12,25],"class_list":{"0":"post-470023","1":"post","2":"type-post","3":"status-publish","4":"format-standard","5":"has-post-thumbnail","7":"category-grenoble","8":"tag-actu","9":"tag-actualites","10":"tag-auvergne-rhone-alpes","11":"tag-champagnier","12":"tag-crime","13":"tag-delit-et-contravention","14":"tag-edition-grenoble-agglomeration","15":"tag-edition-gresivaudan-oisans","16":"tag-eu","17":"tag-europe","18":"tag-faits-divers-justice","19":"tag-fil-info","20":"tag-fr","21":"tag-france","22":"tag-grenoble","23":"tag-grenoble-bassin","24":"tag-isere","25":"tag-news","26":"tag-republique-francaise"},"share_on_mastodon":{"url":"https:\/\/pubeurope.com\/@fr\/115389726958178520","error":""},"_links":{"self":[{"href":"https:\/\/www.europesays.com\/fr\/wp-json\/wp\/v2\/posts\/470023","targetHints":{"allow":["GET"]}}],"collection":[{"href":"https:\/\/www.europesays.com\/fr\/wp-json\/wp\/v2\/posts"}],"about":[{"href":"https:\/\/www.europesays.com\/fr\/wp-json\/wp\/v2\/types\/post"}],"author":[{"embeddable":true,"href":"https:\/\/www.europesays.com\/fr\/wp-json\/wp\/v2\/users\/2"}],"replies":[{"embeddable":true,"href":"https:\/\/www.europesays.com\/fr\/wp-json\/wp\/v2\/comments?post=470023"}],"version-history":[{"count":0,"href":"https:\/\/www.europesays.com\/fr\/wp-json\/wp\/v2\/posts\/470023\/revisions"}],"wp:featuredmedia":[{"embeddable":true,"href":"https:\/\/www.europesays.com\/fr\/wp-json\/wp\/v2\/media\/470024"}],"wp:attachment":[{"href":"https:\/\/www.europesays.com\/fr\/wp-json\/wp\/v2\/media?parent=470023"}],"wp:term":[{"taxonomy":"category","embeddable":true,"href":"https:\/\/www.europesays.com\/fr\/wp-json\/wp\/v2\/categories?post=470023"},{"taxonomy":"post_tag","embeddable":true,"href":"https:\/\/www.europesays.com\/fr\/wp-json\/wp\/v2\/tags?post=470023"}],"curies":[{"name":"wp","href":"https:\/\/api.w.org\/{rel}","templated":true}]}}