{"id":470025,"date":"2025-10-17T13:24:13","date_gmt":"2025-10-17T13:24:13","guid":{"rendered":"https:\/\/www.europesays.com\/fr\/470025\/"},"modified":"2025-10-17T13:24:13","modified_gmt":"2025-10-17T13:24:13","slug":"nos-salaries-ont-ete-pris-a-partie-en-ille-et-vilaine-un-evenement-accuse-detre-proche-de-lextreme-droite-annule-sous-la-pression","status":"publish","type":"post","link":"https:\/\/www.europesays.com\/fr\/470025\/","title":{"rendered":"\u00ab Nos salari\u00e9s ont \u00e9t\u00e9 pris \u00e0 partie \u00bb : en Ille-et-Vilaine, un \u00e9v\u00e8nement accus\u00e9 d\u2019\u00eatre proche de l\u2019extr\u00eame droite annul\u00e9 sous la pression"},"content":{"rendered":"<p>\u00ab Suite \u00e0 la pol\u00e9mique n\u00e9e de la p\u00e9tition lanc\u00e9e contre les repas pr\u00e9vus au Ch\u00e2teau des P\u00e8res par la soci\u00e9t\u00e9 Le Canon Fran\u00e7ais, nous avons pris la d\u00e9cision d\u2019annuler l\u2019\u00e9v\u00e9nement \u00bb. C\u2019est par un communiqu\u00e9 que Julien et Jean-Paul Legendre, propri\u00e9taires du Ch\u00e2teau des P\u00e8res, ont annonc\u00e9 l\u2019annulation de l\u2019\u00e9v\u00e8nement attendu par 1 800 personnes les 7, 8 et 9 novembre prochain.<a anchorselected=\"true\" href=\"https:\/\/www.change.org\/p\/p%C3%A9tition-pour-l-annulation-du-banquet-du-canon-fran%C3%A7ais-au-ch%C3%A2teau-des-p%C3%A8res-35\" target=\"_blank\" rel=\"nofollow noopener\"> Ladite p\u00e9tition qui accuse<\/a> l\u2019\u00e9v\u00e8nement \u00ab d\u2019instrumentaliser \u00ab\u00a0la culture traditionnelle et gastronomique\u00a0\u00bb \u00e0 des fins nationalistes et identitaires \u00bb, a re\u00e7u \u00e0 ce jour plus de 600 signatures. Si les banquets du Canon Fran\u00e7ais ont connu des mouvements d\u2019opposition dans d\u2019autres villes de France comme \u00e0 Bourges, c\u2019est la premi\u00e8re fois qu\u2019un de leur \u00e9v\u00e8nement est annul\u00e9.<\/p>\n<p>\u00ab Nous regrettons profond\u00e9ment que des mouvements ext\u00e9rieurs aient cr\u00e9\u00e9 un climat d\u2019agressivit\u00e9 tel que nos \u00e9quipes se retrouvent aujourd\u2019hui en ins\u00e9curit\u00e9, \u00e9crit la famille Legendre. Au cours des derniers jours, plusieurs de nos salari\u00e9s ont \u00e9t\u00e9 pris \u00e0 partie par des personnes ext\u00e9rieures. Face \u00e0 cela, notre priorit\u00e9 absolue est la s\u00e9curit\u00e9 de nos \u00e9quipes \u00bb.<\/p>\n<p>Un contrat de 10 700 euros hors taxe<\/p>\n<p>Le 7 juillet dernier, le Ch\u00e2teau des P\u00e8res avait sign\u00e9 un contrat de location pour sa grande salle avec la soci\u00e9t\u00e9 Le Canon Fran\u00e7ais pour un montant de 10 700 euros hors taxe. \u00ab L\u2019\u00e9v\u00e9nement a \u00e9t\u00e9 sign\u00e9 dans le cadre d\u2019une simple location d\u2019espace, comme pour de nombreux \u00e9v\u00e9nements priv\u00e9s, culturels ou professionnels accueillis tout au long de l\u2019ann\u00e9e. Nous n\u2019avons eu connaissance d\u2019aucune intention politique \u00bb, pr\u00e9cise le communiqu\u00e9. Au moment de la signature, nous ignorions totalement l\u2019existence d\u2019un lien entre ce banquet et un fonds d\u2019investissement appartenant \u00e0 Monsieur St\u00e9rin \u00bb.<\/p>\n<p>En effet, le milliardaire Pierre-Edouard St\u00e9rin, \u00e0 la t\u00eate du projet \u00ab P\u00e9ricles \u00bb qui vise \u00e0 porter une union des droites au pouvoir, est actionnaire du Canon Fran\u00e7ais via le fonds d\u2019investissement Otium Impact depuis fin 2024. De son c\u00f4t\u00e9, Pierre-Alexandre de Boisse, l\u2019un des fondateurs du Canon Fran\u00e7ais se d\u00e9fend de tout lien politique. \u00ab Nous n\u2019avons jamais rencontr\u00e9 ce monsieur. On a tap\u00e9 son nom sur Google, on a vu qu\u2019il \u00e9tait effectivement connot\u00e9 plut\u00f4t conservateur mais \u00e0 l\u2019\u00e9poque il n\u2019y avait pas toutes les pol\u00e9miques \u00bb.<\/p>\n","protected":false},"excerpt":{"rendered":"\u00ab Suite \u00e0 la pol\u00e9mique n\u00e9e de la p\u00e9tition lanc\u00e9e contre les repas pr\u00e9vus au Ch\u00e2teau des P\u00e8res&hellip;\n","protected":false},"author":2,"featured_media":470026,"comment_status":"","ping_status":"","sticky":false,"template":"","format":"standard","meta":{"footnotes":""},"categories":[2821],"tags":[1111,11,829,765,1777,674,1011,27,848,12,584,25],"class_list":{"0":"post-470025","1":"post","2":"type-post","3":"status-publish","4":"format-standard","5":"has-post-thumbnail","7":"category-rennes","8":"tag-actu","9":"tag-actualites","10":"tag-bretagne","11":"tag-en-continu","12":"tag-eu","13":"tag-europe","14":"tag-fr","15":"tag-france","16":"tag-ille-et-vilaine","17":"tag-news","18":"tag-rennes","19":"tag-republique-francaise"},"share_on_mastodon":{"url":"https:\/\/pubeurope.com\/@fr\/115389730915722884","error":""},"_links":{"self":[{"href":"https:\/\/www.europesays.com\/fr\/wp-json\/wp\/v2\/posts\/470025","targetHints":{"allow":["GET"]}}],"collection":[{"href":"https:\/\/www.europesays.com\/fr\/wp-json\/wp\/v2\/posts"}],"about":[{"href":"https:\/\/www.europesays.com\/fr\/wp-json\/wp\/v2\/types\/post"}],"author":[{"embeddable":true,"href":"https:\/\/www.europesays.com\/fr\/wp-json\/wp\/v2\/users\/2"}],"replies":[{"embeddable":true,"href":"https:\/\/www.europesays.com\/fr\/wp-json\/wp\/v2\/comments?post=470025"}],"version-history":[{"count":0,"href":"https:\/\/www.europesays.com\/fr\/wp-json\/wp\/v2\/posts\/470025\/revisions"}],"wp:featuredmedia":[{"embeddable":true,"href":"https:\/\/www.europesays.com\/fr\/wp-json\/wp\/v2\/media\/470026"}],"wp:attachment":[{"href":"https:\/\/www.europesays.com\/fr\/wp-json\/wp\/v2\/media?parent=470025"}],"wp:term":[{"taxonomy":"category","embeddable":true,"href":"https:\/\/www.europesays.com\/fr\/wp-json\/wp\/v2\/categories?post=470025"},{"taxonomy":"post_tag","embeddable":true,"href":"https:\/\/www.europesays.com\/fr\/wp-json\/wp\/v2\/tags?post=470025"}],"curies":[{"name":"wp","href":"https:\/\/api.w.org\/{rel}","templated":true}]}}