{"id":470033,"date":"2025-10-17T13:28:12","date_gmt":"2025-10-17T13:28:12","guid":{"rendered":"https:\/\/www.europesays.com\/fr\/470033\/"},"modified":"2025-10-17T13:28:12","modified_gmt":"2025-10-17T13:28:12","slug":"nice-une-mosquee-mise-sous-tutelle-par-la-justice-apres-des-soupcons-de-detournements-de-fonds","status":"publish","type":"post","link":"https:\/\/www.europesays.com\/fr\/470033\/","title":{"rendered":"Nice : une mosqu\u00e9e mise sous tutelle par la justice apr\u00e8s des soup\u00e7ons de d\u00e9tournements de fonds"},"content":{"rendered":"<p class=\"p1\">Ce mercredi 15 octobre, <a href=\"https:\/\/www.valeursactuelles.com\/societe\/marseille-la-mosquee-des-bleuets-geree-par-un-imam-accuse-de-legitimer-le-djihad-reste-ouverte\" target=\"_blank\" rel=\"noopener\">la mosqu\u00e9e<\/a> En-Nour \u00e0 Nice a \u00e9t\u00e9 plac\u00e9e sous tutelle. La pr\u00e9sidente du tribunal d\u2019instance a ainsi donn\u00e9 raison \u00e0 Adil Echaoui, le pr\u00e9sident de l\u2019association socioculturelle et cultuelle de Nice-La Plaine. Ce dernier s\u2019\u00e9tait inqui\u00e9t\u00e9 \u00ab\u00a0de l\u2019opacit\u00e9 des comptes de la mosqu\u00e9e \u00bb. En effet, comme le rapporte <a href=\"https:\/\/www.nicematin.com\/societe\/justice\/des-centaines-de-milliers-d-euros-sans-tracabilite-face-a-l-opacite-des-comptes-la-mosquee-en-nour-mise-sous-tutelle-a-nice-10652669\" target=\"_blank\" rel=\"nofollow noopener\">Nice-Matin<\/a>, le lieu de culte fait l\u2019objet de nombreuses interrogations sur la gestion des fonds apr\u00e8s que 126 000 euros en liquide ont \u00e9t\u00e9 retrouv\u00e9s dans le coffre-fort du bureau de <a href=\"https:\/\/www.valeursactuelles.com\/clubvaleurs\/societe\/cet-ancien-imam-salafiste-devait-islamiser-leurope\" target=\"_blank\" rel=\"noopener\">l\u2019imam<\/a>, Mahmoud Benzamia.<\/p>\n<p><a href=\"https:\/\/www.valeursactuelles.com\/clubvaleurs\/societe\/marseille-fermeture-menaces-suspension-la-mosquee-des-bleuets-episode-7725\" class=\"h-flex h-align-items-center h-border-tb h-ptb-15\" target=\"_blank\" rel=\"noopener\">A\u00a0LIRE\u00a0Marseille : fermeture, menaces, suspension\u2026 La mosqu\u00e9e des Bleuets fait encore parler d\u2019elle<\/a>                    <img decoding=\"async\" src=\"https:\/\/www.europesays.com\/fr\/wp-content\/uploads\/2025\/10\/1760707692_34_maxresdefault.jpg\" alt=\"Vid\u00e9o YouTube\" style=\"width: 100%; height: auto; display: block;\"\/><\/p>\n<p>                        Chargement\u2026                    <\/p>\n<p class=\"p1\">\u00ab On a un restaurant sous bail, douze ou treize parkings sous bail, sans qu\u2019on ne connaisse le montant des loyers. On a des dons de fid\u00e8les, dont on ne sait pas o\u00f9 ils vont \u00bb, affirme Ma\u00eetre C\u00e9dric Bianchi, l\u2019avocat d\u2019Adil Echaoui. \u00ab 126 000 euros en esp\u00e8ces \u2013 pas justifi\u00e9s et pas justifiables \u2013 ont \u00e9t\u00e9 retrouv\u00e9s dans le coffre-fort du bureau de l\u2019imam. On parle de centaines de milliers d\u2019euros sur lesquelles on n\u2019a aucune tra\u00e7abilit\u00e9 \u00bb, a plaid\u00e9 le conseil du pr\u00e9sident lors d\u2019une audience le 7 octobre.<\/p>\n<p>Des menaces de mort \u00e0 l\u2019encontre d\u2019Adil Echaoui<\/p>\n<p class=\"p1\">\u00ab\u00a0Ces 126 000 euros, ce n\u2019est pas de l\u2019argent suspect, c\u2019est le denier du culte. On parle de d\u00e9tournements. Mais de quels d\u00e9tournements ?\u00a0\u00bb, s\u2019interrogeait, quant \u00e0 lui, Ma\u00eetre Beno\u00eet Nordmann, \u00e0 la d\u00e9fense de l\u2019imam Mahmoud Benzamia. \u00ab De quoi parle-t-on, finalement : de deux petits ch\u00e8ques de 600 euros dont on ne sait pas d\u2019o\u00f9 ils viennent ? Nous non plus, on ne sait pas d\u2019o\u00f9 ils viennent\u2026 \u00bb, avait-il ajout\u00e9.<\/p>\n<p class=\"p1\">Dans le m\u00eame temps, l\u2019avocat d\u2019Adil Echaoui avait alors r\u00e9clam\u00e9 que la mosqu\u00e9e soit plac\u00e9e sous le contr\u00f4le d\u2019un administrateur judiciaire car son client \u00e9tait \u00ab la cible de menaces physiques, de menaces de mort \u00bb. Le juge lui a donc donn\u00e9 raison puisque l\u2019ordonnance de r\u00e9f\u00e9r\u00e9 du tribunal est ex\u00e9cutoire \u00e0 titre provisoire.<\/p>\n","protected":false},"excerpt":{"rendered":"Ce mercredi 15 octobre, la mosqu\u00e9e En-Nour \u00e0 Nice a \u00e9t\u00e9 plac\u00e9e sous tutelle. La pr\u00e9sidente du tribunal&hellip;\n","protected":false},"author":2,"featured_media":470034,"comment_status":"","ping_status":"","sticky":false,"template":"","format":"standard","meta":{"footnotes":""},"categories":[2819],"tags":[1111,11,2398,1777,674,1011,27,26519,303,14577,12,2401,882,25],"class_list":{"0":"post-470033","1":"post","2":"type-post","3":"status-publish","4":"format-standard","5":"has-post-thumbnail","7":"category-nice","8":"tag-actu","9":"tag-actualites","10":"tag-detournement-de-fonds","11":"tag-eu","12":"tag-europe","13":"tag-fr","14":"tag-france","15":"tag-imam","16":"tag-justice","17":"tag-mosquee","18":"tag-news","19":"tag-nice","20":"tag-provence-alpes-cote-dazur","21":"tag-republique-francaise"},"share_on_mastodon":{"url":"https:\/\/pubeurope.com\/@fr\/115389747428455683","error":""},"_links":{"self":[{"href":"https:\/\/www.europesays.com\/fr\/wp-json\/wp\/v2\/posts\/470033","targetHints":{"allow":["GET"]}}],"collection":[{"href":"https:\/\/www.europesays.com\/fr\/wp-json\/wp\/v2\/posts"}],"about":[{"href":"https:\/\/www.europesays.com\/fr\/wp-json\/wp\/v2\/types\/post"}],"author":[{"embeddable":true,"href":"https:\/\/www.europesays.com\/fr\/wp-json\/wp\/v2\/users\/2"}],"replies":[{"embeddable":true,"href":"https:\/\/www.europesays.com\/fr\/wp-json\/wp\/v2\/comments?post=470033"}],"version-history":[{"count":0,"href":"https:\/\/www.europesays.com\/fr\/wp-json\/wp\/v2\/posts\/470033\/revisions"}],"wp:featuredmedia":[{"embeddable":true,"href":"https:\/\/www.europesays.com\/fr\/wp-json\/wp\/v2\/media\/470034"}],"wp:attachment":[{"href":"https:\/\/www.europesays.com\/fr\/wp-json\/wp\/v2\/media?parent=470033"}],"wp:term":[{"taxonomy":"category","embeddable":true,"href":"https:\/\/www.europesays.com\/fr\/wp-json\/wp\/v2\/categories?post=470033"},{"taxonomy":"post_tag","embeddable":true,"href":"https:\/\/www.europesays.com\/fr\/wp-json\/wp\/v2\/tags?post=470033"}],"curies":[{"name":"wp","href":"https:\/\/api.w.org\/{rel}","templated":true}]}}