{"id":47004,"date":"2025-04-23T16:29:22","date_gmt":"2025-04-23T16:29:22","guid":{"rendered":"https:\/\/www.europesays.com\/fr\/47004\/"},"modified":"2025-04-23T16:29:22","modified_gmt":"2025-04-23T16:29:22","slug":"la-region-confie-la-gestion-des-bourses-au-crous-de-nantes","status":"publish","type":"post","link":"https:\/\/www.europesays.com\/fr\/47004\/","title":{"rendered":"La R\u00e9gion confie la gestion des bourses au Crous de Nantes"},"content":{"rendered":"<p>Les r\u00e9gions, dont la R\u00e9gion des Pays de la Loire, sont responsables de l\u2019instruction et du versement des bourses d\u2019\u00e9tudes pour les \u00e9tudiants des fili\u00e8res sanitaires et sociales. Afin d\u2019all\u00e9ger les d\u00e9marches administratives, la R\u00e9gion a confi\u00e9, en son nom et pour son compte cette gestion, pour les trois prochaines ann\u00e9es, au Crous de Nantes-Pays de la Loire. Ce dernier prendra en charge l\u2019ensemble des dossiers de demande de bourses.<\/p>\n<p>Faciliter les d\u00e9marches administratives<\/p>\n<p>\u00a0Cette d\u00e9l\u00e9gation de service s\u2019inscrit pleinement dans notre projet de r\u00e9seau dont l\u2019un des axes consiste justement \u00e0 lutter contre le non-recours en simplifiant et en facilitant les d\u00e9marches administratives pour les \u00e9tudiants\u00a0, explique B\u00e9n\u00e9dicte Durand, pr\u00e9sidente du Cnous.<\/p>\n<p><strong>\u00c0 lire aussi\u00a0: <\/strong> <a href=\"https:\/\/nantes.maville.com\/sport\/detail_-pendant-les-vacances-la-vie-estudiantine-continue-ete-actif-et-sportif-sur-le-campus-a-nantes-_52716-5900132_actu.Htm?utm_source=troove&amp;utm_medium=site\" target=\"_blank\" rel=\"noopener\"> <strong>Pendant les vacances, la vie estudiantine continue\u00a0: \u00ab\u00a0\u00c9t\u00e9 actif\u00a0\u00bb et sportif sur le campus \u00e0 Nantes<\/strong> <\/a><\/p>\n<p>Ce sont d\u00e9sormais plus de 2\u00a0250\u00a0\u00e9tudiants boursiers, sur un total de 10\u00a0400\u00a0\u00e9tudiants des fili\u00e8res sanitaires et sociales de la r\u00e9gion, qui verront leur dossier pris en charge par le Crous. Ces \u00e9tudiants sont invit\u00e9s \u00e0 d\u00e9poser leur demande de bourse via la plateforme nationale meservices.etudiant.gouv.fr.<\/p>\n<p>\u00a0<\/p>\n","protected":false},"excerpt":{"rendered":"Les r\u00e9gions, dont la R\u00e9gion des Pays de la Loire, sont responsables de l\u2019instruction et du versement des&hellip;\n","protected":false},"author":2,"featured_media":47005,"comment_status":"","ping_status":"","sticky":false,"template":"","format":"standard","meta":{"footnotes":""},"categories":[2818],"tags":[1111,11,5738,6074,13684,1777,674,1011,27,2861,766,12,2636,16,25,6689,9693],"class_list":{"0":"post-47004","1":"post","2":"type-post","3":"status-publish","4":"format-standard","5":"has-post-thumbnail","7":"category-nantes","8":"tag-actu","9":"tag-actualites","10":"tag-bourses","11":"tag-confie","12":"tag-crous","13":"tag-eu","14":"tag-europe","15":"tag-fr","16":"tag-france","17":"tag-gestion","18":"tag-nantes","19":"tag-news","20":"tag-pays-de-la-loire","21":"tag-region","22":"tag-republique-francaise","23":"tag-roche","24":"tag-yon"},"share_on_mastodon":{"url":"https:\/\/pubeurope.com\/@fr\/114388229519565967","error":""},"_links":{"self":[{"href":"https:\/\/www.europesays.com\/fr\/wp-json\/wp\/v2\/posts\/47004","targetHints":{"allow":["GET"]}}],"collection":[{"href":"https:\/\/www.europesays.com\/fr\/wp-json\/wp\/v2\/posts"}],"about":[{"href":"https:\/\/www.europesays.com\/fr\/wp-json\/wp\/v2\/types\/post"}],"author":[{"embeddable":true,"href":"https:\/\/www.europesays.com\/fr\/wp-json\/wp\/v2\/users\/2"}],"replies":[{"embeddable":true,"href":"https:\/\/www.europesays.com\/fr\/wp-json\/wp\/v2\/comments?post=47004"}],"version-history":[{"count":0,"href":"https:\/\/www.europesays.com\/fr\/wp-json\/wp\/v2\/posts\/47004\/revisions"}],"wp:featuredmedia":[{"embeddable":true,"href":"https:\/\/www.europesays.com\/fr\/wp-json\/wp\/v2\/media\/47005"}],"wp:attachment":[{"href":"https:\/\/www.europesays.com\/fr\/wp-json\/wp\/v2\/media?parent=47004"}],"wp:term":[{"taxonomy":"category","embeddable":true,"href":"https:\/\/www.europesays.com\/fr\/wp-json\/wp\/v2\/categories?post=47004"},{"taxonomy":"post_tag","embeddable":true,"href":"https:\/\/www.europesays.com\/fr\/wp-json\/wp\/v2\/tags?post=47004"}],"curies":[{"name":"wp","href":"https:\/\/api.w.org\/{rel}","templated":true}]}}