{"id":470055,"date":"2025-10-17T13:39:29","date_gmt":"2025-10-17T13:39:29","guid":{"rendered":"https:\/\/www.europesays.com\/fr\/470055\/"},"modified":"2025-10-17T13:39:29","modified_gmt":"2025-10-17T13:39:29","slug":"a-marseille-la-bonne-mere-retrouve-leclat-de-sa-couronne-marquant-la-fin-du-chantier","status":"publish","type":"post","link":"https:\/\/www.europesays.com\/fr\/470055\/","title":{"rendered":"A Marseille, la Bonne M\u00e8re retrouve l&rsquo;\u00e9clat de sa couronne marquant la fin du chantier"},"content":{"rendered":"<p>\u00ab\u00a0Il s&rsquo;agit du couronnement de la Vierge Marie, mais aussi du couronnement du chantier\u00a0\u00bb, s&rsquo;enthousiasme aupr\u00e8s de l&rsquo;AFP le p\u00e8re Olivier Spinosa, recteur de Notre-Dame de la Garde.<\/p>\n<p>La couronne de 150 kilos et de 1,50 m de diam\u00e8tre enti\u00e8rement redor\u00e9e \u00e0 l&rsquo;or fin a \u00e9t\u00e9 plac\u00e9e dans une caisse en bois, puis sangl\u00e9e et transport\u00e9e en h\u00e9licopt\u00e8re.<\/p>\n<p>Avant d&rsquo;\u00eatre viss\u00e9e sur le sommet de la statue, un joint en plomb a \u00e9t\u00e9 pos\u00e9 pour assurer l&rsquo;\u00e9tanch\u00e9it\u00e9 de la couronne. Puis la coiffe a \u00e9t\u00e9 d\u00e9licatement install\u00e9e sur la t\u00eate de la vierge \u00e0 l&rsquo;enfant monumentale de Notre-Dame de la Garde, point culminant de la 2e ville de France, ont constat\u00e9 des journalistes l&rsquo;AFP.<\/p>\n<p>Le 13 ao\u00fbt, pour la premi\u00e8re fois depuis 1870, la couronne de la Bonne M\u00e8re a quitt\u00e9 le point le plus haut de la basilique. Apr\u00e8s une restauration minutieuse confi\u00e9e \u00e0 un compagnon chaudronnier aixois, elle est revenue au sanctuaire pour \u00eatre redor\u00e9e par des artisans des Ateliers Gohard.<\/p>\n<p>\u00ab\u00a0Aujourd&rsquo;hui, ce sont les derniers gestes des compagnons qui sont au sommet du clocher pour mettre leur derni\u00e8re touche \u00e0 la couronne de la Vierge et le chantier sera termin\u00e9\u00a0\u00bb, explique Xavier David, le ma\u00eetre d&rsquo;oeuvre des travaux.<\/p>\n<p><img alt=\"Des ouvriers remettent en place la couronne dor\u00e9e de la statue de la Bonne M\u00e8re, \u00e0 Marseille, le 17 octobre 2025\" loading=\"lazy\" decoding=\"async\" data-nimg=\"fill\" class=\" TwicCore_img__i9TC1 undefined  undefined\" style=\"position:absolute;height:100%;width:100%;left:0;top:0;right:0;bottom:0;color:transparent;background-size:cover;background-position:50% 50%;background-repeat:no-repeat;background-image:url(&quot;data:image\/svg+xml;charset=utf-8,%3Csvg xmlns='http:\/\/www.w3.org\/2000\/svg' %3E%3Cfilter id='b' color-interpolation-filters='sRGB'%3E%3CfeGaussianBlur stdDeviation='20'\/%3E%3CfeColorMatrix values='1 0 0 0 0 0 1 0 0 0 0 0 1 0 0 0 0 0 100 -1' result='s'\/%3E%3CfeFlood x='0' y='0' width='100%25' height='100%25'\/%3E%3CfeComposite operator='out' in='s'\/%3E%3CfeComposite in2='SourceGraphic'\/%3E%3CfeGaussianBlur stdDeviation='20'\/%3E%3C\/filter%3E%3Cimage width='100%25' height='100%25' x='0' y='0' preserveAspectRatio='none' style='filter: url(%23b);' href='https:\/\/pictures.laprovence.com\/cdn-cgi\/image\/blur=250\/media\/afp\/5ad7478ca2da7659a69cc8e0748288e29cbc9c91.jpg'\/%3E%3C\/svg%3E&quot;)\"   src=\"https:\/\/www.europesays.com\/fr\/wp-content\/uploads\/2025\/10\/5ad7478ca2da7659a69cc8e0748288e29cbc9c91.jpg\"\/>Des ouvriers remettent en place la couronne dor\u00e9e de la statue de la Bonne M\u00e8re, \u00e0 Marseille, le 17 octobre 2025 PHOTO AFP \/ Christophe SIMON<\/p>\n<p>Cette \u00e9tape majeure du chantier de restauration intervient alors que la dorure touche \u00e0 sa fin, apr\u00e8s la pose en septembre de pr\u00e8s de 40.000 feuilles d&rsquo;or sur la statue de la vierge \u00e0 l&rsquo;enfant protectrice de la cit\u00e9 phoc\u00e9enne. <\/p>\n<p>L&rsquo;id\u00e9e \u00e9tait de lui redonner l&rsquo;\u00e9clat qu&rsquo;elle avait perdu \u00e0 cause du mistral, de l&rsquo;air marin et de la pollution industrielle.<\/p>\n<p>Les \u00e9chafaudages seront bient\u00f4t d\u00e9mont\u00e9s et les Marseillais retrouveront une vue d\u00e9gag\u00e9e sur la basilique.<\/p>\n<p>Avant de lancer ces travaux, le dioc\u00e8se de Marseille, propri\u00e9taire de l&rsquo;\u00e9difice, avait lanc\u00e9 une campagne de dons, proposant aux particuliers de financer une des feuilles d&rsquo;or qui ont \u00e9t\u00e9 n\u00e9cessaires \u00e0 l&rsquo;ouvrage. <\/p>\n<p>Les travaux, qui concernent \u00e9galement le pi\u00e9destal, les anges et les fa\u00e7ades, auront co\u00fbt\u00e9 environ 2,8 millions d&rsquo;euros, dont 2,2 millions rien que pour la redorure.<\/p>\n<p>La fin des op\u00e9rations est pr\u00e9vue le 7 d\u00e9cembre.<\/p>\n","protected":false},"excerpt":{"rendered":"\u00ab\u00a0Il s&rsquo;agit du couronnement de la Vierge Marie, mais aussi du couronnement du chantier\u00a0\u00bb, s&rsquo;enthousiasme aupr\u00e8s de l&rsquo;AFP&hellip;\n","protected":false},"author":2,"featured_media":470056,"comment_status":"","ping_status":"","sticky":false,"template":"","format":"standard","meta":{"footnotes":""},"categories":[2814],"tags":[17,1111,11,11690,36869,1777,674,1011,27,329,59377,41133,884,5875,12,882,25,4256],"class_list":{"0":"post-470055","1":"post","2":"type-post","3":"status-publish","4":"format-standard","5":"has-post-thumbnail","7":"category-marseille","8":"tag-17","9":"tag-actu","10":"tag-actualites","11":"tag-bonne","12":"tag-couronne","13":"tag-eu","14":"tag-europe","15":"tag-fr","16":"tag-france","17":"tag-france-monde","18":"tag-leclat","19":"tag-marquant","20":"tag-marseille","21":"tag-mere","22":"tag-news","23":"tag-provence-alpes-cote-dazur","24":"tag-republique-francaise","25":"tag-retrouve"},"share_on_mastodon":{"url":"https:\/\/pubeurope.com\/@fr\/115389790495008649","error":""},"_links":{"self":[{"href":"https:\/\/www.europesays.com\/fr\/wp-json\/wp\/v2\/posts\/470055","targetHints":{"allow":["GET"]}}],"collection":[{"href":"https:\/\/www.europesays.com\/fr\/wp-json\/wp\/v2\/posts"}],"about":[{"href":"https:\/\/www.europesays.com\/fr\/wp-json\/wp\/v2\/types\/post"}],"author":[{"embeddable":true,"href":"https:\/\/www.europesays.com\/fr\/wp-json\/wp\/v2\/users\/2"}],"replies":[{"embeddable":true,"href":"https:\/\/www.europesays.com\/fr\/wp-json\/wp\/v2\/comments?post=470055"}],"version-history":[{"count":0,"href":"https:\/\/www.europesays.com\/fr\/wp-json\/wp\/v2\/posts\/470055\/revisions"}],"wp:featuredmedia":[{"embeddable":true,"href":"https:\/\/www.europesays.com\/fr\/wp-json\/wp\/v2\/media\/470056"}],"wp:attachment":[{"href":"https:\/\/www.europesays.com\/fr\/wp-json\/wp\/v2\/media?parent=470055"}],"wp:term":[{"taxonomy":"category","embeddable":true,"href":"https:\/\/www.europesays.com\/fr\/wp-json\/wp\/v2\/categories?post=470055"},{"taxonomy":"post_tag","embeddable":true,"href":"https:\/\/www.europesays.com\/fr\/wp-json\/wp\/v2\/tags?post=470055"}],"curies":[{"name":"wp","href":"https:\/\/api.w.org\/{rel}","templated":true}]}}