{"id":470057,"date":"2025-10-17T13:40:09","date_gmt":"2025-10-17T13:40:09","guid":{"rendered":"https:\/\/www.europesays.com\/fr\/470057\/"},"modified":"2025-10-17T13:40:09","modified_gmt":"2025-10-17T13:40:09","slug":"loctogenaire-suit-une-ado-et-lagresse-sexuellement","status":"publish","type":"post","link":"https:\/\/www.europesays.com\/fr\/470057\/","title":{"rendered":"l&rsquo;octog\u00e9naire suit une ado et l&rsquo;agresse sexuellement"},"content":{"rendered":"<p itemprop=\"description\"><strong>Ce lundi apr\u00e8s-midi, une adolescente a remarqu\u00e9 le curieux man\u00e8ge d&rsquo;un individu qui la suivait alors qu&rsquo;elle marchait dans les rues de Villefranche-sur-Sa\u00f4ne.<\/strong><\/p>\n<p>La jeune de 16 ans s&rsquo;est alors engouffr\u00e9e dans une laverie, mais l&rsquo;homme \u00e2g\u00e9 de 81 ans est \u00e9galement entr\u00e9 dans le local. L\u00e0, il l&rsquo;a agress\u00e9 sexuellement en lui touchant les fesses et en l&#8217;embrassant sur la joue.<\/p>\n<p>L&rsquo;adolescente est parvenue \u00e0 s&rsquo;enfuir et \u00e0 trouver de l&rsquo;aide dans un autre commerce caladois.<\/p>\n<p>Gr\u00e2ce \u00e0 la vid\u00e9osurveillance, l&rsquo;agresseur pr\u00e9sum\u00e9 a \u00e9t\u00e9 identifi\u00e9 et convoqu\u00e9 au commissariat. Il n&rsquo;a pas d&rsquo;ant\u00e9c\u00e9dents judiciaires.<\/p>\n<p>Lors de sa garde \u00e0 vue, il a ni\u00e9 les faits.<\/p>\n<p>Laiss\u00e9 libre sous contr\u00f4le judiciaire \u00e0 l&rsquo;issue de l&rsquo;audition, l&rsquo;octog\u00e9naire sera jug\u00e9 en d\u00e9cembre et fera d&rsquo;ici l\u00e0 l&rsquo;objet d&rsquo;une expertise psychiatrique.<\/p>\n","protected":false},"excerpt":{"rendered":"Ce lundi apr\u00e8s-midi, une adolescente a remarqu\u00e9 le curieux man\u00e8ge d&rsquo;un individu qui la suivait alors qu&rsquo;elle marchait&hellip;\n","protected":false},"author":2,"featured_media":470058,"comment_status":"","ping_status":"","sticky":false,"template":"","format":"standard","meta":{"footnotes":""},"categories":[1889],"tags":[1111,11,2813,2190,2430,1109,251,1112,2811,1777,674,118,1011,27,1922,1110,1114,2428,2810,12,241,316,25,2812,517,800],"class_list":{"0":"post-470057","1":"post","2":"type-post","3":"status-publish","4":"format-standard","5":"has-post-thumbnail","7":"category-lyon","8":"tag-actu","9":"tag-actualites","10":"tag-article","11":"tag-asvel","12":"tag-auvergne-rhone-alpes","13":"tag-breves","14":"tag-culture","15":"tag-depeches","16":"tag-economique","17":"tag-eu","18":"tag-europe","19":"tag-faits-divers","20":"tag-fr","21":"tag-france","22":"tag-info","23":"tag-informations","24":"tag-infos","25":"tag-lyon","26":"tag-lyonmag","27":"tag-news","28":"tag-ol","29":"tag-politique","30":"tag-republique-francaise","31":"tag-sociale","32":"tag-sport","33":"tag-transports"},"share_on_mastodon":{"url":"https:\/\/pubeurope.com\/@fr\/115389793812725283","error":""},"_links":{"self":[{"href":"https:\/\/www.europesays.com\/fr\/wp-json\/wp\/v2\/posts\/470057","targetHints":{"allow":["GET"]}}],"collection":[{"href":"https:\/\/www.europesays.com\/fr\/wp-json\/wp\/v2\/posts"}],"about":[{"href":"https:\/\/www.europesays.com\/fr\/wp-json\/wp\/v2\/types\/post"}],"author":[{"embeddable":true,"href":"https:\/\/www.europesays.com\/fr\/wp-json\/wp\/v2\/users\/2"}],"replies":[{"embeddable":true,"href":"https:\/\/www.europesays.com\/fr\/wp-json\/wp\/v2\/comments?post=470057"}],"version-history":[{"count":0,"href":"https:\/\/www.europesays.com\/fr\/wp-json\/wp\/v2\/posts\/470057\/revisions"}],"wp:featuredmedia":[{"embeddable":true,"href":"https:\/\/www.europesays.com\/fr\/wp-json\/wp\/v2\/media\/470058"}],"wp:attachment":[{"href":"https:\/\/www.europesays.com\/fr\/wp-json\/wp\/v2\/media?parent=470057"}],"wp:term":[{"taxonomy":"category","embeddable":true,"href":"https:\/\/www.europesays.com\/fr\/wp-json\/wp\/v2\/categories?post=470057"},{"taxonomy":"post_tag","embeddable":true,"href":"https:\/\/www.europesays.com\/fr\/wp-json\/wp\/v2\/tags?post=470057"}],"curies":[{"name":"wp","href":"https:\/\/api.w.org\/{rel}","templated":true}]}}