{"id":470062,"date":"2025-10-17T13:43:11","date_gmt":"2025-10-17T13:43:11","guid":{"rendered":"https:\/\/www.europesays.com\/fr\/470062\/"},"modified":"2025-10-17T13:43:11","modified_gmt":"2025-10-17T13:43:11","slug":"ligne-6-rer-e-les-perturbations-du-week-end-des-18-et-19-octobre-dans-les-transports","status":"publish","type":"post","link":"https:\/\/www.europesays.com\/fr\/470062\/","title":{"rendered":"Ligne 6, RER\u00a0E\u2026 Les perturbations du week-end des 18 et 19\u00a0octobre dans les transports"},"content":{"rendered":"<p class=\"paragraph text_align_left lp-f-body-02\">Les chantiers de modernisation se poursuivent ce week-end des 18 et 19\u00a0octobre sur les lignes de transports en commun d\u2019Ile-de-France. Voici les lignes touch\u00e9es par des interruptions de trafic.<\/p>\n<p>RER\u00a0C<\/p>\n<p class=\"paragraph text_align_left lp-f-body-02\">Le trafic sera interrompu, dimanche en soir\u00e9e, entre Dourdan et Paris Austerlitz. Le dernier train au d\u00e9part de Dourdan pour Paris Austerlitz est pr\u00e9vu \u00e0 21h07. Le dernier train au d\u00e9part de Paris Austerlitz pour Dourdan, \u00e0 22h15<\/p>\n<p class=\"paragraph text_align_left lp-f-body-02\">Le trafic sera aussi interrompu, le m\u00eame jour entre Saint-Martin-d\u2019Etampes et Paris Austerlitz. Avec un dernier train au d\u00e9part de Saint-Martin-d\u2019\u00c9tampes pour Paris Austerlitz \u00e0 21h41, et au d\u00e9part de Paris Austerlitz pour Saint-Martin-d\u2019Etampes \u00e0 22h45<\/p>\n<p class=\"paragraph text_align_left lp-f-body-02\">Un service de bus de remplacement est mis en place, avec desserte des gares interm\u00e9diaires.<\/p>\n<p>RER\u00a0D<\/p>\n<p class=\"paragraph text_align_left lp-f-body-02\">Samedi et dimanche, entre Villeneuve-Saint-Georges et Melun, un train sur deux circulera entre ces deux gares. Le trafic sera aussi stopp\u00e9 entre Corbeil-Essonnes et Melun samedi et dimanche. Un service de bus de remplacement sera mis en place, avec desserte des gares interm\u00e9diaires.<\/p>\n<p>RER\u00a0E<\/p>\n<p class=\"paragraph text_align_left lp-f-body-02\">\u00c0 partir de 22h25, dimanche, les trains ne rouleront pas entre Nanterre-la-Folie et Villiers-sur-Marne ainsi qu\u2019entre Nanterre-la-Folie et Tournan.<\/p>\n<p>Ligne 6<\/p>\n<p class=\"paragraph text_align_left lp-f-body-02\">Samedi et dimanche, le trafic est coup\u00e9 sur toute la ligne 6 du m\u00e9tro parisien, entre Charles-de-Gaulle \u2013 \u00c9toile et Nation, en raison de travaux de modernisation. A noter que la ligne sera \u00e9galement ferm\u00e9e \u00e0 partir du lundi 20\u00a0octobre, et jusqu\u2019au 30\u00a0octobre, entre Place d\u2019Italie et La\u00a0Motte-Picquet \u2013 Grenelle.<\/p>\n","protected":false},"excerpt":{"rendered":"Les chantiers de modernisation se poursuivent ce week-end des 18 et 19\u00a0octobre sur les lignes de transports en&hellip;\n","protected":false},"author":2,"featured_media":470063,"comment_status":"","ping_status":"","sticky":false,"template":"","format":"standard","meta":{"footnotes":""},"categories":[1592],"tags":[1111,11,1777,674,1011,27,662,1944,12,626,25,2382],"class_list":{"0":"post-470062","1":"post","2":"type-post","3":"status-publish","4":"format-standard","5":"has-post-thumbnail","7":"category-ile-de-france","8":"tag-actu","9":"tag-actualites","10":"tag-eu","11":"tag-europe","12":"tag-fr","13":"tag-france","14":"tag-ile-de-france","15":"tag-ma-ville","16":"tag-news","17":"tag-paris","18":"tag-republique-francaise","19":"tag-transport-idf-oise"},"share_on_mastodon":{"url":"https:\/\/pubeurope.com\/@fr\/115389805636854920","error":""},"_links":{"self":[{"href":"https:\/\/www.europesays.com\/fr\/wp-json\/wp\/v2\/posts\/470062","targetHints":{"allow":["GET"]}}],"collection":[{"href":"https:\/\/www.europesays.com\/fr\/wp-json\/wp\/v2\/posts"}],"about":[{"href":"https:\/\/www.europesays.com\/fr\/wp-json\/wp\/v2\/types\/post"}],"author":[{"embeddable":true,"href":"https:\/\/www.europesays.com\/fr\/wp-json\/wp\/v2\/users\/2"}],"replies":[{"embeddable":true,"href":"https:\/\/www.europesays.com\/fr\/wp-json\/wp\/v2\/comments?post=470062"}],"version-history":[{"count":0,"href":"https:\/\/www.europesays.com\/fr\/wp-json\/wp\/v2\/posts\/470062\/revisions"}],"wp:featuredmedia":[{"embeddable":true,"href":"https:\/\/www.europesays.com\/fr\/wp-json\/wp\/v2\/media\/470063"}],"wp:attachment":[{"href":"https:\/\/www.europesays.com\/fr\/wp-json\/wp\/v2\/media?parent=470062"}],"wp:term":[{"taxonomy":"category","embeddable":true,"href":"https:\/\/www.europesays.com\/fr\/wp-json\/wp\/v2\/categories?post=470062"},{"taxonomy":"post_tag","embeddable":true,"href":"https:\/\/www.europesays.com\/fr\/wp-json\/wp\/v2\/tags?post=470062"}],"curies":[{"name":"wp","href":"https:\/\/api.w.org\/{rel}","templated":true}]}}