{"id":470072,"date":"2025-10-17T13:48:15","date_gmt":"2025-10-17T13:48:15","guid":{"rendered":"https:\/\/www.europesays.com\/fr\/470072\/"},"modified":"2025-10-17T13:48:15","modified_gmt":"2025-10-17T13:48:15","slug":"un-militaire-abat-un-camarade-et-se-suicide-dans-une-base-pres-de-moscou","status":"publish","type":"post","link":"https:\/\/www.europesays.com\/fr\/470072\/","title":{"rendered":"Un militaire abat un camarade et se suicide dans une base pr\u00e8s de Moscou"},"content":{"rendered":"<p>Un militaire <a href=\"https:\/\/www.20minutes.fr\/dossier\/russe\" class=\"c-link c-link--is-underlined\" target=\"_blank\" rel=\"noopener\">russe <\/a>a abattu vendredi l\u2019un de ses camarades avant de se suicider dans une base de l\u2019arm\u00e9e russe de la r\u00e9gion de <a href=\"https:\/\/www.20minutes.fr\/monde\/moscou\/\" class=\"c-link c-link--is-underlined\" target=\"_blank\" rel=\"noopener\">Moscou<\/a>, ont annonc\u00e9 les autorit\u00e9s cit\u00e9es par les agences de presse. \u00ab\u00a0Le 17 octobre, pendant la nuit, dans l\u2019enceinte d\u2019une base militaire de la r\u00e9gion de Moscou, un soldat en mission \u00e0 un poste d\u2019observation a viol\u00e9 les r\u00e8gles de maniement des armes et bless\u00e9 mortellement un soldat\u00a0\u00bb, a indiqu\u00e9 le service de presse du district <a href=\"https:\/\/www.20minutes.fr\/dossier\/militaire\" class=\"c-link c-link--is-underlined\" target=\"_blank\" rel=\"noopener\">militaire <\/a>de Moscou, cit\u00e9 par l\u2019agence officielle TASS. Ce militaire s\u2019est ensuite suicid\u00e9, pr\u00e9cise cette source, soulignant que sa victime \u00e9tait un soldat professionnel sous contrat avec l\u2019arm\u00e9e russe. Aucune motivation pour son geste n\u2019a \u00e9t\u00e9 avanc\u00e9e \u00e0 ce stade. L\u2019arm\u00e9e a ouvert une enqu\u00eate.<\/p>\n<\/p>\n<p>Pas un cas isol\u00e9<\/p>\n<p>Le m\u00e9dia russe Ren-TV a pour sa part affirm\u00e9 que trois autres personnes pourraient avoir \u00e9t\u00e9 bless\u00e9es et que l\u2019auteur des tirs serait un conscrit, c\u2019est-\u00e0-dire un soldat effectuant son service militaire obligatoire, d\u2019une dur\u00e9e d\u2019un an en Russie. Les meurtres et suicides sur des bases militaires russes ne sont pas exceptionnels, notamment apr\u00e8s des bizutages et abus commis \u00e0 l\u2019encontre de conscrits.<\/p>\n<p>En octobre\u00a02019, un conscrit de 19 ans avait par exemple ouvert le feu alors qu\u2019il prenait son tour de garde dans sa base militaire de Sib\u00e9rie, tuant huit camarades dont deux officiers. Quelques semaines plus tard, il avait d\u00e9crit dans une lettre son \u00ab\u00a0enfer\u00a0\u00bb et expliqu\u00e9 qu\u2019il subissait des s\u00e9vices r\u00e9guliers. Il avait \u00e9t\u00e9 condamn\u00e9 \u00e0 24 ans de <a href=\"https:\/\/www.20minutes.fr\/dossier\/prison\" class=\"c-link c-link--is-underlined\" target=\"_blank\" rel=\"noopener\">prison<\/a>.<\/p>\n<p>L\u2019arm\u00e9e russe m\u00e8ne actuellement sa campagne de conscription d\u2019automne et compte recruter dans ce cadre 135.000 jeunes hommes \u00e2g\u00e9s de 18 \u00e0 30 ans qui, selon les autorit\u00e9s, seront cantonn\u00e9s \u00e0 des t\u00e2ches subalternes en Russie et ne seront pas d\u00e9ploy\u00e9s sur le front en Ukraine.<\/p>\n","protected":false},"excerpt":{"rendered":"Un militaire russe a abattu vendredi l\u2019un de ses camarades avant de se suicider dans une base de&hellip;\n","protected":false},"author":2,"featured_media":470073,"comment_status":"","ping_status":"","sticky":false,"template":"","format":"standard","meta":{"footnotes":""},"categories":[1591],"tags":[47,11,13632,1887,131,74,1916,12,8013,1885,1886,132,27323],"class_list":{"0":"post-470072","1":"post","2":"type-post","3":"status-publish","4":"format-standard","5":"has-post-thumbnail","7":"category-russie","8":"tag-actualite","9":"tag-actualites","10":"tag-automne","11":"tag-federation-de-russie","12":"tag-guerre-en-ukraine","13":"tag-monde","14":"tag-moscou","15":"tag-news","16":"tag-russe","17":"tag-russia","18":"tag-russian-federation","19":"tag-russie","20":"tag-siberie"},"share_on_mastodon":{"url":"https:\/\/pubeurope.com\/@fr\/115389825324230359","error":""},"_links":{"self":[{"href":"https:\/\/www.europesays.com\/fr\/wp-json\/wp\/v2\/posts\/470072","targetHints":{"allow":["GET"]}}],"collection":[{"href":"https:\/\/www.europesays.com\/fr\/wp-json\/wp\/v2\/posts"}],"about":[{"href":"https:\/\/www.europesays.com\/fr\/wp-json\/wp\/v2\/types\/post"}],"author":[{"embeddable":true,"href":"https:\/\/www.europesays.com\/fr\/wp-json\/wp\/v2\/users\/2"}],"replies":[{"embeddable":true,"href":"https:\/\/www.europesays.com\/fr\/wp-json\/wp\/v2\/comments?post=470072"}],"version-history":[{"count":0,"href":"https:\/\/www.europesays.com\/fr\/wp-json\/wp\/v2\/posts\/470072\/revisions"}],"wp:featuredmedia":[{"embeddable":true,"href":"https:\/\/www.europesays.com\/fr\/wp-json\/wp\/v2\/media\/470073"}],"wp:attachment":[{"href":"https:\/\/www.europesays.com\/fr\/wp-json\/wp\/v2\/media?parent=470072"}],"wp:term":[{"taxonomy":"category","embeddable":true,"href":"https:\/\/www.europesays.com\/fr\/wp-json\/wp\/v2\/categories?post=470072"},{"taxonomy":"post_tag","embeddable":true,"href":"https:\/\/www.europesays.com\/fr\/wp-json\/wp\/v2\/tags?post=470072"}],"curies":[{"name":"wp","href":"https:\/\/api.w.org\/{rel}","templated":true}]}}