{"id":470074,"date":"2025-10-17T13:49:15","date_gmt":"2025-10-17T13:49:15","guid":{"rendered":"https:\/\/www.europesays.com\/fr\/470074\/"},"modified":"2025-10-17T13:49:15","modified_gmt":"2025-10-17T13:49:15","slug":"lue-sera-satisfaite-si-elle-contribue-a-une-paix-durable-en-ukraine","status":"publish","type":"post","link":"https:\/\/www.europesays.com\/fr\/470074\/","title":{"rendered":"L&rsquo;UE sera satisfaite \u00ab\u00a0si elle contribue \u00e0 une paix durable en Ukraine\u00a0\u00bb"},"content":{"rendered":"<p>AA \/ Bruxelles \/ Serife Cetin<\/p>\n<p>L&rsquo;Union europ\u00e9enne (UE) a d\u00e9clar\u00e9, au sujet de la possibilit\u00e9 d&rsquo;une rencontre entre le pr\u00e9sident am\u00e9ricain Donald Trump et le pr\u00e9sident russe Vladimir Poutine \u00e0 Budapest, capitale de la Hongrie : \u00ab Si cette rencontre a lieu et qu&rsquo;elle contribue \u00e0 une paix durable en Ukraine, nous l&rsquo;accueillerons avec satisfaction. \u00bb<\/p>\n<p>Olof Gill, porte-parole de la Commission europ\u00e9enne, s&rsquo;est exprim\u00e9 \u00e0 ce sujet lors d&rsquo;une conf\u00e9rence de presse quotidienne.<\/p>\n<p>Gill a soulign\u00e9 que l&rsquo;UE prenait toutes les mesures n\u00e9cessaires pour continuer \u00e0 soutenir l&rsquo;Ukraine et affaiblir les capacit\u00e9s de la Russie, ajoutant que la Russie devait mettre fin \u00e0 sa \u00ab guerre absurde et ill\u00e9gale \u00bb.<\/p>\n<p>\u00ab Si la rencontre (Trump-Poutine) a lieu et qu&rsquo;elle contribue \u00e0 une paix durable en Ukraine, nous nous en r\u00e9jouirons \u00bb, a d\u00e9clar\u00e9 Gill.<\/p>\n<p>Reconnaissant que parfois, dans le \u00ab monde r\u00e9el \u00bb, les choses ne se passent pas comme pr\u00e9vu et que les r\u00e9unions ne peuvent pas toujours se d\u00e9rouler comme souhait\u00e9, Gill a ajout\u00e9 : \u00ab Mais si cela permet d&rsquo;instaurer une paix durable et \u00e9quitable en Ukraine, alors nous devons nous en r\u00e9jouir. \u00bb<\/p>\n<p>&#8211; Aucune interdiction de voyager n&rsquo;est impos\u00e9e \u00e0 Poutine<\/p>\n<p>Anitta Hipper, porte-parole de la Commission europ\u00e9enne, a rappel\u00e9 que l&rsquo;Union soutenait la paix et, dans ce cadre, les efforts du pr\u00e9sident am\u00e9ricain Trump.<\/p>\n<p>Quant \u00e0 savoir s&rsquo;il y avait un probl\u00e8me \u00e0 ce que la r\u00e9union se tienne en Hongrie, pays membre de l&rsquo;UE, Hipper a indiqu\u00e9 qu&rsquo;il existait des sanctions visant \u00e0 geler les avoirs du pr\u00e9sident russe Poutine et du ministre des Affaires \u00e9trang\u00e8res Sergue\u00ef Lavrov, mais qu&rsquo;il n&rsquo;y avait pas d&rsquo;interdiction de voyager.<\/p>\n<p>Interrog\u00e9e sur la validit\u00e9 en Hongrie de la d\u00e9cision d&rsquo;arrestation prise par la Cour p\u00e9nale internationale (CPI) \u00e0 l&rsquo;encontre de Vladimir Poutine, Hipper a r\u00e9pondu : \u00ab Ces d\u00e9cisions sont prises par les \u00c9tats membres. \u00bb<\/p>\n<p>Anouar El Anouni, porte-parole de la Commission europ\u00e9enne, a \u00e9galement d\u00e9clar\u00e9 que l&rsquo;UE soutenait la CPI et les principes \u00e9nonc\u00e9s dans le Statut de Rome, et qu&rsquo;elle respectait l&rsquo;ind\u00e9pendance et l&rsquo;impartialit\u00e9 de la Cour.<\/p>\n<p>\u00ab La pleine coop\u00e9ration avec la Cour implique \u00e9galement l&rsquo;ex\u00e9cution imm\u00e9diate des mandats d&rsquo;arr\u00eat en attente et la conclusion d&rsquo;accords volontaires \u00bb, a d\u00e9clar\u00e9 El Anouni, soulignant que les d\u00e9cisions des \u00c9tats membres de se retirer de la CPI entreraient en vigueur un an apr\u00e8s leur notification.<\/p>\n<p>Le pr\u00e9sident am\u00e9ricain Trump a d\u00e9clar\u00e9 que sa rencontre avec le pr\u00e9sident russe Poutine \u00e0 Budapest, la capitale de la Hongrie, pourrait avoir lieu \u00ab dans deux semaines \u00bb.<\/p>\n<p>Trump a d\u00e9clar\u00e9 : \u00ab Je fais cela uniquement pour eux. Je ne le fais pas pour nous. Il y a un oc\u00e9an entre nous. Je le fais aussi pour aider l&rsquo;Europe. Ils veulent y mettre fin, mais ils n&rsquo;y parviennent pas. Moi, je peux le faire. \u00bb<\/p>\n<p>* Traduit du turc par Serap Dogansoy<\/p>\n<p>                            &#13;<br \/>\n                                <a href=\"https:\/\/www.aa.com.tr\/fr\/p\/abonnement\/1001\" target=\"_blank\" style=\"font-size:12px; color:#444; text-decoration:none;\" rel=\"nofollow noopener\">&#13;<br \/>\n                                    Seulement une partie des d\u00e9p\u00eaches, que l&rsquo;Agence Anadolu diffuse \u00e0 ses abonn\u00e9s via le Syst\u00e8me de Diffusion interne (HAS), est diffus\u00e9e sur le site de l&rsquo;AA, de mani\u00e8re r\u00e9sum\u00e9e. <b style=\"color:#1897F7\">Contactez-nous s&rsquo;il vous pla\u00eet pour vous abonner.<\/b>&#13;<br \/>\n                                <\/a>&#13;<\/p>\n","protected":false},"excerpt":{"rendered":"AA \/ Bruxelles \/ Serife Cetin L&rsquo;Union europ\u00e9enne (UE) a d\u00e9clar\u00e9, au sujet de la possibilit\u00e9 d&rsquo;une rencontre&hellip;\n","protected":false},"author":2,"featured_media":470075,"comment_status":"","ping_status":"","sticky":false,"template":"","format":"standard","meta":{"footnotes":""},"categories":[1590],"tags":[11,1785,1777,674,12,36728,132,467,1778,220],"class_list":{"0":"post-470074","1":"post","2":"type-post","3":"status-publish","4":"format-standard","5":"has-post-thumbnail","7":"category-ukraine","8":"tag-actualites","9":"tag-anadolu-ajansi","10":"tag-eu","11":"tag-europe","12":"tag-news","13":"tag-putin","14":"tag-russie","15":"tag-trump","16":"tag-ue","17":"tag-ukraine"},"share_on_mastodon":{"url":"https:\/\/pubeurope.com\/@fr\/115389829332109673","error":""},"_links":{"self":[{"href":"https:\/\/www.europesays.com\/fr\/wp-json\/wp\/v2\/posts\/470074","targetHints":{"allow":["GET"]}}],"collection":[{"href":"https:\/\/www.europesays.com\/fr\/wp-json\/wp\/v2\/posts"}],"about":[{"href":"https:\/\/www.europesays.com\/fr\/wp-json\/wp\/v2\/types\/post"}],"author":[{"embeddable":true,"href":"https:\/\/www.europesays.com\/fr\/wp-json\/wp\/v2\/users\/2"}],"replies":[{"embeddable":true,"href":"https:\/\/www.europesays.com\/fr\/wp-json\/wp\/v2\/comments?post=470074"}],"version-history":[{"count":0,"href":"https:\/\/www.europesays.com\/fr\/wp-json\/wp\/v2\/posts\/470074\/revisions"}],"wp:featuredmedia":[{"embeddable":true,"href":"https:\/\/www.europesays.com\/fr\/wp-json\/wp\/v2\/media\/470075"}],"wp:attachment":[{"href":"https:\/\/www.europesays.com\/fr\/wp-json\/wp\/v2\/media?parent=470074"}],"wp:term":[{"taxonomy":"category","embeddable":true,"href":"https:\/\/www.europesays.com\/fr\/wp-json\/wp\/v2\/categories?post=470074"},{"taxonomy":"post_tag","embeddable":true,"href":"https:\/\/www.europesays.com\/fr\/wp-json\/wp\/v2\/tags?post=470074"}],"curies":[{"name":"wp","href":"https:\/\/api.w.org\/{rel}","templated":true}]}}