{"id":470078,"date":"2025-10-17T13:51:16","date_gmt":"2025-10-17T13:51:16","guid":{"rendered":"https:\/\/www.europesays.com\/fr\/470078\/"},"modified":"2025-10-17T13:51:16","modified_gmt":"2025-10-17T13:51:16","slug":"le-pape-recevra-le-couple-royal-britannique-le-23-octobre-au-vatican","status":"publish","type":"post","link":"https:\/\/www.europesays.com\/fr\/470078\/","title":{"rendered":"Le Pape recevra le couple royal britannique le 23 octobre au Vatican"},"content":{"rendered":"<p>Le Saint-Si\u00e8ge et le palais de Buckingham confirment la visite d&rsquo;\u00c9tat du roi Charles et de la reine Camilla au Vatican jeudi prochain. Une liturgie sera pr\u00e9sid\u00e9e par le Pape et par l\u2019archev\u00eaque d\u2019York dans la chapelle Sixtine, t\u00e9moignant de l\u2019importance \u0153cum\u00e9nique de ce d\u00e9placement. Une attention particuli\u00e8re sera \u00e9galement accord\u00e9e \u00e0 l&rsquo;\u00e9cologie int\u00e9grale. Charles III se verra conf\u00e9rer le titre de Royal Confrater \u00e0 la basilique Saint-Paul-hors-les-Murs. <\/p>\n<p><b>Benedetta Capelli \u2013 Cit\u00e9 du Vatican<\/b><\/p>\n<p>Le couple royal britannique est attendu jeudi 23 octobre au Vatican. Le protocole suit celui des visites d&rsquo;\u00c9tat, rapporte la Salle de presse du Saint-Si\u00e8ge. \u00c0 10h45, apr\u00e8s avoir franchi l&rsquo;Arco delle Campane, les souverains seront accueillis dans la cour Saint Damase du palais apostolique. \u00c0 11h, une audience priv\u00e9e avec le Pape est pr\u00e9vue dans la biblioth\u00e8que du palais apostolique, tandis qu&rsquo;\u00e0 11h45 se tiendront des rencontres parall\u00e8les: la reine Camilla visitera la chapelle Pauline tandis que le roi Charles s&rsquo;entretiendra \u00e0 la Secr\u00e9tairerie d&rsquo;\u00c9tat avec le cardinal Pietro Parolin. \u00c0 12h10, le Pape pr\u00e9sidera une pri\u00e8re \u0153cum\u00e9nique pour la sauvegarde de la Cr\u00e9ation dans la chapelle Sixtine. \u00c0 l&rsquo;issue de la c\u00e9l\u00e9bration, une rencontre avec des acteurs engag\u00e9s dans la sauvegarde de la maison commune aura lieu dans la Sala Regia. Dans l&rsquo;apr\u00e8s-midi, \u00e0 14h45, les souverains du Royaume-Uni de Grande-Bretagne et d&rsquo;Irlande du Nord ainsi que des royaumes du Commonwealth se rendront \u00e0 la basilique Saint-Paul-hors-les-Murs o\u00f9 le roi Charles se verra d\u00e9cerner le titre de Royal Confrater.<\/p>\n<p>Buckingham Palace a \u00e9galement confirm\u00e9 cette visite \u00abhistorique\u00bb qui, selon un communiqu\u00e9, refl\u00e9tera le th\u00e8me du Jubil\u00e9 \u00abP\u00e8lerins d&rsquo;esp\u00e9rance\u00bb et reconna\u00eetra le travail \u0153cum\u00e9nique accompli par les deux parties.<\/p>\n<p><b>Les d\u00e9tails de la visite<\/b> <\/p>\n<p>L&rsquo;\u0153cum\u00e9nisme et la sauvegarde de la cr\u00e9ation seront au c\u0153ur de cette visite, comme cela fut indiqu\u00e9 ce vendredi matin lors d\u2019une conf\u00e9rence en Salle de presse du Saint-Si\u00e8ge, par deux personnalit\u00e9s curiales: le secr\u00e9taire du dicast\u00e8re pour la Promotion de l&rsquo;unit\u00e9 des chr\u00e9tiens, Mgr Flavio Pace, et s\u0153ur Alessandra Smerilli, secr\u00e9taire du dicast\u00e8re pour le Service du d\u00e9veloppement humain int\u00e9gral.<\/p>\n<p>Initialement pr\u00e9vue en avril, cette visite d&rsquo;\u00c9tat, effectu\u00e9e selon la volont\u00e9 du roi Charles, est li\u00e9e au dixi\u00e8me anniversaire de Laudato si&rsquo; et a une importante dimension spirituelle, \u00e9tant donn\u00e9 que le roi britannique est le gouverneur supr\u00eame de l&rsquo;\u00c9glise d&rsquo;Angleterre. Mgr Pace a pr\u00e9cis\u00e9 que Sa Majest\u00e9 souhaitait \u00e9galement participer \u00e0 une liturgie.<\/p>\n<p><b>L&rsquo;hymne de Saint Ambroise<\/b> <\/p>\n<p>      <a href=\"https:\/\/www.vaticannews.va\/fr\/vatican\/news\/2025-10\/cardinal-koch-archeveque-canterbury-femme-sarah-mullally-eglise.html\" title=\"Les f\u00e9licitations du Vatican au nouveau Primat de l&#039;\u00c9glise anglicane\" target=\"_blank\" rel=\"noopener\"><\/p>\n<p>         <img decoding=\"async\" src=\"data:image\/gif;base64,R0lGODlhAQABAIAAAAAAAP\/\/\/yH5BAEAAAAALAAAAAABAAEAAAIBRAA7\" data-original=\"https:\/\/www.vaticannews.va\/content\/dam\/vaticannews\/agenzie\/images\/reuters\/2025\/10\/03\/12\/1759488086282.JPG\/_jcr_content\/renditions\/cq5dam.thumbnail.cropped.500.281.jpeg\" alt=\"Les f\u00e9licitations du Vatican au nouveau Primat de l'\u00c9glise anglicane\"\/><\/p>\n<p>       <\/a><\/p>\n<p>\n       L\u2019\u00e9v\u00eaque de Londres, Sarah Mullally, a \u00e9t\u00e9 d\u00e9sign\u00e9e vendredi 3 octobre archev\u00eaque de Canterbury. Elle devient la premi\u00e8re femme \u00e0 prendre la direction de l\u2019\u00c9glise d\u2019Angleterre. Le &#8230;\n      <\/p>\n<p> <\/p>\n<p>Cette liturgie sera pr\u00e9sid\u00e9e par le Pape L\u00e9on XIV et l&rsquo;archev\u00eaque d&rsquo;York Stephen Cottrell, dans la chapelle Sixtine, sur le th\u00e8me de la sauvegarde de la maison commune. Les psaumes et les lectures seront centr\u00e9s sur la louange \u00e0 Dieu cr\u00e9ateur. Mgr Pace a soulign\u00e9 que le caract\u00e8re \u0153cum\u00e9nique se refl\u00e8te \u00e9galement dans l&rsquo;hymne qui sera chant\u00e9 au d\u00e9but. Le texte est de saint Ambroise de Milan, mais il sera chant\u00e9 dans une traduction anglaise de saint John Henry Newman, anglican pendant la moiti\u00e9 de sa vie et catholique pendant l&rsquo;autre moiti\u00e9. Le 1er novembre prochain, comme l&rsquo;a annonc\u00e9 le Pape, le saint britannique sera d\u00e9clar\u00e9 docteur de l&rsquo;\u00c9glise, et une importante d\u00e9l\u00e9gation de l&rsquo;\u00c9glise anglicane se rendra place Saint-Pierre ; le roi Charles lui-m\u00eame \u00e9tait pr\u00e9sent \u00e0 la canonisation du cardinal en 2019.<\/p>\n<p>La liturgie de jeudi sera anim\u00e9e par les ch\u0153urs de la Chapelle Sixtine et les enfants de la Chapelle royale du palais Saint James \u00e0 Londres, ainsi que par le ch\u0153ur de la chapelle Saint-Georges du ch\u00e2teau de Windsor.<\/p>\n<p>    <img decoding=\"async\" src=\"data:image\/gif;base64,R0lGODlhAQABAIAAAAAAAP\/\/\/yH5BAEAAAAALAAAAAABAAEAAAIBRAA7\" data-original=\"https:\/\/www.vaticannews.va\/content\/dam\/vaticannews\/multimedia\/2025\/ottobre\/17\/06.jpg\/_jcr_content\/renditions\/cq5dam.thumbnail.cropped.750.422.jpeg\" alt=\"Le titre conf\u00e9r\u00e9 au roi Charles III.\" title=\"Le titre conf\u00e9r\u00e9 au roi Charles III.\"\/><\/p>\n<p>\n   Le titre conf\u00e9r\u00e9 au roi Charles III.\n  <\/p>\n<p><b>Le titre pour le roi Charles<\/b> <\/p>\n<p>Dans l&rsquo;apr\u00e8s-midi du 23 octobre, le couple royal se rendra \u00e0 la basilique Saint-Paul-hors-les-Murs qui, avec l&rsquo;abbaye b\u00e9n\u00e9dictine attenante, entretient des liens \u00e9troits avec la Couronne d&rsquo;Angleterre. Il est significatif, a fait remarquer le secr\u00e9taire du dicast\u00e8re pour la Promotion de l&rsquo;unit\u00e9 des chr\u00e9tiens, que les armoiries de l&rsquo;abbaye arborent l&rsquo;insigne de l&rsquo;Ordre de la Jarreti\u00e8re, l&rsquo;une des plus hautes distinctions honorifiques anglaises. En raison des liens historiques et des progr\u00e8s accomplis sur la voie de la r\u00e9conciliation entre l&rsquo;\u00c9glise de Rome et l&rsquo;\u00c9glise d&rsquo;Angleterre, l&rsquo;archipr\u00eatre de la basilique, le cardinal James Michael Harvey, et l&rsquo;abb\u00e9 de la communaut\u00e9 monastique, dom Donato Ogliari, avec l&rsquo;approbation du Pape L\u00e9on XIV, conf\u00e9reront le titre de Royal Confrater de Saint-Paul \u00e0 Sa Majest\u00e9 le roi Charles III. \u00abUn signe d&rsquo;honneur et de communion spirituelle\u00bb, a expliqu\u00e9 Mgr Flavio Pace. Pour l&rsquo;occasion, un si\u00e8ge a \u00e9t\u00e9 cr\u00e9\u00e9, arborant les armoiries du roi Charles ainsi que la phrase latine Ut unum sint \u2013 \u00abQue tous soient un\u00bb, citation tir\u00e9e du chapitre 17 de l&rsquo;\u00c9vangile selon saint Jean. Le roi s&rsquo;assi\u00e9ra sur ce si\u00e8ge pendant la c\u00e9r\u00e9monie, puis il restera dans l&rsquo;abside de la basilique pour \u00eatre utilis\u00e9 \u00e0 l&rsquo;avenir par Sa Majest\u00e9 et ses successeurs.<\/p>\n<p>    <img decoding=\"async\" src=\"data:image\/gif;base64,R0lGODlhAQABAIAAAAAAAP\/\/\/yH5BAEAAAAALAAAAAABAAEAAAIBRAA7\" data-original=\"https:\/\/www.vaticannews.va\/content\/dam\/vaticannews\/multimedia\/2025\/ottobre\/17\/05.jpg\/_jcr_content\/renditions\/cq5dam.thumbnail.cropped.750.422.jpeg\" alt=\"Un si\u00e8ge a \u00e9t\u00e9 cr\u00e9\u00e9, arborant les armoiries du roi Charles ainsi que la phrase latine Ut unum sint, tir\u00e9e de l'\u00c9vangile de Jean.\" title=\"Un si\u00e8ge a \u00e9t\u00e9 cr\u00e9\u00e9, arborant les armoiries du roi Charles ainsi que la phrase latine Ut unum sint, tir\u00e9e de l'\u00c9vangile de Jean.\"\/><\/p>\n<p>\n   Un si\u00e8ge a \u00e9t\u00e9 cr\u00e9\u00e9, arborant les armoiries du roi Charles ainsi que la phrase latine Ut unum sint, tir\u00e9e de l&rsquo;\u00c9vangile de Jean.\n  <\/p>\n<p><b>Le soin de la cr\u00e9ation, th\u00e8me d&rsquo;union<\/b> <\/p>\n<p>En ce qui concerne le th\u00e8me de l\u2019environnement, s\u0153ur Alessandra Smerilli, secr\u00e9taire du dicast\u00e8re pour le Service du d\u00e9veloppement humain int\u00e9gral, a expliqu\u00e9 qu&rsquo;\u00e0 la fin de la pri\u00e8re dans la chapelle Sixtine, le Pape et le roi Charles se rendront dans la salle adjacente, la Sala Regia, pour une br\u00e8ve rencontre sur la sauvegarde de la cr\u00e9ation, en compagnie de repr\u00e9sentants de la Curie, d&rsquo;entrepreneurs et de personnes qui s&rsquo;occupent de questions environnementales, du Mouvement Laudato si&rsquo; et d&rsquo;experts des Nations unies. \u00abCette rencontre refl\u00e8te le lien qui unit l&rsquo;\u00c9glise catholique et l&rsquo;\u00c9glise anglicane sur ce th\u00e8me\u00bb,, a-t-elle soulign\u00e9. \u00abLe Pape Fran\u00e7ois, a poursuivi la religieuse, a soulign\u00e9 \u00e0 plusieurs reprises que tout est li\u00e9 et que la crise environnementale et la crise sociale vont de pair. Le Pape L\u00e9on a poursuivi dans cette voie, en faisant de nouveaux progr\u00e8s\u00bb, et la s\u0153ur Smerilli de rappeler la c\u00e9l\u00e9bration, le 9 juillet dernier, avec le nouveau formulaire de la Missa \u00abpro custodia creationis\u00bb ou <a href=\"https:\/\/www.vaticannews.va\/fr\/pape\/news\/2025-09\/borgo-laudato-si-pape-leon-xiv-ecologie-integrale.html\" target=\"_blank\" rel=\"noopener\">l&rsquo;inauguration du Borgo Laudato si&rsquo;<\/a>, le 5 septembre 2025. La secr\u00e9taire du dicast\u00e8re pour le Service du d\u00e9veloppement humain int\u00e9gral a soulign\u00e9 l&rsquo;approche collaborative sur les th\u00e8mes du changement climatique et de la perte de biodiversit\u00e9 avec les entreprises s\u00e9lectionn\u00e9es par la Maison royale et l&rsquo;engagement du roi \u00e0 r\u00e9unir le secteur priv\u00e9 pour la transition vers un avenir durable.<\/p>\n<p><b>Vers l&rsquo;avenir<\/b> <\/p>\n<p>L&rsquo;importance de cette visite d&rsquo;\u00c9tat a \u00e9t\u00e9 soulign\u00e9e en Salle de presse, en particulier sur le plan \u0153cum\u00e9nique. \u00abIl s&rsquo;agit d&rsquo;un \u00e9v\u00e9nement historique\u00bb, de la reconnaissance d&rsquo;un cheminement commun qui c\u00e9l\u00e8bre les progr\u00e8s accomplis et offre un signe d&rsquo;espoir pour l&rsquo;avenir. Pour s\u0153ur Alessandra Smerilli, il s&rsquo;agit d&rsquo;un lien important entre les \u00c9glises sur les questions environnementales, des questions de plus en plus importantes pour l&rsquo;avenir des nouvelles g\u00e9n\u00e9rations.<\/p>\n<p>     <a href=\"https:\/\/www.vaticannews.va\/fr\/pape\/news\/2025-04\/le-couple-royal-britannique-charles-iii-et-camilla-chez-francois.html\" title=\"Le Pape a re\u00e7u le roi Charles III et Camilla \u00e0 Sainte-Marthe\" target=\"_blank\" rel=\"noopener\"><\/p>\n<p>        <img decoding=\"async\" src=\"data:image\/gif;base64,R0lGODlhAQABAIAAAAAAAP\/\/\/yH5BAEAAAAALAAAAAABAAEAAAIBRAA7\" data-original=\"https:\/\/www.vaticannews.va\/content\/dam\/vaticannews\/agenzie\/images\/ansa\/2025\/04\/10\/08\/1744265869745.jpg\/_jcr_content\/renditions\/cq5dam.thumbnail.cropped.500.281.jpeg\" alt=\"Le Pape a re\u00e7u le roi Charles III et Camilla \u00e0 Sainte-Marthe\"\/><\/p>\n<p>      <\/a><\/p>\n<p>\n      Les souverains britanniques, en visite d&rsquo;\u00c9tat en Italie du 7 au 10 avril, ont \u00e9t\u00e9 re\u00e7us mercredi apr\u00e8s-midi par le Pape dans le cadre d&rsquo;une visite priv\u00e9e \u00e0 la Maison Sainte-Marthe, &#8230;\n     <\/p>\n","protected":false},"excerpt":{"rendered":"Le Saint-Si\u00e8ge et le palais de Buckingham confirment la visite d&rsquo;\u00c9tat du roi Charles et de la reine&hellip;\n","protected":false},"author":2,"featured_media":470079,"comment_status":"","ping_status":"","sticky":false,"template":"","format":"standard","meta":{"footnotes":""},"categories":[1588],"tags":[11,27725,8305,436,1777,674,12,20114,473,1853,13425,1851,1850,1852,4193],"class_list":{"0":"post-470078","1":"post","2":"type-post","3":"status-publish","4":"format-standard","5":"has-post-thumbnail","7":"category-royaume-uni","8":"tag-actualites","9":"tag-eglise-anglicane","10":"tag-eglise-catholique","11":"tag-environnement","12":"tag-eu","13":"tag-europe","14":"tag-news","15":"tag-pape-leon-xiv","16":"tag-royaume-uni","17":"tag-royaume-uni-de-grande-bretagne-et-dirlande-du-nord","18":"tag-saint-siege","19":"tag-uk","20":"tag-united-kingdom","21":"tag-united-kingdom-of-great-britain-and-northern-ireland","22":"tag-vatican"},"share_on_mastodon":{"url":"https:\/\/pubeurope.com\/@fr\/115389837120885045","error":""},"_links":{"self":[{"href":"https:\/\/www.europesays.com\/fr\/wp-json\/wp\/v2\/posts\/470078","targetHints":{"allow":["GET"]}}],"collection":[{"href":"https:\/\/www.europesays.com\/fr\/wp-json\/wp\/v2\/posts"}],"about":[{"href":"https:\/\/www.europesays.com\/fr\/wp-json\/wp\/v2\/types\/post"}],"author":[{"embeddable":true,"href":"https:\/\/www.europesays.com\/fr\/wp-json\/wp\/v2\/users\/2"}],"replies":[{"embeddable":true,"href":"https:\/\/www.europesays.com\/fr\/wp-json\/wp\/v2\/comments?post=470078"}],"version-history":[{"count":0,"href":"https:\/\/www.europesays.com\/fr\/wp-json\/wp\/v2\/posts\/470078\/revisions"}],"wp:featuredmedia":[{"embeddable":true,"href":"https:\/\/www.europesays.com\/fr\/wp-json\/wp\/v2\/media\/470079"}],"wp:attachment":[{"href":"https:\/\/www.europesays.com\/fr\/wp-json\/wp\/v2\/media?parent=470078"}],"wp:term":[{"taxonomy":"category","embeddable":true,"href":"https:\/\/www.europesays.com\/fr\/wp-json\/wp\/v2\/categories?post=470078"},{"taxonomy":"post_tag","embeddable":true,"href":"https:\/\/www.europesays.com\/fr\/wp-json\/wp\/v2\/tags?post=470078"}],"curies":[{"name":"wp","href":"https:\/\/api.w.org\/{rel}","templated":true}]}}