{"id":470080,"date":"2025-10-17T13:52:15","date_gmt":"2025-10-17T13:52:15","guid":{"rendered":"https:\/\/www.europesays.com\/fr\/470080\/"},"modified":"2025-10-17T13:52:15","modified_gmt":"2025-10-17T13:52:15","slug":"endurogp-en-allemagne-la-grande-finale-commence-ce-soir","status":"publish","type":"post","link":"https:\/\/www.europesays.com\/fr\/470080\/","title":{"rendered":"EnduroGP en Allemagne : la grande finale commence ce soir !"},"content":{"rendered":"<p>Apr\u00e8s six manches intenses, le championnat du monde  EnduroGP 2025 s\u2019appr\u00eate \u00e0 vivre son \u00e9pilogue ce week-end \u00e0 Zschopau, en Allemagne. L\u2019EnduroGP en Allemagne  s\u2019annonce comme une finale difficile, dans un berceau historique de la discipline. <\/p>\n<p>Terre d\u2019enduro par excellence, la r\u00e9gion de Saxe et la ville de Zschopau ont fa\u00e7onn\u00e9 l\u2019histoire de la discipline depuis pr\u00e8s de 70 ans. Ancienne cit\u00e9 industrielle et fief de la mythique usine MZ, Zschopau a d\u00e9j\u00e0 accueilli plusieurs manches mondiales, en 1990, 2004, 2017 et plus r\u00e9cemment en 2022.<\/p>\n<p>Pour cette \u00e9dition 2025, le club MSC Rund um Zschopau voit les choses en grand : parade des pilotes et s\u00e9ance d\u2019autographes d\u00e8s jeudi, Super Test AKRAPOVIC le vendredi soir, puis deux jours de course sur un parcours de 64 kilom\u00e8tres ponctu\u00e9 de quatre sp\u00e9ciales \u2014 l\u2019Extreme Test POLISPORT, l\u2019Enduro Test GMOTO, le Cross Test ACERBIS et le Cross Test HEINRICH SCHMID. L\u2019\u00e9v\u00e9nement se conclura dimanche soir par la c\u00e9r\u00e9monie de remise des prix et une grande f\u00eate de fin de saison.<\/p>\n<p><strong>EnduroGP : Garcia, Verona et Pichon pour un titre au couteau<\/strong><\/p>\n<p>L\u2019Espagnol Josep Garcia, tenant du titre EnduroGP, aborde cette finale diminu\u00e9 apr\u00e8s s\u2019\u00eatre bless\u00e9 en Italie. Sa contre-performance (15\u1d49 le dimanche) a relanc\u00e9 le championnat, ramenant Andrea Verona \u00e0 \u00ab\u00a0seulement\u00a0\u00bb 15 points. L\u2019Italien, champion en 2022, doit d\u00e9sormais tout tenter pour r\u00e9cup\u00e9rer la couronne.<\/p>\n<p>\u00ab Ces quinze points peuvent tout changer. Je ferai tout pour d\u00e9fendre mon titre \u00bb, a d\u00e9clar\u00e9 Garcia, d\u00e9termin\u00e9 \u00e0 ne rien l\u00e2cher malgr\u00e9 sa blessure.<\/p>\n<p>De son c\u00f4t\u00e9, Zach Pichon esp\u00e8re \u00eatre suffisamment remis apr\u00e8s une blessure au talon pour jouer le podium et, pourquoi pas, son premier titre mondial senior. Derri\u00e8re eux, Hamish Macdonald (Sherco Factory) pointe au quatri\u00e8me rang, \u00e0 48 points, devant son co\u00e9quipier Antoine Magain.<\/p>\n<p><strong>Enduro1 : Garcia d\u00e9j\u00e0 titr\u00e9, mais le podium reste ouvert<\/strong><\/p>\n<p>Le titre Enduro1 est d\u00e9j\u00e0 acquis \u00e0 Josep Garcia, mais la lutte reste serr\u00e9e pour les places d\u2019honneur. Samuele Bernardini (Honda RedMoto) occupe la deuxi\u00e8me position, talonn\u00e9 par Morgan Lesiardo (Triumph Italia), qui a remport\u00e9 sa premi\u00e8re victoire en Italie et n\u2019accuse que quatre points de retard. Le local Jeremy Sydow (Sherco), deuxi\u00e8me lors de la derni\u00e8re manche, aura \u00e0 c\u0153ur de briller \u00e0 domicile.<\/p>\n<p><strong>Enduro2 : duel final entre Verona et Pichon<\/strong><\/p>\n<p>Dans la cat\u00e9gorie Enduro2, le duel entre Andrea Verona et Zach Pichon atteint son paroxysme. Deux points seulement s\u00e9parent les deux hommes avant la finale. L\u2019Italien veut conserver sa couronne, tandis que le Fran\u00e7ais esp\u00e8re d\u00e9crocher son premier titre mondial en Senior, malgr\u00e9 la douleur.<\/p>\n<p>Derri\u00e8re, la bataille pour la troisi\u00e8me place oppose les jeunes Max Ahlin (KTM) et Albin Norrbin (Fantic), s\u00e9par\u00e9s d\u2019un seul point.<\/p>\n<p><strong>Enduro3 : Macdonald en route vers l\u2019histoire<\/strong><\/p>\n<p>Leader avec 18 points d\u2019avance, Hamish Macdonald (Sherco) peut devenir ce week-end le premier N\u00e9o-Z\u00e9landais \u00e0 d\u00e9crocher un titre mondial senior. Sacr\u00e9 champion du monde Junior en 2020, le pilote de Christchurch s\u2019appr\u00eate \u00e0 \u00e9crire une nouvelle page de l\u2019enduro.<\/p>\n<p>Son co\u00e9quipier Antoine Magain reste le seul \u00e0 pouvoir encore le priver du titre, tandis que L\u00e9o Le Qu\u00e9r\u00e9 (TM Boano) et Julien Roussaly (Sherco) se battent pour la troisi\u00e8me place, s\u00e9par\u00e9s de seulement quatre points.<\/p>\n<p><strong>Juniors : Cristino face \u00e0 Semb pour le sacre<\/strong><\/p>\n<p>Chez les Juniors, Kevin Cristino (Fantic) aborde la finale fort de six victoires cons\u00e9cutives et d\u2019une avance de 15 points sur son co\u00e9quipier Axel Semb. L\u2019Italien, d\u00e9j\u00e0 titr\u00e9 champion du monde Youth en 2023, vise d\u00e9sormais une deuxi\u00e8me couronne mondiale. Le Fran\u00e7ais L\u00e9o Joyon (Beta) compl\u00e8te le podium provisoire d\u2019une belle saison r\u00e9guli\u00e8re.<\/p>\n<p><strong>Youth : Romain Dagna en position de force<\/strong><\/p>\n<p>Le Fran\u00e7ais Romain Dagna (KTM Pro Racing) m\u00e8ne la cat\u00e9gorie Youth Enduro avec 14 points d\u2019avance sur Pietro Scardina (Fantic). Mais rien n\u2019est jou\u00e9 : Alberto Elgari (TM Boano) reste en embuscade \u00e0 19 points du leader. Une lutte serr\u00e9e entre trois jeunes talents promis \u00e0 un bel avenir.<\/p>\n<p><strong>Femmes : Gutish peut offrir un premier titre mondial aux \u00c9tats-Unis<\/strong><\/p>\n<p>Dans la cat\u00e9gorie f\u00e9minine, Rachel Gutish (RIEJU) s\u2019appr\u00eate \u00e0 \u00e9crire l\u2019histoire : elle pourrait devenir la premi\u00e8re Am\u00e9ricaine championne du monde d\u2019enduro. Avec 11 points d\u2019avance sur sa co\u00e9quipi\u00e8re Rosie Rowett, et 15 sur Francesca Nocera (Honda), la pilote Rieju devra g\u00e9rer la pression pour conclure en beaut\u00e9.<\/p>\n<p>Enfin, en Junior Women, la Britannique Elizabeth Tett (TM MOTO) poss\u00e8de une courte avance de six points sur la Fran\u00e7aise Lorna Lafont (Sherco). Les deux pilotes se sont partag\u00e9 les victoires cette saison \u2014 tout pourrait se jouer sur la derni\u00e8re journ\u00e9e, dans un final \u201cwinner takes all\u201d.<\/p>\n<p><a href=\"https:\/\/www.endurogp.com\/2025-results\/\" target=\"_blank\" rel=\"noreferrer noopener nofollow\">Le live timing ici. <\/a><\/p><\/p>\n","protected":false},"excerpt":{"rendered":"Apr\u00e8s six manches intenses, le championnat du monde EnduroGP 2025 s\u2019appr\u00eate \u00e0 vivre son \u00e9pilogue ce week-end \u00e0&hellip;\n","protected":false},"author":2,"featured_media":470081,"comment_status":"","ping_status":"","sticky":false,"template":"","format":"standard","meta":{"footnotes":""},"categories":[1587],"tags":[11,672,1804,1805,1803,1777,674,1801,12,1802],"class_list":{"0":"post-470080","1":"post","2":"type-post","3":"status-publish","4":"format-standard","5":"has-post-thumbnail","7":"category-allemagne","8":"tag-actualites","9":"tag-allemagne","10":"tag-bundesrepublik-deutschland","11":"tag-de","12":"tag-deutschland","13":"tag-eu","14":"tag-europe","15":"tag-germany","16":"tag-news","17":"tag-republique-federale-dallemagne"},"share_on_mastodon":{"url":"https:\/\/pubeurope.com\/@fr\/115389840998360665","error":""},"_links":{"self":[{"href":"https:\/\/www.europesays.com\/fr\/wp-json\/wp\/v2\/posts\/470080","targetHints":{"allow":["GET"]}}],"collection":[{"href":"https:\/\/www.europesays.com\/fr\/wp-json\/wp\/v2\/posts"}],"about":[{"href":"https:\/\/www.europesays.com\/fr\/wp-json\/wp\/v2\/types\/post"}],"author":[{"embeddable":true,"href":"https:\/\/www.europesays.com\/fr\/wp-json\/wp\/v2\/users\/2"}],"replies":[{"embeddable":true,"href":"https:\/\/www.europesays.com\/fr\/wp-json\/wp\/v2\/comments?post=470080"}],"version-history":[{"count":0,"href":"https:\/\/www.europesays.com\/fr\/wp-json\/wp\/v2\/posts\/470080\/revisions"}],"wp:featuredmedia":[{"embeddable":true,"href":"https:\/\/www.europesays.com\/fr\/wp-json\/wp\/v2\/media\/470081"}],"wp:attachment":[{"href":"https:\/\/www.europesays.com\/fr\/wp-json\/wp\/v2\/media?parent=470080"}],"wp:term":[{"taxonomy":"category","embeddable":true,"href":"https:\/\/www.europesays.com\/fr\/wp-json\/wp\/v2\/categories?post=470080"},{"taxonomy":"post_tag","embeddable":true,"href":"https:\/\/www.europesays.com\/fr\/wp-json\/wp\/v2\/tags?post=470080"}],"curies":[{"name":"wp","href":"https:\/\/api.w.org\/{rel}","templated":true}]}}