{"id":470082,"date":"2025-10-17T13:53:11","date_gmt":"2025-10-17T13:53:11","guid":{"rendered":"https:\/\/www.europesays.com\/fr\/470082\/"},"modified":"2025-10-17T13:53:11","modified_gmt":"2025-10-17T13:53:11","slug":"ou-se-situent-les-routes-les-plus-sures-en-europe-et-quelles-sont-les-pires","status":"publish","type":"post","link":"https:\/\/www.europesays.com\/fr\/470082\/","title":{"rendered":"O\u00f9 se situent les routes les plus s\u00fbres en Europe et quelles sont les pires ?"},"content":{"rendered":"<p>\n    <strong>D\u00c9CRYPTAGE &#8211;<\/strong> La commission europ\u00e9enne, qui livre les statistiques de la s\u00e9curit\u00e9 routi\u00e8re de ses \u00c9tats membres, rappelle l\u2019objectif adopt\u00e9\u00a0: z\u00e9ro mort en 2050. On en est loin.<\/p>\n<p class=\"fig-paragraph\">La Lituanie, la Lettonie et l\u2019Autriche sont sur le podium des pays qui ont enregistr\u00e9 les meilleurs r\u00e9sultats en mati\u00e8re de\u00a0<a href=\"http:\/\/www.lefigaro.fr\/actualite-france\/securite-routiere-comment-expliquer-la-hausse-de-la-mortalite-de-ces-derniers-mois-20250915\" data-fig-type=\"Article\" data-gtm-custom-categorie=\"navigation\" data-gtm-custom-action=\"crossclick\" data-gtm-custom-label=\"Contextuel\" data-gtm-event=\"customEventSPE\" data-fig-domain=\"LEFIGARO\" rel=\"nofollow noopener\" target=\"_blank\">s\u00e9curit\u00e9 routi\u00e8re<\/a>\u00a0en 2024 en r\u00e9duisant le nombre de morts sur leurs routes. Les baisses respectives sont de 22%, 19% et 13%.<\/p>\n<p class=\"fig-paragraph\">Tels sont les r\u00e9sultats communiqu\u00e9s ce vendredi par la commission europ\u00e9enne qui, en recueillant le bilan annuel de ses 27 \u00c9tats membres et quelques autres pays non-membres, dresse un classement\u2026<\/p>\n<p class=\"fig-premium-paywall__infos\">\n        Cet article est r\u00e9serv\u00e9 aux abonn\u00e9s.        Il vous reste 84% \u00e0 d\u00e9couvrir.\n    <\/p>\n<p>                <img  data- alt=\"Le Figaro\" class=\"fig-img--complete fig-img\"\/><\/p>\n<p class=\"fig-premium-paywall__title\">Vous avez envie de lire la suite ?<\/p>\n<p class=\"fig-premium-paywall__subtitle\">D\u00e9bloquez tous les articles imm\u00e9diatement.<\/p>\n<p class=\"fig-premium-paywall__connect\">\n                D\u00e9j\u00e0 abonn\u00e9\u00a0?                <a class=\"fig-premium-paywall__connect-link\" href=\"https:\/\/connect.lefigaro.fr\/login?client=horizon_web&amp;type=main&amp;redirect_uri=https%3A%2F%2Fwww.lefigaro.fr%2Factualite-france%2Fou-se-situent-les-routes-les-plus-sures-en-europe-et-quelles-sont-les-pires-20251017\" data-js-gtm=\"{&quot;customCategorie&quot;: &quot;conversion&quot;, &quot;customAction&quot;: &quot;before_Landing_Connexion_paywall_manuel&quot;, &quot;customLabel&quot;: &quot;bGVmaWdhcm8uZnJfXzFmMGFiMzJmLTRiZjMtNjU3OC05YjQ0LWVmZmIwMWJiYTVmM19fQXJ0aWNsZQ==_O\u00f9 se situent les routes les plus s\u00fbres en Europe et quelles sont les pires\u00a0?_195&quot;, &quot;customIDSPE&quot;: &quot;bGVmaWdhcm8uZnJfXzFmMGFiMzJmLTRiZjMtNjU3OC05YjQ0LWVmZmIwMWJiYTVmM19fQXJ0aWNsZQ==&quot;, &quot;event&quot;: &quot;customEventSPE&quot;}\" rel=\"nofollow noopener\" target=\"_blank\"><br \/>\n                    Connectez-vous<br \/>\n                <\/a>\n            <\/p>\n","protected":false},"excerpt":{"rendered":"D\u00c9CRYPTAGE &#8211; La commission europ\u00e9enne, qui livre les statistiques de la s\u00e9curit\u00e9 routi\u00e8re de ses \u00c9tats membres, rappelle&hellip;\n","protected":false},"author":2,"featured_media":470083,"comment_status":"","ping_status":"","sticky":false,"template":"","format":"standard","meta":{"footnotes":""},"categories":[1586],"tags":[11,1777,674,1011,27,5184,12,25,5009],"class_list":{"0":"post-470082","1":"post","2":"type-post","3":"status-publish","4":"format-standard","5":"has-post-thumbnail","7":"category-europe","8":"tag-actualites","9":"tag-eu","10":"tag-europe","11":"tag-fr","12":"tag-france","13":"tag-morts","14":"tag-news","15":"tag-republique-francaise","16":"tag-securite-routiere"},"share_on_mastodon":{"url":"https:\/\/pubeurope.com\/@fr\/115389845010993757","error":""},"_links":{"self":[{"href":"https:\/\/www.europesays.com\/fr\/wp-json\/wp\/v2\/posts\/470082","targetHints":{"allow":["GET"]}}],"collection":[{"href":"https:\/\/www.europesays.com\/fr\/wp-json\/wp\/v2\/posts"}],"about":[{"href":"https:\/\/www.europesays.com\/fr\/wp-json\/wp\/v2\/types\/post"}],"author":[{"embeddable":true,"href":"https:\/\/www.europesays.com\/fr\/wp-json\/wp\/v2\/users\/2"}],"replies":[{"embeddable":true,"href":"https:\/\/www.europesays.com\/fr\/wp-json\/wp\/v2\/comments?post=470082"}],"version-history":[{"count":0,"href":"https:\/\/www.europesays.com\/fr\/wp-json\/wp\/v2\/posts\/470082\/revisions"}],"wp:featuredmedia":[{"embeddable":true,"href":"https:\/\/www.europesays.com\/fr\/wp-json\/wp\/v2\/media\/470083"}],"wp:attachment":[{"href":"https:\/\/www.europesays.com\/fr\/wp-json\/wp\/v2\/media?parent=470082"}],"wp:term":[{"taxonomy":"category","embeddable":true,"href":"https:\/\/www.europesays.com\/fr\/wp-json\/wp\/v2\/categories?post=470082"},{"taxonomy":"post_tag","embeddable":true,"href":"https:\/\/www.europesays.com\/fr\/wp-json\/wp\/v2\/tags?post=470082"}],"curies":[{"name":"wp","href":"https:\/\/api.w.org\/{rel}","templated":true}]}}