{"id":470088,"date":"2025-10-17T13:56:11","date_gmt":"2025-10-17T13:56:11","guid":{"rendered":"https:\/\/www.europesays.com\/fr\/470088\/"},"modified":"2025-10-17T13:56:11","modified_gmt":"2025-10-17T13:56:11","slug":"laccuse-fait-appel-de-sa-condamnation-a-30-ans-de-prison-annoncent-ses-avocats","status":"publish","type":"post","link":"https:\/\/www.europesays.com\/fr\/470088\/","title":{"rendered":"l\u2019accus\u00e9 fait appel de sa condamnation \u00e0 30 ans de prison, annoncent ses avocats"},"content":{"rendered":"<p role=\"heading\" aria-level=\"3\">C\u00e9dric Jubillar \u00abdoit nous indiquer o\u00f9 se trouve la d\u00e9pouille\u00bb de Delphine, mart\u00e8le Me Boguet<\/p>\n<p class=\"fig-paragraph\">\u00abJustice est pass\u00e9e. C\u2019est important pour les enfants\u00bb, a d\u00e9clar\u00e9 Me Malika Chmani, avocate des enfants de C\u00e9dric et Delphine Jubillar, \u00e0 la sortie du tribunal d\u2019Albi. \u00abC\u2019est un soulagement pour beaucoup de parties civiles. C\u2019est la premi\u00e8re fois que je vois certaines d\u2019entre elles craquer.\u00bb Avant de regretter\u00a0: \u00abUne d\u00e9pouille pour un deuil, pour avancer dans sa vie, c\u2019est important. Pour l\u2019instant, les enfants en sont priv\u00e9s.\u00bb<\/p>\n<p class=\"fig-paragraph\">Ce verdict, \u00abc\u2019est une histoire qui va \u00eatre racont\u00e9e \u00e0 nos jeunes clients, mais c\u2019est aussi une histoire que la justice raconte \u00e0 C\u00e9dric Jubillar. Il lui appartient maintenant d\u2019en prendre acte, et d\u2019en tirer les cons\u00e9quences\u00bb, a expliqu\u00e9, \u00e0 ses c\u00f4t\u00e9s, son confr\u00e8re Me Laurent Boguet. Maintenant, \u00abil doit nous indiquer o\u00f9 se trouve la d\u00e9pouille de sa femme, pour la restituer \u00e0 sa famille. Delphine n\u2019a pas disparu, elle a \u00e9t\u00e9 tu\u00e9e.\u00bb<\/p>\n<p class=\"fig-paragraph\">\u00abAujourd\u2019hui la v\u00e9rit\u00e9 a gagn\u00e9 sur le mensonge. Cela fait cinq ans qu\u2019on s\u2019\u00e9gosille \u00e0 dire que ce dossier n\u2019est pas vide\u00bb, a appuy\u00e9 Me Mourad Battikh, qui d\u00e9fend plusieurs cousins, oncles et tantes de Delphine Jubillar. \u00abC\u2019est le soulagement. Un de mes clients est actuellement sur une civi\u00e8re, parce que la pression est retomb\u00e9e. On ne se satisfait pas qu\u2019un homme, C\u00e9dric Jubillar, soit en prison, mais nous sommes satisfaits que la v\u00e9rit\u00e9 puisse \u00e9merger. Cela fait cinq ans qu\u2019on la souhaite, cinq ans qu\u2019on la hurle\u00bb, a-t-il ajout\u00e9, m\u00eame si \u00abon n\u2019a toujours pas Delphine.\u00bb\u00a0<\/p>\n","protected":false},"excerpt":{"rendered":"C\u00e9dric Jubillar \u00abdoit nous indiquer o\u00f9 se trouve la d\u00e9pouille\u00bb de Delphine, mart\u00e8le Me Boguet \u00abJustice est pass\u00e9e.&hellip;\n","protected":false},"author":2,"featured_media":470089,"comment_status":"","ping_status":"","sticky":false,"template":"","format":"standard","meta":{"footnotes":""},"categories":[2],"tags":[119,11,3694,7296,33030,271,2951,33031,3695,3696,118,1011,27,2825,1253,303,12,1072,2694,25,2949],"class_list":{"0":"post-470088","1":"post","2":"type-post","3":"status-publish","4":"format-standard","5":"has-post-thumbnail","7":"category-actualites","8":"tag-accident","9":"tag-actualites","10":"tag-affaires","11":"tag-albi","12":"tag-cedric-jubillar","13":"tag-crime","14":"tag-criminalite","15":"tag-delphine-jubillar","16":"tag-enquetes","17":"tag-evenements","18":"tag-faits-divers","19":"tag-fr","20":"tag-france","21":"tag-insecurite","22":"tag-islamisme","23":"tag-justice","24":"tag-news","25":"tag-police","26":"tag-proces","27":"tag-republique-francaise","28":"tag-violences"},"share_on_mastodon":{"url":"https:\/\/pubeurope.com\/@fr\/115389856792665735","error":""},"_links":{"self":[{"href":"https:\/\/www.europesays.com\/fr\/wp-json\/wp\/v2\/posts\/470088","targetHints":{"allow":["GET"]}}],"collection":[{"href":"https:\/\/www.europesays.com\/fr\/wp-json\/wp\/v2\/posts"}],"about":[{"href":"https:\/\/www.europesays.com\/fr\/wp-json\/wp\/v2\/types\/post"}],"author":[{"embeddable":true,"href":"https:\/\/www.europesays.com\/fr\/wp-json\/wp\/v2\/users\/2"}],"replies":[{"embeddable":true,"href":"https:\/\/www.europesays.com\/fr\/wp-json\/wp\/v2\/comments?post=470088"}],"version-history":[{"count":0,"href":"https:\/\/www.europesays.com\/fr\/wp-json\/wp\/v2\/posts\/470088\/revisions"}],"wp:featuredmedia":[{"embeddable":true,"href":"https:\/\/www.europesays.com\/fr\/wp-json\/wp\/v2\/media\/470089"}],"wp:attachment":[{"href":"https:\/\/www.europesays.com\/fr\/wp-json\/wp\/v2\/media?parent=470088"}],"wp:term":[{"taxonomy":"category","embeddable":true,"href":"https:\/\/www.europesays.com\/fr\/wp-json\/wp\/v2\/categories?post=470088"},{"taxonomy":"post_tag","embeddable":true,"href":"https:\/\/www.europesays.com\/fr\/wp-json\/wp\/v2\/tags?post=470088"}],"curies":[{"name":"wp","href":"https:\/\/api.w.org\/{rel}","templated":true}]}}