{"id":470090,"date":"2025-10-17T13:57:17","date_gmt":"2025-10-17T13:57:17","guid":{"rendered":"https:\/\/www.europesays.com\/fr\/470090\/"},"modified":"2025-10-17T13:57:17","modified_gmt":"2025-10-17T13:57:17","slug":"la-france-suspend-ses-exportations-bovines-pour-15-jours-face-a-la-propagation-dune-maladie","status":"publish","type":"post","link":"https:\/\/www.europesays.com\/fr\/470090\/","title":{"rendered":"La France suspend ses exportations bovines pour 15 jours face \u00e0 la propagation d\u2019une maladie"},"content":{"rendered":"<p>Le gouvernement a d\u00e9cid\u00e9 vendredi de suspendre les exportations d\u2019animaux vivants pendant quinze jours, face \u00e0 la propagation de la dermatose nodulaire contagieuse dans les troupeaux bovins de trois r\u00e9gions fran\u00e7aises. Cette d\u00e9cision a \u00e9t\u00e9 prise alors que la France est le premier exportateur mondial.<\/p>\n<p>En 2024, la France a envoy\u00e9 \u00e0 l\u2019\u00e9tranger 940\u00a0000 broutards, des bovins de quatre \u00e0 quinze mois destin\u00e9s \u00e0 produire de la viande, et 356\u00a0000 veaux de moins de deux mois de type laitier, selon l\u2019Institut de l\u2019\u00e9levage.<\/p>\n<p>Cet \u00e9t\u00e9: <a href=\"https:\/\/www.letemps.ch\/articles\/a-geneve-l-inquietude-gagne-les-eleveurs-face-a-l-epidemie-de-dermatose-en-savoie-et-haute-savoie\" target=\"_blank\" rel=\"noopener\">A Gen\u00e8ve, l\u2019inqui\u00e9tude gagne les \u00e9leveurs face \u00e0 l\u2019\u00e9pid\u00e9mie de dermatose en Savoie et Haute-Savoie<\/a>  <\/p>\n<p>L\u2019Espagne et l\u2019Italie principaux destinataires<\/p>\n<p>Cela repr\u00e9sente plus d\u2019un milliard d\u2019euros selon les chiffres agr\u00e9g\u00e9s des douanes, sur les 2,8\u00a0milliards d\u2019euros g\u00e9n\u00e9r\u00e9s en 2024 par les exportations d\u2019animaux vivants et de g\u00e9n\u00e9tique. Ces animaux partent principalement en Espagne et en Italie pour \u00eatre engraiss\u00e9s, pour parfois revenir en France \u00e0 l\u2019abattage.<\/p>\n<p>Ces deux pays frontaliers ont aussi enregistr\u00e9 des cas de dermatose nodulaire contagieuse, l\u2019Italie quelques jours avant l\u2019arriv\u00e9e de la maladie en France en juin et l\u2019Espagne plus r\u00e9cemment.<\/p>\n<p>\u00abPour 15 jours, nous fermons les march\u00e9s \u00e0 l\u2019export. Il n\u2019y aura pas de sortie d\u2019animaux en dehors du territoire national\u00bb, a confirm\u00e9 la ministre de l\u2019Agriculture, Annie Genevard, en d\u00e9placement dans le Jura, o\u00f9 trois foyers ont \u00e9t\u00e9 d\u00e9tect\u00e9s ces derni\u00e8res semaines.<\/p>\n<p>March\u00e9s \u00e0 bestiaux interdits<\/p>\n<p>La ministre avait r\u00e9uni vendredi un \u00abParlement du sanitaire\u00bb (\u00e9leveurs, v\u00e9t\u00e9rinaires, sp\u00e9cialistes, autorit\u00e9s\u2026), au cours duquel elle a annonc\u00e9 un renforcement des contr\u00f4les et des restrictions de mouvement des animaux dans les zones r\u00e9glement\u00e9es autour des foyers.<\/p>\n<p>\u00abLes mouvements ill\u00e9gaux seront s\u00e9v\u00e8rement sanctionn\u00e9s\u00bb, a-t-elle ajout\u00e9, apr\u00e8s avoir dit que les \u00e9leveurs qui refuseraient la vaccination se la verraient impos\u00e9e. Rassemblements festifs avec animaux en France et march\u00e9 \u00e0 bestiaux dans les zones r\u00e9glement\u00e9es sont aussi interdits.<\/p>\n<p>Ces sanctions pourront prendre la forme d\u2019amende ou du non-d\u00e9dommagement par l\u2019Etat pour l\u2019abattage du troupeau ainsi infect\u00e9. Selon un communiqu\u00e9 du minist\u00e8re, les foyers recens\u00e9s dans l\u2019Ain, dans le Rh\u00f4ne, dans le Jura ou dans les Pyr\u00e9n\u00e9es-Orientales, alors que l\u2019\u00e9picentre de la maladie se situait en Savoie et Haute-Savoie, \u00abr\u00e9sultent probablement de mouvements d\u2019animaux, dont certains illicites\u00bb.<\/p>\n<p>Un \u00abcoup de massue\u00bb<\/p>\n<p>Pour la Conf\u00e9d\u00e9ration paysanne et la Coordination rurale, syndicats agricoles qui n\u2019ont eu de cesse de d\u00e9noncer l\u2019abattage total syst\u00e9matique et une r\u00e9glementation \u00abintenable\u00bb, notamment pour ceux dont les bovins \u00e9taient coinc\u00e9s en altitude, il est \u00abinsupportable\u00bb d\u2019accuser ainsi les \u00e9leveurs.<\/p>\n<p>L\u2019alliance syndicale dominante, FNSEA-JA, qui a jusqu\u2019ici soutenu la strat\u00e9gie du gouvernement, doit s\u2019exprimer dans l\u2019apr\u00e8s-midi. \u00abC\u2019est un coup de massue\u00bb, a d\u00e9nonc\u00e9 Sylvie Colas, de la Conf\u00e9d\u00e9ration paysanne, troisi\u00e8me syndicat agricole.<\/p>\n<p>L\u2019administration a expliqu\u00e9 lors de la r\u00e9union matinale prendre les devants avant une r\u00e9union mardi \u00e0 Bruxelles, qui pourrait aboutir sur une d\u00e9cision encore plus stricte de restriction d\u2019exports pour la France, raconte-t-elle.<\/p>\n<p>L\u2019Italie et l\u2019Espagne sont dispos\u00e9es \u00e0 importer des jeunes bovins vaccin\u00e9s, ajoute-t-elle, quand le minist\u00e8re invoque une confiance \u00abfragilis\u00e9e\u00bb des partenaires europ\u00e9ens de la France.<\/p>\n<p>Appel \u00e0 une vaccination \u00e9largie<\/p>\n<p>Une restriction plus stricte d\u00e9cid\u00e9e par l\u2019Union europ\u00e9enne aurait un impact cons\u00e9quent sur une fili\u00e8re d\u00e9j\u00e0 en difficult\u00e9.<\/p>\n<p>Les deux syndicats appellent donc \u00e0 la vaccination de l\u2019ensemble du cheptel fran\u00e7ais et pas seulement dans les zones r\u00e9glement\u00e9es.<\/p>\n<p>Le gouvernement leur a oppos\u00e9 une fin de non-recevoir et a indiqu\u00e9 avoir command\u00e9 800\u00a0000 vaccins \u00e0 1,40\u00a0euro l\u2019unit\u00e9 (soit 1,12\u00a0million d\u2019euros) pour un cheptel fran\u00e7ais de 15,7\u00a0millions de t\u00eates, selon Sylvie Colas.<\/p>\n<p>Le secr\u00e9taire national de la Coordination rurale Christian Convers ajoute qu\u2019une r\u00e9union doit se tenir au minist\u00e8re lundi pour discuter notamment de la vaccination et, il l\u2019esp\u00e8re, de la strat\u00e9gie d\u2019abattage pour \u00e9viter les d\u00e9peuplements complets de foyers.<\/p>\n<p>Sur les indemnisations des pertes de production \u2013 car la maladie a un impact sur la lactation des vaches tandis que les restrictions de mouvements et d\u2019exportation creusent les trous dans les tr\u00e9soreries des \u00e9leveurs \u2013 les \u00abchoses avancent\u00bb, tout comme sur les d\u00e9rogations accord\u00e9es pour rentrer les b\u00eates en estive \u00e0 l\u2019\u00e9table, ajoute-t-il.<\/p>\n<p>Il s\u2019inqui\u00e8te en revanche du repeuplement des troupeaux savoyards \u2013 plus de 1700 animaux ont \u00e9t\u00e9 abattus en France depuis juin \u2013 puisque les \u00e9leveurs devaient s\u2019approvisionner notamment dans le Jura, d\u00e9sormais bloqu\u00e9.<\/p>\n","protected":false},"excerpt":{"rendered":"Le gouvernement a d\u00e9cid\u00e9 vendredi de suspendre les exportations d\u2019animaux vivants pendant quinze jours, face \u00e0 la propagation&hellip;\n","protected":false},"author":2,"featured_media":470091,"comment_status":"","ping_status":"","sticky":false,"template":"","format":"standard","meta":{"footnotes":""},"categories":[4],"tags":[11,327,1011,27,4438,12,25],"class_list":{"0":"post-470090","1":"post","2":"type-post","3":"status-publish","4":"format-standard","5":"has-post-thumbnail","7":"category-france","8":"tag-actualites","9":"tag-agriculture","10":"tag-fr","11":"tag-france","12":"tag-free","13":"tag-news","14":"tag-republique-francaise"},"share_on_mastodon":{"url":"https:\/\/pubeurope.com\/@fr\/115389860628885489","error":""},"_links":{"self":[{"href":"https:\/\/www.europesays.com\/fr\/wp-json\/wp\/v2\/posts\/470090","targetHints":{"allow":["GET"]}}],"collection":[{"href":"https:\/\/www.europesays.com\/fr\/wp-json\/wp\/v2\/posts"}],"about":[{"href":"https:\/\/www.europesays.com\/fr\/wp-json\/wp\/v2\/types\/post"}],"author":[{"embeddable":true,"href":"https:\/\/www.europesays.com\/fr\/wp-json\/wp\/v2\/users\/2"}],"replies":[{"embeddable":true,"href":"https:\/\/www.europesays.com\/fr\/wp-json\/wp\/v2\/comments?post=470090"}],"version-history":[{"count":0,"href":"https:\/\/www.europesays.com\/fr\/wp-json\/wp\/v2\/posts\/470090\/revisions"}],"wp:featuredmedia":[{"embeddable":true,"href":"https:\/\/www.europesays.com\/fr\/wp-json\/wp\/v2\/media\/470091"}],"wp:attachment":[{"href":"https:\/\/www.europesays.com\/fr\/wp-json\/wp\/v2\/media?parent=470090"}],"wp:term":[{"taxonomy":"category","embeddable":true,"href":"https:\/\/www.europesays.com\/fr\/wp-json\/wp\/v2\/categories?post=470090"},{"taxonomy":"post_tag","embeddable":true,"href":"https:\/\/www.europesays.com\/fr\/wp-json\/wp\/v2\/tags?post=470090"}],"curies":[{"name":"wp","href":"https:\/\/api.w.org\/{rel}","templated":true}]}}