{"id":470092,"date":"2025-10-17T14:00:13","date_gmt":"2025-10-17T14:00:13","guid":{"rendered":"https:\/\/www.europesays.com\/fr\/470092\/"},"modified":"2025-10-17T14:00:13","modified_gmt":"2025-10-17T14:00:13","slug":"top-14-toulon-enorme-coup-dur-pour-linternational-francais-antoine-frisch","status":"publish","type":"post","link":"https:\/\/www.europesays.com\/fr\/470092\/","title":{"rendered":"Top 14 &#8211; Toulon\u00a0: \u00e9norme coup dur pour l\u2019international fran\u00e7ais Antoine Frisch"},"content":{"rendered":"<p>\n                Contraint de se faire op\u00e9rer d\u2019un pied, le trois-quart centre varois Antoine Frisch\u00a0rejoint l\u2019infirmerie pour un bon bout de temps.\n            <\/p>\n<p>Malheureusement, les saisons se suivent et se ressemblent pour Antoine Frisch. Victime d\u2019une fracture du pied, au d\u00e9but de l\u2019ann\u00e9e civile, l\u2019international fran\u00e7ais\u00a0international fran\u00e7ais (28 ans, 2 s\u00e9lections) avait manqu\u00e9 l\u2019ensemble de la fin de saison derni\u00e8re.<\/p>\n<p>Performant depuis le lancement de ce nouvel exercice, l\u2019ancien joueur du Munster a rechut\u00e9, de la m\u00eame blessure. Cette fois, il a \u00e9t\u00e9 contraint de passer par la case op\u00e9ration. Pr\u00e9sent en conf\u00e9rence de presse, Mignoni a annonc\u00e9 la mauvaise nouvelle\u00a0: \u00ab\u00a0\u00c0 l\u2019\u00e9poque, nous avions fait un choix. Il s\u2019av\u00e8re qu\u2019il devra \u00eatre op\u00e9r\u00e9 la semaine prochaine. Il va manquer quatre \u00e0 cinq mois de comp\u00e9tition.\u00a0\u00bb<\/p>\n<p>Pas de joker pour remplacer Antoine Frisch<\/p>\n<p>Relanc\u00e9 sur les malheurs de son prot\u00e9g\u00e9, le coach varois a jou\u00e9 la carte de la franchise\u00a0: \u00ab\u00a0C\u2019est le\u00a0m\u00eame pied que la saison derni\u00e8re. Il est tr\u00e8s d\u00e9\u00e7u parce que c\u2019est sa deuxi\u00e8me saison chez nous. L\u2019an dernier, il a d\u00e9j\u00e0 \u00e9t\u00e9 poursuivi par les blessures\u2026 Un choix avait \u00e9t\u00e9 fait \u00e0 l\u2019\u00e9poque, mais malheureusement \u00e7a ne tient pas. Il faut op\u00e9rer. Il va revenir au mois de mars.\u00a0\u00bb<\/p>\n<p>En attendant, Toulon, qui recherche un deuxi\u00e8me ligne depuis plusieurs semaines pour pallier la longue blessure de Matthias Halagahu, fera avec les forces en pr\u00e9sence\u00a0: \u00ab\u00a0Je crois qu\u2019au centre on a assez de monde, on cherche plus un avant en ce moment en termes de joker.\u00a0\u00bb Le RCT est en effet bien fourni\u00a0dans ce secteur avec cinq \u00e9l\u00e9ments\u00a0: Ma\u2019a Nonu, Juan Ignacio Brex, Mathieu Sma\u00efli, Oliver Cowie et J\u00e9r\u00e9my Sinzelle.<\/p>\n","protected":false},"excerpt":{"rendered":"Contraint de se faire op\u00e9rer d\u2019un pied, le trois-quart centre varois Antoine Frisch\u00a0rejoint l\u2019infirmerie pour un bon bout&hellip;\n","protected":false},"author":2,"featured_media":470093,"comment_status":"","ping_status":"","sticky":false,"template":"","format":"standard","meta":{"footnotes":""},"categories":[1416],"tags":[1011,27,479,1468,60],"class_list":{"0":"post-470092","1":"post","2":"type-post","3":"status-publish","4":"format-standard","5":"has-post-thumbnail","7":"category-rugby","8":"tag-fr","9":"tag-france","10":"tag-rugby","11":"tag-rugby-football","12":"tag-sports"},"share_on_mastodon":{"url":"https:\/\/pubeurope.com\/@fr\/115389872554028754","error":""},"_links":{"self":[{"href":"https:\/\/www.europesays.com\/fr\/wp-json\/wp\/v2\/posts\/470092","targetHints":{"allow":["GET"]}}],"collection":[{"href":"https:\/\/www.europesays.com\/fr\/wp-json\/wp\/v2\/posts"}],"about":[{"href":"https:\/\/www.europesays.com\/fr\/wp-json\/wp\/v2\/types\/post"}],"author":[{"embeddable":true,"href":"https:\/\/www.europesays.com\/fr\/wp-json\/wp\/v2\/users\/2"}],"replies":[{"embeddable":true,"href":"https:\/\/www.europesays.com\/fr\/wp-json\/wp\/v2\/comments?post=470092"}],"version-history":[{"count":0,"href":"https:\/\/www.europesays.com\/fr\/wp-json\/wp\/v2\/posts\/470092\/revisions"}],"wp:featuredmedia":[{"embeddable":true,"href":"https:\/\/www.europesays.com\/fr\/wp-json\/wp\/v2\/media\/470093"}],"wp:attachment":[{"href":"https:\/\/www.europesays.com\/fr\/wp-json\/wp\/v2\/media?parent=470092"}],"wp:term":[{"taxonomy":"category","embeddable":true,"href":"https:\/\/www.europesays.com\/fr\/wp-json\/wp\/v2\/categories?post=470092"},{"taxonomy":"post_tag","embeddable":true,"href":"https:\/\/www.europesays.com\/fr\/wp-json\/wp\/v2\/tags?post=470092"}],"curies":[{"name":"wp","href":"https:\/\/api.w.org\/{rel}","templated":true}]}}