{"id":470095,"date":"2025-10-17T14:03:17","date_gmt":"2025-10-17T14:03:17","guid":{"rendered":"https:\/\/www.europesays.com\/fr\/470095\/"},"modified":"2025-10-17T14:03:17","modified_gmt":"2025-10-17T14:03:17","slug":"face-au-vent-bagnaia-demande-a-decaler-la-course-a-samedi","status":"publish","type":"post","link":"https:\/\/www.europesays.com\/fr\/470095\/","title":{"rendered":"Face au vent, Bagnaia demande \u00e0 d\u00e9caler la course \u00e0 samedi"},"content":{"rendered":"<p>Le <a href=\"https:\/\/fr.motorsport.com\/motogp\/news\/programme-horaires-gp-australie-motogp-2025\/10766215\/\" target=\"_blank\" rel=\"noopener\">programme de Phillip Island<\/a> va-t-il \u00eatre chamboul\u00e9 ? Les pr\u00e9visions m\u00e9t\u00e9o annoncent des temp\u00e9ratures plus \u00e9lev\u00e9es d&rsquo;une dizaine de degr\u00e9s dimanche que samedi, mais le vent pourrait poser de grosses difficult\u00e9s et emp\u00eacher la tenue de la course.<\/p>\n<p>\u00c9tant situ\u00e9 sur une \u00eele, le circuit est tr\u00e8s expos\u00e9 et on annonce des rafales de vent susceptibles de d\u00e9passer les 50\u00a0km\/h. Dans le paddock na\u00eet d\u00e9j\u00e0 l&rsquo;id\u00e9e de d\u00e9placer la course principale \u00e0 samedi, comme ce qui a \u00e9t\u00e9 fait en 2023.<\/p>\n<p>En anticipant de mauvaises conditions le dimanche, le MotoGP avait invers\u00e9 le programme des deux courses, pour garantir l&rsquo;organisation de l&rsquo;\u00e9preuve principale le samedi, avec l&rsquo;espoir de disputer le sprint le lendemain. Johann Zarco avait ainsi d\u00e9croch\u00e9 son premier succ\u00e8s tandis que le dimanche, le sprint avait finalement \u00e9t\u00e9 annul\u00e9.<\/p>\n<p>Pecco Bagnaia est favorable \u00e0 un sc\u00e9nario similaire. \u00ab\u00a0Je pense qu&rsquo;une bonne solution serait de faire la course longue demain\u00a0\u00bb, a expliqu\u00e9 le pilote Ducati apr\u00e8s les essais libres ce vendredi. \u00ab\u00a0On va en parler en Commission de s\u00e9curit\u00e9. Ce sera important de bien faire les choses.\u00a0\u00bb<\/p>\n<p>   <img decoding=\"async\" draggable=\"false\" src=\"https:\/\/www.europesays.com\/fr\/wp-content\/uploads\/2025\/10\/michele-pirro-ducati-team.jpg\" alt=\"Michele Pirro, Ducati Team\" width=\"1200\" height=\"800\" loading=\"lazy\"\/> <\/p>\n<p class=\"title\">Michele Pirro<\/p>\n<p class=\"photographer\">Photo de: Martin Keep \/ AFP via Getty Images<\/p>\n<p>\u00ab\u00a0La piste est tr\u00e8s, tr\u00e8s bossel\u00e9e et aujourd&rsquo;hui, c&rsquo;\u00e9tait d\u00e9j\u00e0 \u00e0 la limite avec le vent\u00a0\u00bb, a ajout\u00e9 Bagnaia. \u00ab\u00a0Il semble que [samedi] ce sera la journ\u00e9e avec le moins de vent. Dimanche, ce pourrait \u00eatre tr\u00e8s d\u00e9licat, comme il y a deux ans. Il faudra en parler en [Commission de] s\u00e9curit\u00e9 et essayer de trouver une solution.\u00a0\u00bb<\/p>\n<p>La Commission de s\u00e9curit\u00e9 est pr\u00e9vue ce vendredi, ce qui ne garantit pas une d\u00e9cision dans la journ\u00e9e. Luca Marini esp\u00e8re en tout cas que la direction de course ne prendra pas des risques similaires \u00e0 ceux de 2023, quand la course du Moto2 avait \u00e9t\u00e9 maintenue le dimanche, mais troubl\u00e9e par une dizaine de chutes, entre la pluie et le vent.<\/p>\n<p>\u00ab\u00a0J&rsquo;esp\u00e8re que quelqu&rsquo;un prendra la d\u00e9cision avant de voir les pilotes de Moto2 tomber, parce que \u00e7a s&rsquo;est d\u00e9j\u00e0 produit dans le pass\u00e9 et ce n&rsquo;est pas ce que nous voulons\u00a0\u00bb, a comment\u00e9 le pilote Honda. \u00ab\u00a0Il vaut mieux \u00eatre plus prudent, plus du c\u00f4t\u00e9 de la s\u00e9curit\u00e9, car ce circuit est exigeant en cas de chute.\u00a0\u00bb<\/p>\n<p>Pedro Acosta n&rsquo;est pas d&rsquo;accord<\/p>\n<p>Pedro Acosta, de son c\u00f4t\u00e9, ne partage pas l&rsquo;avis de ses coll\u00e8gues. Pr\u00e9sent en Moto2 il y a deux ans, lorsque la course avait \u00e9t\u00e9 maintenue dans des conditions particuli\u00e8rement difficiles, il rappelle que le plus grand danger provenait surtout de la combinaison de plusieurs facteurs et pas uniquement du vent.<\/p>\n<p>\u00ab\u00a0Nous devons courir dimanche\u00a0\u00bb, affirme l&rsquo;Espagnol. \u00ab\u00a0Il faut s\u00e9parer ce qui s&rsquo;est pass\u00e9 en 2023 de ce qui se passe cette ann\u00e9e. J&rsquo;ai couru ce dimanche-l\u00e0 en Moto2, il y avait un vent de 80 km\/h, il pleuvait, et beaucoup de facteurs se combinaient. On ne voyait rien, le ciel \u00e9tait tellement sombre qu&rsquo;on avait l&rsquo;impression de courir de nuit.\u00a0\u00bb<\/p>\n<p>\u00ab\u00a0Mais s&rsquo;il fait beau et que la temp\u00e9rature est correcte, le vent reste un \u00e9l\u00e9ment. Le danger, c&rsquo;est que cinquante choses se combinent. Je pourrais comprendre de changer le jour de la course, mais s&rsquo;il y a seulement du vent, il faut courir dimanche.\u00a0\u00bb<\/p>\n<p style=\"text-align: right;\">Avec Germ\u00e1n Garcia Casanova<\/p>\n<p>Lire aussi :<\/p>\n<p>            Votre avis nous int\u00e9resse !<\/p>\n<p class=\"mt-auto\">Qu&rsquo;aimeriez-vous voir sur Motorsport.com ?<\/p>\n<p>            <a href=\"#\" class=\"ms-link text-link font-bold\">R\u00e9pondez \u00e0 notre enqu\u00eate de 5 minutes.<\/a><\/p>\n<p class=\"mt-1 font-info text-body\">&#8211; L&rsquo;\u00e9quipe Motorsport.com<\/p>\n","protected":false},"excerpt":{"rendered":"Le programme de Phillip Island va-t-il \u00eatre chamboul\u00e9 ? Les pr\u00e9visions m\u00e9t\u00e9o annoncent des temp\u00e9ratures plus \u00e9lev\u00e9es d&rsquo;une&hellip;\n","protected":false},"author":2,"featured_media":470096,"comment_status":"","ping_status":"","sticky":false,"template":"","format":"standard","meta":{"footnotes":""},"categories":[1413],"tags":[59379,59378,1011,27,56962,15966,1457,1456,1458,4951,56963,60],"class_list":{"0":"post-470095","1":"post","2":"type-post","3":"status-publish","4":"format-standard","5":"has-post-thumbnail","7":"category-moto","8":"tag-bagnaia-demande-u00e0-du00e9caler-la-course-u00e0-samedi","9":"tag-face-au-vent","10":"tag-fr","11":"tag-france","12":"tag-gp-daustralie","13":"tag-luca-marini","14":"tag-moto","15":"tag-motocycle","16":"tag-motogp","17":"tag-pecco-bagnaia","18":"tag-phillip-island-grand-prix-circuit","19":"tag-sports"},"share_on_mastodon":{"url":"https:\/\/pubeurope.com\/@fr\/115389884926410877","error":""},"_links":{"self":[{"href":"https:\/\/www.europesays.com\/fr\/wp-json\/wp\/v2\/posts\/470095","targetHints":{"allow":["GET"]}}],"collection":[{"href":"https:\/\/www.europesays.com\/fr\/wp-json\/wp\/v2\/posts"}],"about":[{"href":"https:\/\/www.europesays.com\/fr\/wp-json\/wp\/v2\/types\/post"}],"author":[{"embeddable":true,"href":"https:\/\/www.europesays.com\/fr\/wp-json\/wp\/v2\/users\/2"}],"replies":[{"embeddable":true,"href":"https:\/\/www.europesays.com\/fr\/wp-json\/wp\/v2\/comments?post=470095"}],"version-history":[{"count":0,"href":"https:\/\/www.europesays.com\/fr\/wp-json\/wp\/v2\/posts\/470095\/revisions"}],"wp:featuredmedia":[{"embeddable":true,"href":"https:\/\/www.europesays.com\/fr\/wp-json\/wp\/v2\/media\/470096"}],"wp:attachment":[{"href":"https:\/\/www.europesays.com\/fr\/wp-json\/wp\/v2\/media?parent=470095"}],"wp:term":[{"taxonomy":"category","embeddable":true,"href":"https:\/\/www.europesays.com\/fr\/wp-json\/wp\/v2\/categories?post=470095"},{"taxonomy":"post_tag","embeddable":true,"href":"https:\/\/www.europesays.com\/fr\/wp-json\/wp\/v2\/tags?post=470095"}],"curies":[{"name":"wp","href":"https:\/\/api.w.org\/{rel}","templated":true}]}}