{"id":470097,"date":"2025-10-17T14:04:12","date_gmt":"2025-10-17T14:04:12","guid":{"rendered":"https:\/\/www.europesays.com\/fr\/470097\/"},"modified":"2025-10-17T14:04:12","modified_gmt":"2025-10-17T14:04:12","slug":"tremplin-vers-le-titre","status":"publish","type":"post","link":"https:\/\/www.europesays.com\/fr\/470097\/","title":{"rendered":"tremplin vers le titre ?"},"content":{"rendered":"<p>Huit points \u00e0 prendre lors de la course sprint, vingt-cinq pendant le Grand Prix\u00a0: <a href=\"https:\/\/www.formula1.com\/en\/racing\/2025\/united-states\" target=\"_blank\" rel=\"noopener nofollow\" title=\"\">le week-end texan sur le Circuit of the Americas<\/a> pourrait bien d\u00e9terminer si le quadruple champion du monde peut encore d\u00e9fendre son titre. \u00ab Je prends les courses une par une, on verra bien o\u00f9 cela nous m\u00e8ne \u00bb, confie Verstappen avec son calme habituel.<\/p>\n<p>Le N\u00e9erlandais affiche un large sourire \u00e0 Austin. \u00ab Nous comprenons de mieux en mieux notre voiture. Elle est plus \u00e9quilibr\u00e9e et les r\u00e9sultats r\u00e9cents nous donnent confiance. Cela rend chaque week-end de course plus agr\u00e9able. \u00bb Selon lui, la progression est claire\u00a0: \u00ab Le d\u00e9but de saison a \u00e9t\u00e9 difficile, mais les trois derniers week-ends ont \u00e9t\u00e9 excellents. Et oui, bien s\u00fbr que je veux gagner ici. C\u2019est un circuit fantastique, un vrai plaisir \u00e0 piloter. \u00bb<\/p>\n<p><img fetchpriority=\"high\" decoding=\"async\" width=\"1024\" height=\"682\" src=\"https:\/\/www.europesays.com\/fr\/wp-content\/uploads\/2025\/10\/verstappen_f1_texas_inline01-1-1024x682.jpg\" alt=\"\" class=\"wp-image-20081\"  \/>\u00a9\u00a0Eric Alonso\/PsnewZ\/Photo News<\/p>\n<p>41 points de rattrap\u00e9s<\/p>\n<p>La tension monte au championnat du monde. Depuis la tr\u00eave estivale, Verstappen a r\u00e9duit son retard sur le leader Oscar Piastri de 41 points, avec deux victoires et une deuxi\u00e8me place \u00e0 son actif. Une remont\u00e9e impressionnante, m\u00eame s\u2019il reste exigeant\u00a0: \u00ab <a href=\"https:\/\/www.goldenpalacenews.be\/2025\/09\/07\/grand-prix-de-monza-2025-verstappen-simpose-enfin\/\" target=\"_blank\" rel=\"noopener nofollow\" title=\"\">Monza<\/a> et <a href=\"https:\/\/www.goldenpalacenews.be\/2025\/09\/21\/max-verstappen-triomphe-en-azerbaidjan-et-relance-la-course-au-titre-face-aux-mclaren\/\" target=\"_blank\" rel=\"noopener nofollow\" title=\"\">Bakou<\/a> \u00e9taient super, Singapour aussi, mais on n\u2019a pas tout tir\u00e9 de la voiture. Globalement, on est sur la bonne voie et l\u2019ambiance dans l\u2019\u00e9quipe est excellente. \u00bb<\/p>\n<p>Chez Red Bull, on ne pense pas \u00e0 lever le pied. \u00ab J\u2019\u00e9tais encore au si\u00e8ge en Angleterre cette semaine pour des s\u00e9ances de simulation. On travaille dur pour comprendre o\u00f9 l\u2019on peut progresser et comment rendre la voiture encore meilleure. \u00bb<\/p>\n<p>Verstappen n\u2019a jamais cach\u00e9 qu\u2019il n\u2019\u00e9tait pas fan des week-ends sprint. Pourtant, les deux courses au Texas pourraient peser lourd dans la balance du championnat. \u00ab Ce sera intense \u00bb, pr\u00e9vient-il. \u00ab On manque toujours de temps. Deux s\u00e9ances d\u2019essais ont \u00e9t\u00e9 supprim\u00e9es, donc on ne peut presque pas affiner les r\u00e9glages. Il faut que tout soit parfait d\u00e8s le d\u00e9part. \u00bb<\/p>\n<p>50\/50<\/p>\n<p>Lorsqu\u2019on lui demande quelles sont ses chances de conserver son titre, Verstappen r\u00e9pond avec humour\u00a0: \u00ab Cinquante pour cent. Soit je gagne, soit je ne gagne pas. \u00bb Sur la question de savoir si la rivalit\u00e9 entre Piastri et Norris chez McLaren pourrait l\u2019aider, il reste aussi laconique\u00a0: \u00ab Oui, probablement. \u00bb <\/p>\n<p>Puis il ajoute, sourire en coin\u00a0: \u00ab Je n\u2019en sais rien, et franchement, \u00e7a m\u2019est \u00e9gal. Ils font du bon travail. Me demander si j\u2019aurais d\u00e9j\u00e0 \u00e9t\u00e9 champion avec leur voiture n\u2019a pas de sens. \u00bb<\/p>\n<p><img loading=\"lazy\" decoding=\"async\" width=\"1024\" height=\"682\" src=\"https:\/\/www.europesays.com\/fr\/wp-content\/uploads\/2025\/10\/verstappen_f1_texas_inline02-1-1024x682.jpg\" alt=\"\" class=\"wp-image-20082\"  \/>\u00a9\u00a0Eric Alonso\/PsnewZ\/Photo News<\/p>\n<p>\u00ab Aucune pression \u00bb<\/p>\n<p>Chez Red Bull, le mot d\u2019ordre reste inchang\u00e9\u00a0: se concentrer sur la RB21, sans perdre d\u2019\u00e9nergie \u00e0 observer les rivaux. \u00ab Ce qui compte, c\u2019est de tirer le maximum de notre potentiel. Tant qu\u2019on fait \u00e7a, je suis satisfait. On veut gagner des courses, c\u2019est tout ce qui compte. \u00bb<\/p>\n<p>Quant \u00e0 savoir si la RB21 est capable de s\u2019imposer partout, Verstappen reste prudent\u00a0: \u00ab Je ne sais pas. Elle est tr\u00e8s diff\u00e9rente de la pr\u00e9c\u00e9dente. Pas parfaite, mais on la comprend beaucoup mieux. \u00bb<\/p>\n<p>Et sur la tension du championnat\u00a0: \u00ab Je ne ressens aucune pression. Je pense que le fait d\u2019avoir d\u00e9j\u00e0 gagn\u00e9 plusieurs titres aide. Si la voiture est bonne, je serai devant. C\u2019est aussi simple que \u00e7a. \u00bb<\/p>\n<p>Alors, ce week-end texan servira-t-il de tremplin vers une nouvelle couronne mondiale\u00a0? La r\u00e9ponse arrivera vite. Une chose est s\u00fbre\u00a0: la bataille pour le titre n\u2019a jamais \u00e9t\u00e9 aussi serr\u00e9e. <\/p>\n<p><strong>EN SAVOIR PLUS\u00a0:<\/strong> <a href=\"https:\/\/www.goldenpalacenews.be\/2025\/09\/22\/titre-f1-red-bull-va-t-il-encore-pieger-mclaren\/\" target=\"_blank\" rel=\"noopener nofollow\" title=\"\">Titre F1\u00a0: Red Bull va-t-il encore pi\u00e9ger McLaren\u00a0?<\/a><\/p>\n","protected":false},"excerpt":{"rendered":"Huit points \u00e0 prendre lors de la course sprint, vingt-cinq pendant le Grand Prix\u00a0: le week-end texan sur&hellip;\n","protected":false},"author":2,"featured_media":451362,"comment_status":"","ping_status":"","sticky":false,"template":"","format":"standard","meta":{"footnotes":""},"categories":[1412],"tags":[1451,1452,1453,1454,1455,1011,27,60],"class_list":{"0":"post-470097","1":"post","2":"type-post","3":"status-publish","4":"format-standard","5":"has-post-thumbnail","7":"category-f1","8":"tag-f1","9":"tag-formula-1","10":"tag-formula1","11":"tag-formule-1","12":"tag-formule1","13":"tag-fr","14":"tag-france","15":"tag-sports"},"share_on_mastodon":{"url":"https:\/\/pubeurope.com\/@fr\/115389889130878392","error":""},"_links":{"self":[{"href":"https:\/\/www.europesays.com\/fr\/wp-json\/wp\/v2\/posts\/470097","targetHints":{"allow":["GET"]}}],"collection":[{"href":"https:\/\/www.europesays.com\/fr\/wp-json\/wp\/v2\/posts"}],"about":[{"href":"https:\/\/www.europesays.com\/fr\/wp-json\/wp\/v2\/types\/post"}],"author":[{"embeddable":true,"href":"https:\/\/www.europesays.com\/fr\/wp-json\/wp\/v2\/users\/2"}],"replies":[{"embeddable":true,"href":"https:\/\/www.europesays.com\/fr\/wp-json\/wp\/v2\/comments?post=470097"}],"version-history":[{"count":0,"href":"https:\/\/www.europesays.com\/fr\/wp-json\/wp\/v2\/posts\/470097\/revisions"}],"wp:featuredmedia":[{"embeddable":true,"href":"https:\/\/www.europesays.com\/fr\/wp-json\/wp\/v2\/media\/451362"}],"wp:attachment":[{"href":"https:\/\/www.europesays.com\/fr\/wp-json\/wp\/v2\/media?parent=470097"}],"wp:term":[{"taxonomy":"category","embeddable":true,"href":"https:\/\/www.europesays.com\/fr\/wp-json\/wp\/v2\/categories?post=470097"},{"taxonomy":"post_tag","embeddable":true,"href":"https:\/\/www.europesays.com\/fr\/wp-json\/wp\/v2\/tags?post=470097"}],"curies":[{"name":"wp","href":"https:\/\/api.w.org\/{rel}","templated":true}]}}