{"id":470112,"date":"2025-10-17T14:13:14","date_gmt":"2025-10-17T14:13:14","guid":{"rendered":"https:\/\/www.europesays.com\/fr\/470112\/"},"modified":"2025-10-17T14:13:14","modified_gmt":"2025-10-17T14:13:14","slug":"le-documentaire-le-plus-touchant-de-2025-arrive-sur-apple-tv","status":"publish","type":"post","link":"https:\/\/www.europesays.com\/fr\/470112\/","title":{"rendered":"Le documentaire le plus touchant de 2025 arrive sur Apple TV"},"content":{"rendered":"<p>                    <b>Apple continue de miser sur les documentaires poignants avec un nouveau film d\u00e9j\u00e0 salu\u00e9 par la critique\u00a0: Come See Me in the Good Light. Laur\u00e9at du Festival Favorite Award au dernier Sundance Film Festival, le documentaire consacr\u00e9 \u00e0 la po\u00e8te am\u00e9ricaine Andrea Gibson sera disponible le 14 novembre sur Apple TV et dans une s\u00e9lection de salles de cin\u00e9ma \u00e0 travers le monde.<\/b><\/p>\n<p>                                                                                                                                                        <img decoding=\"async\" src=\"https:\/\/www.europesays.com\/fr\/wp-content\/uploads\/2025\/10\/731c8fab37_apple-tv-come-see-me-in-the-good-light.webp.webp\" alt=\"Apple TV Come See Me in the Good Light\" width=\"1200\" height=\"629\" loading=\"lazy\"\/>        <\/p>\n<p>Une histoire d\u2019amour, de po\u00e9sie et de r\u00e9silience<\/p>\n<p>R\u00e9alis\u00e9 par Lindsey Dryden, <b><a target=\"_blank\" href=\"https:\/\/shop.mac4ever.com\/gateway?pid=deeplink&amp;mid=a7&amp;ml=82e1&amp;st=article&amp;sid=192498&amp;said=2220&amp;sp=www\" rel=\"nofollow noopener\">Come See Me in the Good Light<\/a> retrace avec pudeur et tendresse le parcours d\u2019Andrea Gibson, po\u00e8te et militante, confront\u00e9e \u00e0 un diagnostic de cancer incurable<\/b>. Le film suit son histoire d\u2019amour avec Megan Falley, \u00e9galement po\u00e8te, et explore comment le couple transforme la peur et la douleur en une c\u00e9l\u00e9bration de la vie, de l\u2019humour et de la cr\u00e9ation.<\/p>\n<p>Apple d\u00e9crit le documentaire comme une histoire d\u2019amour poignante et \u00e9tonnamment dr\u00f4le entre deux artistes qui affrontent la maladie avec joie, esprit et une complicit\u00e9 in\u00e9branlable. Par le rire et un amour sans faille, ils transforment la souffrance en mission, et la mortalit\u00e9 en un vibrant hommage \u00e0 la r\u00e9silience.<\/p>\n<p>Un documentaire d\u00e9j\u00e0 multi-r\u00e9compens\u00e9<\/p>\n<p><b>Avant m\u00eame sa diffusion mondiale, Come See Me in the Good Light a conquis la critique et les jurys. <\/b>En plus de son prix du public \u00e0 Sundance, le film a remport\u00e9 plusieurs distinctions\u00a0: Audience Award au San Francisco International Film Festival, \tAudience Award au Hot Docs Festival et Best Documentary Award au Seattle International Film Festival.<\/p>\n<p>Ces reconnaissances confirment l\u2019universalit\u00e9 et la puissance \u00e9motionnelle de ce r\u00e9cit, qui aborde la mort, l\u2019amour et la po\u00e9sie sans jamais sombrer dans le pathos.<\/p>\n<p>Avec Come See Me in the Good Light, Apple TV renforce sa position dans le cin\u00e9ma d\u2019auteur et les r\u00e9cits humains \u00e0 forte port\u00e9e \u00e9motionnelle, d\u00e9j\u00e0 illustr\u00e9s par des productions comme Still: A Michael J. Fox Movie ou Selena Gomez: My Mind &amp; Me. Le documentaire sera disponible le 14 novembre sur Apple TV, ainsi qu\u2019en salles s\u00e9lectionn\u00e9es aux \u00c9tats-Unis et en Europe.<\/p>\n","protected":false},"excerpt":{"rendered":"Apple continue de miser sur les documentaires poignants avec un nouveau film d\u00e9j\u00e0 salu\u00e9 par la critique\u00a0: Come&hellip;\n","protected":false},"author":2,"featured_media":470113,"comment_status":"","ping_status":"","sticky":false,"template":"","format":"standard","meta":{"footnotes":""},"categories":[1354],"tags":[59382,58,59,1346,1011,27,1360],"class_list":{"0":"post-470112","1":"post","2":"type-post","3":"status-publish","4":"format-standard","5":"has-post-thumbnail","7":"category-films","8":"tag-appletv","9":"tag-divertissement","10":"tag-entertainment","11":"tag-films","12":"tag-fr","13":"tag-france","14":"tag-movies"},"share_on_mastodon":{"url":"https:\/\/pubeurope.com\/@fr\/115389924474396576","error":""},"_links":{"self":[{"href":"https:\/\/www.europesays.com\/fr\/wp-json\/wp\/v2\/posts\/470112","targetHints":{"allow":["GET"]}}],"collection":[{"href":"https:\/\/www.europesays.com\/fr\/wp-json\/wp\/v2\/posts"}],"about":[{"href":"https:\/\/www.europesays.com\/fr\/wp-json\/wp\/v2\/types\/post"}],"author":[{"embeddable":true,"href":"https:\/\/www.europesays.com\/fr\/wp-json\/wp\/v2\/users\/2"}],"replies":[{"embeddable":true,"href":"https:\/\/www.europesays.com\/fr\/wp-json\/wp\/v2\/comments?post=470112"}],"version-history":[{"count":0,"href":"https:\/\/www.europesays.com\/fr\/wp-json\/wp\/v2\/posts\/470112\/revisions"}],"wp:featuredmedia":[{"embeddable":true,"href":"https:\/\/www.europesays.com\/fr\/wp-json\/wp\/v2\/media\/470113"}],"wp:attachment":[{"href":"https:\/\/www.europesays.com\/fr\/wp-json\/wp\/v2\/media?parent=470112"}],"wp:term":[{"taxonomy":"category","embeddable":true,"href":"https:\/\/www.europesays.com\/fr\/wp-json\/wp\/v2\/categories?post=470112"},{"taxonomy":"post_tag","embeddable":true,"href":"https:\/\/www.europesays.com\/fr\/wp-json\/wp\/v2\/tags?post=470112"}],"curies":[{"name":"wp","href":"https:\/\/api.w.org\/{rel}","templated":true}]}}