{"id":470123,"date":"2025-10-17T14:19:11","date_gmt":"2025-10-17T14:19:11","guid":{"rendered":"https:\/\/www.europesays.com\/fr\/470123\/"},"modified":"2025-10-17T14:19:11","modified_gmt":"2025-10-17T14:19:11","slug":"en-italie-une-bombe-explose-sous-la-voiture-du-journaliste-de-la-rai-sigfrido-ranucci-liberation","status":"publish","type":"post","link":"https:\/\/www.europesays.com\/fr\/470123\/","title":{"rendered":"En Italie, une bombe explose sous la voiture du journaliste de la RAI Sigfrido Ranucci \u2013 Lib\u00e9ration"},"content":{"rendered":"<p class=\"sc-cPiKLX AiZTS text-element\">Le journaliste italien Sigfrido Ranucci a \u00e9t\u00e9 la victime indirecte d\u2019un attentat \u00e0 la bombe, jeudi 16 octobre, selon le compte X de l\u2019\u00e9mission Report, qu\u2019il pr\u00e9sente. Vers 22 heures, dans la ville de Pomezia, pr\u00e8s de Rome, l\u2019explosion a d\u00e9truit les voitures du pr\u00e9sentateur de la RAI et de sa fille, rapporte <a href=\"https:\/\/www.repubblica.it\/cronaca\/2025\/10\/17\/news\/bomba_distrugge_le_auto_del_giornalista_sigfrido_ranucci_e_della_figlia_davanti_alla_loro_casa_a_pomezia-424918286\/\" target=\"_blank\" rel=\"noreferrer noopener\" title=\"https:\/\/www.repubblica.it\/cronaca\/2025\/10\/17\/news\/bomba_distrugge_le_auto_del_giornalista_sigfrido_ranucci_e_della_figlia_davanti_alla_loro_casa_a_pomezia-424918286\/\">la Republicca.<\/a> L\u2019attentat n\u2019a fait aucun bless\u00e9. Sigfrido Ranucci et sa fille \u00e9taient alors tous les deux au domicile du journaliste. <\/p>\n<blockquote class=\"twitter-tweet\">\n<p lang=\"it\" dir=\"ltr\">Questa notte un ordigno \u00e8 stato piazzato sotto l\u2019auto del giornalista e conduttore di Report, Sigfrido Ranucci. L&rsquo;auto \u00e8 saltata  in aria, danneggiando anche l\u2019altra auto di famiglia e la casa accanto. Sul posto carabinieri, Digos, vigili del fuoco e scientifica. La Procura di\u2026 <a href=\"https:\/\/t.co\/KmDycbpgq1\">pic.twitter.com\/KmDycbpgq1<\/a><\/p>\n<p>\u2014 Report (@reportrai3) <a href=\"https:\/\/twitter.com\/reportrai3\/status\/1978965437837697046?ref_src=twsrc%5Etfw\" target=\"_blank\" rel=\"noopener\">October 16, 2025<\/a><\/p><\/blockquote>\n<p class=\"sc-cPiKLX AiZTS text-element\">La voiture de sa fille et la fa\u00e7ade de sa maison ont \u00e9galement \u00e9t\u00e9 endommag\u00e9s par l\u2019explosion, prolonge Report, qui a partag\u00e9 <a href=\"https:\/\/x.com\/reportrai3\/status\/1978965437837697046\" target=\"_blank\" rel=\"noreferrer\" title=\"https:\/\/x.com\/reportrai3\/status\/1978965437837697046\">une vid\u00e9o montrant des d\u00e9g\u00e2ts consid\u00e9rables.<\/a> \u00abLa puissance de l\u2019explosion a \u00e9t\u00e9 telle qu\u2019elle aurait pu tuer si quelqu\u2019un \u00e9tait pass\u00e9 \u00e0 ce moment pr\u00e9cis \u00e0 c\u00f4t\u00e9\u00bb, pr\u00e9cise Report, ajoutant qu\u2019une enqu\u00eate a \u00e9t\u00e9 ouverte, confi\u00e9e au parquet anti-mafia de Rome. <\/p>\n<p class=\"sc-cPiKLX AiZTS text-element\">\u00abAu moins un kilogramme d\u2019explosif a \u00e9t\u00e9 utilis\u00e9\u00bb, a d\u00e9clar\u00e9 Sigfrido Ranucci au quotidien Corriere della Sera. Aupr\u00e8s de l\u2019agence Ansa, il a \u00e9galement pr\u00e9cis\u00e9 le contexte dans lequel s\u2019est d\u00e9roul\u00e9 cet attentat : \u00abJ\u2019ai re\u00e7u une liste infinie de menaces diverses, dont j\u2019ai toujours inform\u00e9 la Justice, et sur lesquelles les membres de ma garde rapproch\u00e9e ont toujours fait des rapports.\u00bb <\/p>\n<p class=\"sc-cPiKLX AiZTS text-element\">\u00abCe qui s\u2019est pass\u00e9 cette nuit repr\u00e9sente une escalade inqui\u00e9tante\u00bb, souligne le journaliste, qui vit sous escorte polici\u00e8re depuis 2014, avait notamment trouv\u00e9 deux cartouches devant sa maison. \u00abJe me sens n\u00e9anmoins tranquille dans le sens o\u00f9 l\u2019Etat et les institutions m\u2019ont toujours soutenu ces derniers mois.\u00bb <\/p>\n<p class=\"sc-cPiKLX AiZTS text-element\">Cette explosion a suscit\u00e9 un d\u00e9luge de condamnations de la part de nombreux responsables politiques de tout bord. La cheffe du gouvernement d\u2019extr\u00eame droite Giorgia Meloni a ainsi exprim\u00e9 sa \u00abpleine solidarit\u00e9\u00bb au journaliste et a \u00abfermement condamn\u00e9 le grave acte d\u2019intimidation\u00bb. \u00abLa libert\u00e9 et l\u2019ind\u00e9pendance de l\u2019information sont des valeurs de notre d\u00e9mocratie auxquelles on ne peut pas renoncer et que nous continuerons \u00e0 d\u00e9fendre\u00bb, a ajout\u00e9 la pr\u00e9sidente du conseil, <a href=\"https:\/\/www.liberation.fr\/international\/europe\/en-italie-giorgia-meloni-sacharne-sur-la-presse-20230323_EWR3X3K5D5FHFBBLSTZX6O33KU\/\" target=\"_blank\" rel=\"noreferrer noopener\" title=\"https:\/\/www.liberation.fr\/international\/europe\/en-italie-giorgia-meloni-sacharne-sur-la-presse-20230323_EWR3X3K5D5FHFBBLSTZX6O33KU\/\">qui multiplie les proc\u00e9dures en diffamation contre la presse.<\/a> <\/p>\n<p class=\"sc-cPiKLX AiZTS text-element\">\u00abJ\u2019ai donn\u00e9 l\u2019ordre de renforcer au maximum toutes les mesures concernant sa protection\u00bb, a \u00e9crit sur X le ministre de l\u2019Int\u00e9rieur Matteo Piantedosi. \u00abUn attentat contre un journaliste est un attentat contre l\u2019Etat\u00bb, a comment\u00e9 de son c\u00f4t\u00e9 le ministre de la Justice Carlo Nordio sur la cha\u00eene SkyTG24. <\/p>\n<p class=\"sc-cPiKLX AiZTS text-element\">Dans le classement 2025 de Reporters sans fronti\u00e8res (RSF) sur la libert\u00e9 de la presse, l\u2019Italie occupe une peu reluisante 49e place. L\u2019ONG souligne ainsi que le travail d\u2019investigation sur le crime organis\u00e9 et la corruption vaut aux journalistes qui le pratiquent d\u2019\u00eatre les cibles d\u2019intimidations et d\u2019agressions. Une vingtaine de journalistes italiens vivent ainsi sous protection polici\u00e8re.  <\/p>\n<p class=\"sc-cPiKLX AiZTS text-element\">Dans une \u00e9mission de 2021, Sigrifido Ranucci, qui s\u2019appr\u00eate \u00e0 faire des r\u00e9v\u00e9lations autour des organisations criminelles \u2018Ndrangheta et Cosa Nostra raconte comment un ex-d\u00e9tenu lui avait dit que des chefs mafieux incarc\u00e9r\u00e9s \u00abavaient donn\u00e9 l\u2019ordre de [le] tuer [&#8230;] mais \u00e7a \u00e9t\u00e9 stopp\u00e9\u00bb.\u00a0La cr\u00e9atrice de Report Milena Gabanelli estime de son c\u00f4t\u00e9 que cet attentat \u00abne signifie qu\u2019une chose : \u201cCher Sigfrido, chez Report, vous ne devez plus vous occuper de nos affaires.\u201d\u00bb La responsable a toutefois assur\u00e9 que les poseurs de la bombe s\u2019\u00e9taient \u00abtromp\u00e9s de cible\u00bb, assurant que l\u2019\u00e9quipe de Report \u00abne se laisse pas intimider\u00bb. <\/p>\n<p class=\"sc-cPiKLX AiZTS text-element\"><b>Mise \u00e0 jour \u00e0 13h21 <\/b>avec les r\u00e9actions de RSF, Sigfrido Ranucci et de Report. <\/p>\n<p><script async src=\"https:\/\/platform.twitter.com\/widgets.js\" charset=\"utf-8\"><\/script><\/p>\n","protected":false},"excerpt":{"rendered":"Le journaliste italien Sigfrido Ranucci a \u00e9t\u00e9 la victime indirecte d\u2019un attentat \u00e0 la bombe, jeudi 16 octobre,&hellip;\n","protected":false},"author":2,"featured_media":470124,"comment_status":"","ping_status":"","sticky":false,"template":"","format":"standard","meta":{"footnotes":""},"categories":[5],"tags":[11,1011,27,14,452,10402,12,28],"class_list":{"0":"post-470123","1":"post","2":"type-post","3":"status-publish","4":"format-standard","5":"has-post-thumbnail","7":"category-international","8":"tag-actualites","9":"tag-fr","10":"tag-france","11":"tag-international","12":"tag-italie","13":"tag-liberte-de-la-presse","14":"tag-news","15":"tag-world"},"share_on_mastodon":{"url":"https:\/\/pubeurope.com\/@fr\/115389947182846306","error":""},"_links":{"self":[{"href":"https:\/\/www.europesays.com\/fr\/wp-json\/wp\/v2\/posts\/470123","targetHints":{"allow":["GET"]}}],"collection":[{"href":"https:\/\/www.europesays.com\/fr\/wp-json\/wp\/v2\/posts"}],"about":[{"href":"https:\/\/www.europesays.com\/fr\/wp-json\/wp\/v2\/types\/post"}],"author":[{"embeddable":true,"href":"https:\/\/www.europesays.com\/fr\/wp-json\/wp\/v2\/users\/2"}],"replies":[{"embeddable":true,"href":"https:\/\/www.europesays.com\/fr\/wp-json\/wp\/v2\/comments?post=470123"}],"version-history":[{"count":0,"href":"https:\/\/www.europesays.com\/fr\/wp-json\/wp\/v2\/posts\/470123\/revisions"}],"wp:featuredmedia":[{"embeddable":true,"href":"https:\/\/www.europesays.com\/fr\/wp-json\/wp\/v2\/media\/470124"}],"wp:attachment":[{"href":"https:\/\/www.europesays.com\/fr\/wp-json\/wp\/v2\/media?parent=470123"}],"wp:term":[{"taxonomy":"category","embeddable":true,"href":"https:\/\/www.europesays.com\/fr\/wp-json\/wp\/v2\/categories?post=470123"},{"taxonomy":"post_tag","embeddable":true,"href":"https:\/\/www.europesays.com\/fr\/wp-json\/wp\/v2\/tags?post=470123"}],"curies":[{"name":"wp","href":"https:\/\/api.w.org\/{rel}","templated":true}]}}