{"id":470129,"date":"2025-10-17T14:22:20","date_gmt":"2025-10-17T14:22:20","guid":{"rendered":"https:\/\/www.europesays.com\/fr\/470129\/"},"modified":"2025-10-17T14:22:20","modified_gmt":"2025-10-17T14:22:20","slug":"tribunal-nette-amelioration-des-ressources-humaines-a-saint-etienne","status":"publish","type":"post","link":"https:\/\/www.europesays.com\/fr\/470129\/","title":{"rendered":"Tribunal\u00a0: nette am\u00e9lioration des ressources humaines \u00e0 Saint-Etienne"},"content":{"rendered":"<p class=\"is-style-chapo\">C\u2019est suffisamment rare pour le souligner. Lors de l\u2019audience solennelle de pr\u00e9sentation du tribunal judiciaire de Saint-Etienne, qui se d\u00e9roulait mercredi 15 octobre, on apprenait que l\u2019effectif des juges du si\u00e8ge serait au complet d\u00e8s le 1er d\u00e9cembre prochain. Lors de sa prise de parole, la procureure en a profit\u00e9 pour revenir sur les attaques dont les magistrats ont pu r\u00e9cemment \u00eatre la cible\u2026<\/p>\n<p><img fetchpriority=\"high\" decoding=\"async\" width=\"1024\" height=\"576\" src=\"https:\/\/www.europesays.com\/fr\/wp-content\/uploads\/2025\/10\/IMG_9584-scaled-e1695300658650-1024x576.jpg\" alt=\"\" class=\"wp-image-60893\"  \/>\u00a9JT\/ If Saint-Etienne.<\/p>\n<p>\u00ab\u00a0Il y a quelques semaines encore, notre justice a \u00e9t\u00e9 violemment remise en cause, attaqu\u00e9e dans sa l\u00e9gitimit\u00e9 et \u00e9corch\u00e9e dans sa n\u00e9cessaire stabilit\u00e9, a lanc\u00e9 <a href=\"https:\/\/www.if-saint-etienne.fr\/immobilier-vie-juridique\/anne-gaches-nouvelle-procureure-de-la-republique-de-saint-etienne-officiellement-presentee\" target=\"_blank\" rel=\"noreferrer noopener\">Anne Gaches<\/a>, procureure de la R\u00e9publique de Saint-Etienne, en introduction de son propos. Pire m\u00eame, pour la seconde fois en un an, des juges ont fait l\u2019objet de menaces de mort, \u00e0 l\u2019issue m\u00eame du rendu de leur d\u00e9cision prise en application de la loi\u00a0\u00bb. C\u2019est lors de l\u2019audience solennelle de pr\u00e9sentation du tribunal judiciaire qu\u2019elle a souhait\u00e9 revenir sur la d\u00e9fiance envers l\u2019institution, notamment apr\u00e8s que l\u2019ancien pr\u00e9sident de la R\u00e9publique, Nicolas Sarkozy, ait \u00e9t\u00e9 condamn\u00e9. <\/p>\n<p>Et de poursuivre\u00a0: \u00ab\u00a0Ces critiques et menaces qui ont envahi l\u2019espace m\u00e9diatique t\u00e9moignent de ce que l\u2019Etat de droit est un processus qui exige vigilance, et responsabilit\u00e9 de la part de chacun d\u2019entre nous. Elles nous rappellent aux valeurs qui guident l\u2019exercice de nos missions : l\u2019ind\u00e9pendance, l\u2019humanit\u00e9, l\u2019int\u00e9grit\u00e9, la loyaut\u00e9 et le respect de l\u2019autre\u00a0\u00bb.<\/p>\n<p>La procureure a \u00e9galement tenu \u00e0 pr\u00e9senter les d\u00e9fis qu\u2019allait devoir surmonter la <a href=\"https:\/\/www.justice.gouv.fr\/\" target=\"_blank\" rel=\"noreferrer noopener\">Justice<\/a> selon elle. Parmi eux, elle a cit\u00e9 l\u2019obligation de regagner la confiance des citoyens et pour cela, gagner en lisibilit\u00e9, puis, le passage au num\u00e9rique et particuli\u00e8rement l\u2019utilisation de l\u2019Intelligence Artificielle. Enfin, elle a souhait\u00e9 la bienvenue aux quatre nouvelles magistrates du si\u00e8ge ainsi qu\u2019\u00e0 la nouvelle substitut du procureur.<\/p>\n<p>Les trois H de la Justice<\/p>\n<p>C\u2019est ensuite Fran\u00e7ois-Xavier Manteaux, pr\u00e9sident du tribunal, qui a pr\u00e9sent\u00e9 les parcours de Pascale Hygont Dartigues, Bertille Catheland, Mathilde Lesman, Florie Lanoir, et Sophie May. Respectivement, elles occupent les postes de vice-pr\u00e9sidente charg\u00e9e des enfants, vice-pr\u00e9sidente charg\u00e9e de l\u2019instruction, juge d\u2019instruction, substitut, et juge non sp\u00e9cialis\u00e9. Et ce renfort d\u2019effectifs est une excellente nouvelle pour Saint-Etienne. <\/p>\n<p>\u00ab\u00a0Aujourd\u2019hui, l\u2019effectif, en tout cas en ce qui concerne le si\u00e8ge, s\u2019\u00e9tablit \u00e0 36 magistrats sur un total de 37 postes, a-t-il d\u00e9taill\u00e9. Nous aurons le plein effectif de 37 magistrats le 1er d\u00e9cembre prochain, si toutefois le prochain projet de mutation de magistrat ne vient pas \u00e9claircir les rangs au 1er janvier 2026. 37 magistrats, car nous aurons le plaisir d\u2019accueillir Isabelle Maillot en qualit\u00e9 de juge non sp\u00e9cialis\u00e9 \u00e0 l\u2019issue du stage qu\u2019elle effectue dans la juridiction depuis la fin du mois d\u2019ao\u00fbt\u00a0\u00bb. <\/p>\n<p>Le pr\u00e9sident souligne que cette embellie r\u00e9sulte des premiers effets du plan de recrutement de magistrats initi\u00e9 par l\u2019ancien garde des Sceaux, Eric Dupond-Moretti. \u00ab\u00a0L\u2019optimisme est donc de mise, quand les choses vont mieux il faut le dire, m\u00eame si le parquet et le greffe ne connaissent pas forc\u00e9ment la m\u00eame embellie\u00a0\u00bb. Il a conclu en conseillant aux magistrats d\u2019appliquer dans leurs fonctions la r\u00e8gle des trois H\u00a0: humanit\u00e9, humour et honn\u00eatet\u00e9, comme le recommandait le directeur de l\u2019Ecole nationale de la magistrature, \u00e0 l\u2019\u00e9poque o\u00f9 Fran\u00e7ois-Xavier Manteaux y \u00e9tait auditeur de justice.<\/p>\n","protected":false},"excerpt":{"rendered":"C\u2019est suffisamment rare pour le souligner. Lors de l\u2019audience solennelle de pr\u00e9sentation du tribunal judiciaire de Saint-Etienne, qui&hellip;\n","protected":false},"author":2,"featured_media":394606,"comment_status":"","ping_status":"","sticky":false,"template":"","format":"standard","meta":{"footnotes":""},"categories":[9653],"tags":[1111,11,59383,2430,3235,1777,674,1011,27,12,59384,25,4001,13777,59385],"class_list":{"0":"post-470129","1":"post","2":"type-post","3":"status-publish","4":"format-standard","5":"has-post-thumbnail","7":"category-saint-etienne","8":"tag-actu","9":"tag-actualites","10":"tag-anne-gaches","11":"tag-auvergne-rhone-alpes","12":"tag-effectif","13":"tag-eu","14":"tag-europe","15":"tag-fr","16":"tag-france","17":"tag-news","18":"tag-procureure-de-la-republique","19":"tag-republique-francaise","20":"tag-saint-etienne","21":"tag-tribunal-de-saint-etienne","22":"tag-tribunal-judiciaire-de-saint-etienne"},"share_on_mastodon":{"url":"https:\/\/pubeurope.com\/@fr\/115389959668644467","error":""},"_links":{"self":[{"href":"https:\/\/www.europesays.com\/fr\/wp-json\/wp\/v2\/posts\/470129","targetHints":{"allow":["GET"]}}],"collection":[{"href":"https:\/\/www.europesays.com\/fr\/wp-json\/wp\/v2\/posts"}],"about":[{"href":"https:\/\/www.europesays.com\/fr\/wp-json\/wp\/v2\/types\/post"}],"author":[{"embeddable":true,"href":"https:\/\/www.europesays.com\/fr\/wp-json\/wp\/v2\/users\/2"}],"replies":[{"embeddable":true,"href":"https:\/\/www.europesays.com\/fr\/wp-json\/wp\/v2\/comments?post=470129"}],"version-history":[{"count":0,"href":"https:\/\/www.europesays.com\/fr\/wp-json\/wp\/v2\/posts\/470129\/revisions"}],"wp:featuredmedia":[{"embeddable":true,"href":"https:\/\/www.europesays.com\/fr\/wp-json\/wp\/v2\/media\/394606"}],"wp:attachment":[{"href":"https:\/\/www.europesays.com\/fr\/wp-json\/wp\/v2\/media?parent=470129"}],"wp:term":[{"taxonomy":"category","embeddable":true,"href":"https:\/\/www.europesays.com\/fr\/wp-json\/wp\/v2\/categories?post=470129"},{"taxonomy":"post_tag","embeddable":true,"href":"https:\/\/www.europesays.com\/fr\/wp-json\/wp\/v2\/tags?post=470129"}],"curies":[{"name":"wp","href":"https:\/\/api.w.org\/{rel}","templated":true}]}}