{"id":470131,"date":"2025-10-17T14:24:12","date_gmt":"2025-10-17T14:24:12","guid":{"rendered":"https:\/\/www.europesays.com\/fr\/470131\/"},"modified":"2025-10-17T14:24:12","modified_gmt":"2025-10-17T14:24:12","slug":"meurthe-et-moselle-feu-de-cave-a-frouard-un-immeuble-evacue","status":"publish","type":"post","link":"https:\/\/www.europesays.com\/fr\/470131\/","title":{"rendered":"Meurthe-et-Moselle. Feu de cave \u00e0 Frouard\u00a0: un immeuble \u00e9vacu\u00e9"},"content":{"rendered":"<p>Un feu s\u2019est d\u00e9clar\u00e9, ce vendredi, en d\u00e9but d\u2019apr\u00e8s-midi, dans la cave d\u2019un immeuble situ\u00e9 au 8 rue de Nancy \u00e0 Frouard.<\/p>\n<p>Plusieurs objets dont des canap\u00e9s et des cartons ont commenc\u00e9 \u00e0 br\u00fbler. La fum\u00e9e et l\u2019odeur de l\u2019incendie se sont r\u00e9pandues dans les parties communes du b\u00e2timent et ont alert\u00e9 les occupants qui ont \u00e9vacu\u00e9 leurs logements.<\/p>\n<p>Alert\u00e9s, dix-huit pompiers de Pompey et du centre de Nancy-Gentilly sont arriv\u00e9s sur place avec deux fourgons et une grande \u00e9chelle. Ils sont vite venus \u00e0 bout des flammes qui n\u2019ont pas eu le temps de causer beaucoup de d\u00e9g\u00e2ts.<\/p>\n<p>Ce contenu est bloqu\u00e9 car vous n&rsquo;avez pas accept\u00e9 les cookies et autres traceurs.<\/p>\n<p>En cliquant sur \u00ab J\u2019accepte \u00bb, les cookies et autres traceurs seront d\u00e9pos\u00e9s et vous pourrez visualiser les contenus  (<a href=\"\" class=\"consentModule_policy\" target=\"_blank\" title=\"Consulter la politique de protection des donn\u00e9es du fournisseur\">plus d&rsquo;informations<\/a>).<\/p>\n<p>En cliquant sur \u00ab J\u2019accepte tous les cookies \u00bb, vous autorisez des d\u00e9p\u00f4ts de cookies et autres traceurs pour le stockage de vos donn\u00e9es sur nos sites et applications \u00e0 des fins de personnalisation et de ciblage publicitaire.<\/p>\n<p class=\"consentModule_secondaryText\">Vous gardez la possibilit\u00e9 de retirer votre consentement \u00e0 tout moment en consultant notre <a href=\"https:\/\/www.estrepublicain.fr\/protection-des-donnees\" target=\"_blank\" title=\"Consulter notre politique de protection des donn\u00e9es\" rel=\"noopener\">politique de protection des donn\u00e9es<\/a>. <br \/>&#13;<br \/>\n            <a href=\"https:\/\/www.estrepublicain.fr\/faits-divers-justice\/2025\/10\/17\/javascript:Didomi.notice.show()\" class=\"consentModule_cmp\" target=\"_blank\" rel=\"noopener\">G\u00e9rer mes choix<\/a>&#13;\n        <\/p>\n<p>&#13;<br \/>\n                        J&rsquo;accepte&#13;<br \/>\n            J&rsquo;accepte tous les cookies&#13;\n        <\/p>\n<p>Les soldats du feu ont aussi pris en charge quatre locataires l\u00e9g\u00e8rement incommod\u00e9s par la fum\u00e9e. Mais apr\u00e8s un bilan m\u00e9dical, il n\u2019a pas \u00e9t\u00e9 n\u00e9cessaire de les transporter \u00e0 l\u2019h\u00f4pital.<\/p>\n<p>Tous les occupants ont pu regagner leurs appartements en milieu d\u2019apr\u00e8s-midi.<\/p>\n","protected":false},"excerpt":{"rendered":"Un feu s\u2019est d\u00e9clar\u00e9, ce vendredi, en d\u00e9but d\u2019apr\u00e8s-midi, dans la cave d\u2019un immeuble situ\u00e9 au 8 rue&hellip;\n","protected":false},"author":2,"featured_media":470132,"comment_status":"","ping_status":"","sticky":false,"template":"","format":"standard","meta":{"footnotes":""},"categories":[9635],"tags":[1111,11,9661,1704,1777,674,274,1011,27,9660,775,1310,3457,1702,12,25],"class_list":{"0":"post-470131","1":"post","2":"type-post","3":"status-publish","4":"format-standard","5":"has-post-thumbnail","7":"category-nancy","8":"tag-actu","9":"tag-actualites","10":"tag-cc-du-bassin-de-pompey-54b1","11":"tag-edition-nancy-et-agglomeration","12":"tag-eu","13":"tag-europe","14":"tag-faits-divers-justice","15":"tag-fr","16":"tag-france","17":"tag-frouard","18":"tag-grand-est","19":"tag-incendie","20":"tag-meurthe-et-moselle","21":"tag-nancy","22":"tag-news","23":"tag-republique-francaise"},"share_on_mastodon":{"url":"https:\/\/pubeurope.com\/@fr\/115389966801946534","error":""},"_links":{"self":[{"href":"https:\/\/www.europesays.com\/fr\/wp-json\/wp\/v2\/posts\/470131","targetHints":{"allow":["GET"]}}],"collection":[{"href":"https:\/\/www.europesays.com\/fr\/wp-json\/wp\/v2\/posts"}],"about":[{"href":"https:\/\/www.europesays.com\/fr\/wp-json\/wp\/v2\/types\/post"}],"author":[{"embeddable":true,"href":"https:\/\/www.europesays.com\/fr\/wp-json\/wp\/v2\/users\/2"}],"replies":[{"embeddable":true,"href":"https:\/\/www.europesays.com\/fr\/wp-json\/wp\/v2\/comments?post=470131"}],"version-history":[{"count":0,"href":"https:\/\/www.europesays.com\/fr\/wp-json\/wp\/v2\/posts\/470131\/revisions"}],"wp:featuredmedia":[{"embeddable":true,"href":"https:\/\/www.europesays.com\/fr\/wp-json\/wp\/v2\/media\/470132"}],"wp:attachment":[{"href":"https:\/\/www.europesays.com\/fr\/wp-json\/wp\/v2\/media?parent=470131"}],"wp:term":[{"taxonomy":"category","embeddable":true,"href":"https:\/\/www.europesays.com\/fr\/wp-json\/wp\/v2\/categories?post=470131"},{"taxonomy":"post_tag","embeddable":true,"href":"https:\/\/www.europesays.com\/fr\/wp-json\/wp\/v2\/tags?post=470131"}],"curies":[{"name":"wp","href":"https:\/\/api.w.org\/{rel}","templated":true}]}}