{"id":470148,"date":"2025-10-17T14:34:15","date_gmt":"2025-10-17T14:34:15","guid":{"rendered":"https:\/\/www.europesays.com\/fr\/470148\/"},"modified":"2025-10-17T14:34:15","modified_gmt":"2025-10-17T14:34:15","slug":"a-rennes-lunion-entre-nathalie-appere-et-les-ecologistes-aux-municipales-en-passe-detre-scellee","status":"publish","type":"post","link":"https:\/\/www.europesays.com\/fr\/470148\/","title":{"rendered":"\u00c0 Rennes, l\u2019union entre Nathalie App\u00e9r\u00e9 et les \u00c9cologistes aux municipales en passe d\u2019\u00eatre scell\u00e9e\u00a0?"},"content":{"rendered":"<p>\u00ab On ne vous dira rien, rendez-vous samedi \u00bb. Au nom du respect de la d\u00e9mocratie interne, les \u00c9cologistes de Rennes se murent dans le silence, \u00e0 l\u2019approche du grand vote. Ce samedi 18 octobre, l\u2019association Confluences, qui regroupe les adh\u00e9rents du parti ainsi que l\u2019Union d\u00e9mocratique bretonne, Nouvelle donne et des repr\u00e9sentants de la soci\u00e9t\u00e9 civile, tient son assembl\u00e9e g\u00e9n\u00e9rale. Avec cette question \u00e0 l\u2019ordre du jour : faut-il s\u2019allier avec la maire PS sortante Nathalie App\u00e9r\u00e9 d\u00e8s le premier tour des \u00e9lections municipales ?<\/p>\n<p>En 2020, la m\u00eame association avait r\u00e9pondu par la n\u00e9gative. Pouss\u00e9s par de bons scores aux europ\u00e9ennes, les Verts, men\u00e9s par Matthieu Theurier, \u00e9taient partis seuls. Pari r\u00e9ussi : au premier tour, ils avaient r\u00e9uni 25,4 % des voix, sept points seulement derri\u00e8re la socialiste. En position de force dans les n\u00e9gociations d\u2019entre deux tours, ils avaient obtenu des postes importants dans l\u2019ex\u00e9cutif (budget, \u00e9ducation, transports, notamment). Et s\u2019\u00e9taient m\u00eame offert le luxe de devenir le premier groupe politique \u00e0 la mairie, avec 21 si\u00e8ges, soit deux de plus que celui de Nathalie App\u00e9r\u00e9.<\/p>\n<p>Des \u00e9lus divis\u00e9s<\/p>\n<p>Six ans apr\u00e8s, c\u2019est l\u2019option inverse qui tient la corde. Selon nos informations, les militants \u00e9cologistes, qui ont d\u00e9sign\u00e9 comme cheffes de file <a href=\"https:\/\/www.letelegramme.fr\/ille-et-vilaine\/rennes-35000\/jai-lintention-de-porter-un-projet-ecologiste-pour-rennes-cette-elue-prepare-le-terrain-pour-les-municipales-6808769.php\" target=\"_blank\" rel=\"noopener\">la maire-adjointe \u00e0 l\u2019\u00e9ducation Ga\u00eblle Rougier<\/a> et la vice-pr\u00e9sidente m\u00e9tropolitaine aux solidarit\u00e9s Priscilla Zamord, se sont r\u00e9unis le mardi 14 octobre. Histoire de d\u00e9gager la tendance majoritaire, avant le grand raout du week-end avec les autres forces. Le \u00ab oui \u00bb l\u2019aurait emport\u00e9, affirment plusieurs sources au T\u00e9l\u00e9gramme. Ces derni\u00e8res soulignent aussi la situation \u00e0 Nantes, Rennes empruntant souvent le m\u00eame chemin. Mardi, dans la Cit\u00e9 des Ducs de Bretagne, les militants ont \u00e9galement approuv\u00e9 l\u2019union avec leur maire sortante socialiste, Johanna Rolland, \u00e0 plus de\u2026 80 %.<\/p>\n<p>Les bons connaisseurs des arcanes EELV restent malgr\u00e9 tout prudents. D\u2019autant que les Rennais gardent secret le r\u00e9sultat de ce premier vote interne. Les autres forces de Confluences peuvent-elles renverser la tendance, samedi, lors de l\u2019AG ? Pas impossible. D\u2019autant que le d\u00e9bat fait rage depuis des mois entre les militants, tiraill\u00e9s par des arguments contradictoires. <\/p>\n<p>D\u2019un c\u00f4t\u00e9, un attachement quasi visc\u00e9ral \u00e0 l\u2019autonomie de l\u2019\u00e9cologie politique, trop longtemps pass\u00e9e pour la suppl\u00e9tive d\u2019un PS tendance \u00ab vieille gauche productiviste \u00bb. En s\u2019alliant d\u00e8s le premier tour, les Verts s\u2019effaceraient \u00e0 nouveau, comme ils l\u2019ont \u00e9t\u00e9 aux l\u00e9gislatives de 2022 et 2024, o\u00f9 la Nupes puis le NFP ne leur avaient accord\u00e9 aucune circonscription \u00e0 Rennes. De l\u2019autre, la crainte de faire moins bien qu\u2019en 2020, conscients que le vent \u00e9lectoral ne souffle plus dans leurs voiles. Leur r\u00e9sultat aux europ\u00e9ennes l\u2019a montr\u00e9.<\/p>\n<p>LFI, grande perdante ?<\/p>\n<p>Le pragmatisme est-il en passe de l\u2019emporter ? En tout cas, toujours selon nos informations, les tractations engag\u00e9es depuis plusieurs mois avec l\u2019\u00e9quipe de Nathalie App\u00e9r\u00e9 ont abouti \u00e0 un accord. \u00c0 la cl\u00e9, un programme de consensus et un partage \u00e9quitable des places sur la liste. La maire n\u2019a visiblement pas l\u00e9sin\u00e9 pour obtenir un deal. D\u00e9j\u00e0, avant les vacances d\u2019\u00e9t\u00e9, elle avait lanc\u00e9 un appel \u00e0 l\u2019union en personne dans une r\u00e9union \u00e0 huis clos, rompant avec son habitude de rester en surplomb. Et pour cause : cette alliance pourrait la faire gagner d\u00e8s le premier tour.<\/p>\n<p>Apr\u00e8s les \u00c9cologistes, les autres forces de la majorit\u00e9 sortante doivent aussi se prononcer dans les prochaines semaines sur leur ralliement \u00e0 Nathalie App\u00e9r\u00e9. Mais l\u2019union avec G\u00e9n\u00e9ration.s, le Parti communiste et le Parti radical para\u00eet bien moins complexe \u00e0 r\u00e9aliser, ces partis ayant moins d\u2019\u00e9tats d\u2019\u00e2me \u00e0 la rejoindre. Grands perdants de ce probable rapprochement : la France Insoumise, qui esp\u00e9rait faire tomber les \u00c9cologistes dans son escarcelle pour renverser le PS au pouvoir depuis 50 ans. Et qui, d\u00e9sormais, risque de rouler en solitaire.<\/p>\n","protected":false},"excerpt":{"rendered":"\u00ab On ne vous dira rien, rendez-vous samedi \u00bb. Au nom du respect de la d\u00e9mocratie interne, les&hellip;\n","protected":false},"author":2,"featured_media":470149,"comment_status":"","ping_status":"","sticky":false,"template":"","format":"standard","meta":{"footnotes":""},"categories":[2821],"tags":[1111,11,829,765,1777,674,1011,27,848,3434,10736,12,3364,584,25],"class_list":{"0":"post-470148","1":"post","2":"type-post","3":"status-publish","4":"format-standard","5":"has-post-thumbnail","7":"category-rennes","8":"tag-actu","9":"tag-actualites","10":"tag-bretagne","11":"tag-en-continu","12":"tag-eu","13":"tag-europe","14":"tag-fr","15":"tag-france","16":"tag-ille-et-vilaine","17":"tag-municipales-2026","18":"tag-nathalie-appere","19":"tag-news","20":"tag-politique-a-rennes","21":"tag-rennes","22":"tag-republique-francaise"},"share_on_mastodon":{"url":"https:\/\/pubeurope.com\/@fr\/115390006243966534","error":""},"_links":{"self":[{"href":"https:\/\/www.europesays.com\/fr\/wp-json\/wp\/v2\/posts\/470148","targetHints":{"allow":["GET"]}}],"collection":[{"href":"https:\/\/www.europesays.com\/fr\/wp-json\/wp\/v2\/posts"}],"about":[{"href":"https:\/\/www.europesays.com\/fr\/wp-json\/wp\/v2\/types\/post"}],"author":[{"embeddable":true,"href":"https:\/\/www.europesays.com\/fr\/wp-json\/wp\/v2\/users\/2"}],"replies":[{"embeddable":true,"href":"https:\/\/www.europesays.com\/fr\/wp-json\/wp\/v2\/comments?post=470148"}],"version-history":[{"count":0,"href":"https:\/\/www.europesays.com\/fr\/wp-json\/wp\/v2\/posts\/470148\/revisions"}],"wp:featuredmedia":[{"embeddable":true,"href":"https:\/\/www.europesays.com\/fr\/wp-json\/wp\/v2\/media\/470149"}],"wp:attachment":[{"href":"https:\/\/www.europesays.com\/fr\/wp-json\/wp\/v2\/media?parent=470148"}],"wp:term":[{"taxonomy":"category","embeddable":true,"href":"https:\/\/www.europesays.com\/fr\/wp-json\/wp\/v2\/categories?post=470148"},{"taxonomy":"post_tag","embeddable":true,"href":"https:\/\/www.europesays.com\/fr\/wp-json\/wp\/v2\/tags?post=470148"}],"curies":[{"name":"wp","href":"https:\/\/api.w.org\/{rel}","templated":true}]}}