{"id":470160,"date":"2025-10-17T14:40:09","date_gmt":"2025-10-17T14:40:09","guid":{"rendered":"https:\/\/www.europesays.com\/fr\/470160\/"},"modified":"2025-10-17T14:40:09","modified_gmt":"2025-10-17T14:40:09","slug":"des-marionnettes-geantes-vont-faire-le-show-dans-le-centre-ville","status":"publish","type":"post","link":"https:\/\/www.europesays.com\/fr\/470160\/","title":{"rendered":"des marionnettes g\u00e9antes vont faire le show dans le centre-ville"},"content":{"rendered":"<p>            Par<br \/>\n        <strong><br \/>\n            <a href=\"https:\/\/actu.fr\/auteur\/clemence-pays02-actu-fr\" title=\"Consulter tous les articles de Cl\u00e9mence Pays\" rel=\"nofollow noopener\" target=\"_blank\">Cl\u00e9mence Pays<\/a><br \/>\n        <\/strong><\/p>\n<p>        Publi\u00e9 le<\/p>\n<p>            17 oct. 2025 \u00e0 16h02        <\/p>\n<p>Les rues de Nantes vont prendre des airs d\u2019<a href=\"https:\/\/actu.fr\/tag\/halloween\" rel=\"nofollow noopener\" target=\"_blank\">Halloween<\/a>, mercredi 29\u00a0octobre 2025. L\u2019association des commer\u00e7ants du centre-ville,<strong><a href=\"https:\/\/pleincentre.net\/\" rel=\"nofollow noopener\" target=\"_blank\"> Plein Centre<\/a>,<\/strong> a fait appel \u00e0 <strong>Plan\u00e8te Vapeur<\/strong> pour pr\u00e9senter un \u00ab\u2009spectacle envo\u00fbtant\u2009\u00bb.<\/p>\n<p class=\" wall-content\">La compagnie pr\u00e9sentera <strong>Santa Muerte,<\/strong> une cr\u00e9ation qui met en sc\u00e8ne <strong>trois danseuses,<\/strong> accompagn\u00e9es de trois manipulateurs et de leurs marionnettes g\u00e9antes, ainsi qu\u2019un r\u00e9gisseur. <strong>\u00ab\u2009C\u2019est la premi\u00e8re fois que la compagnie vient \u00e0 Nantes\u2009\u00bb,<\/strong> souligne Plein Centre aupr\u00e8s d\u2019<a href=\"https:\/\/actu.fr\/nantes\/\" rel=\"nofollow noopener\" target=\"_blank\">actu Nantes<\/a>.<\/p>\n<blockquote class=\"ac-article-quote wall-content\">\n<p>Sur d\u2019improbables sonorit\u00e9s mexicaines \u00e9lectroniques, s\u2019avance une troupe bigarr\u00e9e d\u2019\u00e9nergum\u00e8nes color\u00e9s, sortis tout droit d\u2019un conte ancestral d\u2019Am\u00e9rique centrale. Des squelettes pleins de vie, invraisemblable dites-vous ?<\/p>\n<p>Et pourtant, les danseuses virevoltantes, les m\u00e2choires claquantes de nos personnages improbables au regard rieur, diss\u00e9minent abondamment sur leur passage joie et bonne humeur.<\/p>\n<p>    <strong>Plan\u00e8te Vapeur<\/strong>\n            <\/p><\/blockquote>\n<p class=\" wall-content\"><a href=\"https:\/\/www.instagram.com\/p\/DPlb3XqADwn\/embed\" title=\"Ouvrir le lien sur Instagram\" rel=\"nofollow noopener\" target=\"_blank\">Visualiser le contenu sur Instagram<\/a><\/p>\n<p>Du maquillage gratuit pour les enfants<\/p>\n<p class=\" wall-content\">Le <strong>spectacle gratuit<\/strong> commencera sa <strong>d\u00e9ambulation<\/strong> dans les rues<strong> \u00e0 partir de 16h30,<\/strong> rue Voltaire, et terminera son parcours \u00e0 18h, place du Commerce.<\/p>\n<p class=\" wall-content\">Mais la f\u00eate d\u00e9butera d\u00e8s 14h, avec <strong>deux stands de maquillage<\/strong> \u2013 gratuits pour les enfants \u2013 install\u00e9s place F\u00e9lix-Fournier et \u00e0 l\u2019angle de la rue Voltaire et de la place Graslin.<\/p>\n<p class=\" wall-content\">En 2024, c\u2019\u00e9tait <a href=\"https:\/\/actu.fr\/pays-de-la-loire\/nantes_44109\/video-dans-les-rues-de-nantes-des-marionnettes-geantes-ont-fait-la-danse-du-demon_61803943.html\" rel=\"nofollow noopener\" target=\"_blank\">la compagnie Remue M\u00e9nage qui avait d\u00e9ambul\u00e9 dans les rues pour la Danza del Demonio<\/a>.<\/p>\n<p><strong>Infos pratiques\u2009:<\/strong><br \/>Mercredi 29\u00a0septembre, Santa Muerte, de 16h30 \u00e0 18h, d\u00e9part rue Voltaire, arriv\u00e9e place du Commerce, \u00e0 Nantes. Gratuit, ouvert \u00e0 toutes et tous.<\/p>\n<p class=\" wall-content\">Personnalisez votre actualit\u00e9 en ajoutant vos villes et m\u00e9dias en favori avec <a href=\"https:\/\/moncompte.actu.fr\" title=\"D\u00e9couvez Mon Actu\" rel=\"nofollow noopener\" data-trk=\"{&quot;cta&quot;:{&quot;action&quot;:&quot;https:\\\/\\\/moncompte.actu.fr&quot;,&quot;category&quot;:&quot;mon compte&quot;,&quot;from&quot;:&quot;article footer&quot;,&quot;name&quot;:&quot;Mon actu&quot;,&quot;type&quot;:&quot;cta&quot;}}\" target=\"_blank\">Mon Actu<\/a>.<\/p>\n<p>                    <script async src=\"\/\/www.instagram.com\/embed.js\"><\/script><\/p>\n","protected":false},"excerpt":{"rendered":"Par Cl\u00e9mence Pays Publi\u00e9 le 17 oct. 2025 \u00e0 16h02 Les rues de Nantes vont prendre des airs&hellip;\n","protected":false},"author":2,"featured_media":470161,"comment_status":"","ping_status":"","sticky":false,"template":"","format":"standard","meta":{"footnotes":""},"categories":[2818],"tags":[1111,11,1063,1777,674,1011,27,1305,766,12,2636,25,853],"class_list":{"0":"post-470160","1":"post","2":"type-post","3":"status-publish","4":"format-standard","5":"has-post-thumbnail","7":"category-nantes","8":"tag-actu","9":"tag-actualites","10":"tag-animations","11":"tag-eu","12":"tag-europe","13":"tag-fr","14":"tag-france","15":"tag-lifestyle","16":"tag-nantes","17":"tag-news","18":"tag-pays-de-la-loire","19":"tag-republique-francaise","20":"tag-spectacles"},"share_on_mastodon":{"url":"https:\/\/pubeurope.com\/@fr\/115390029768146290","error":""},"_links":{"self":[{"href":"https:\/\/www.europesays.com\/fr\/wp-json\/wp\/v2\/posts\/470160","targetHints":{"allow":["GET"]}}],"collection":[{"href":"https:\/\/www.europesays.com\/fr\/wp-json\/wp\/v2\/posts"}],"about":[{"href":"https:\/\/www.europesays.com\/fr\/wp-json\/wp\/v2\/types\/post"}],"author":[{"embeddable":true,"href":"https:\/\/www.europesays.com\/fr\/wp-json\/wp\/v2\/users\/2"}],"replies":[{"embeddable":true,"href":"https:\/\/www.europesays.com\/fr\/wp-json\/wp\/v2\/comments?post=470160"}],"version-history":[{"count":0,"href":"https:\/\/www.europesays.com\/fr\/wp-json\/wp\/v2\/posts\/470160\/revisions"}],"wp:featuredmedia":[{"embeddable":true,"href":"https:\/\/www.europesays.com\/fr\/wp-json\/wp\/v2\/media\/470161"}],"wp:attachment":[{"href":"https:\/\/www.europesays.com\/fr\/wp-json\/wp\/v2\/media?parent=470160"}],"wp:term":[{"taxonomy":"category","embeddable":true,"href":"https:\/\/www.europesays.com\/fr\/wp-json\/wp\/v2\/categories?post=470160"},{"taxonomy":"post_tag","embeddable":true,"href":"https:\/\/www.europesays.com\/fr\/wp-json\/wp\/v2\/tags?post=470160"}],"curies":[{"name":"wp","href":"https:\/\/api.w.org\/{rel}","templated":true}]}}