{"id":470162,"date":"2025-10-17T14:41:10","date_gmt":"2025-10-17T14:41:10","guid":{"rendered":"https:\/\/www.europesays.com\/fr\/470162\/"},"modified":"2025-10-17T14:41:10","modified_gmt":"2025-10-17T14:41:10","slug":"a-nantes-aurelie-censier-condamnee-a-20-ans-de-reclusion","status":"publish","type":"post","link":"https:\/\/www.europesays.com\/fr\/470162\/","title":{"rendered":"\u00c0 Nantes, Aur\u00e9lie Censier condamn\u00e9e \u00e0 20 ans de r\u00e9clusion"},"content":{"rendered":"<p>Ce vendredi 17 octobre, au terme de quatre heures de d\u00e9lib\u00e9r\u00e9, la cour d\u2019assises de Loire-Atlantique, pr\u00e9sid\u00e9e par Karine Laborde, a condamn\u00e9, \u00e0 la majorit\u00e9 absolue, Aur\u00e9lie Censier \u00e0 20 ann\u00e9es de r\u00e9clusion. Un verdict conforme aux r\u00e9quisitions de l\u2019avocate g\u00e9n\u00e9ral, Joanie Bureau.<\/p>\n<p>Dans la nuit du 31 mars au 1er avril 2022, cette infirmi\u00e8re avait tu\u00e9 son conjoint de deux balles de carabine 22 LR, tir\u00e9es \u00e0 bout portant, dans la chambre de l\u2019appartement qu\u2019ils occupaient, au sein du quartier de Recouvrance, \u00e0 Brest. Les deux fillettes dormaient dans une chambre voisine.<\/p>\n<p>L\u2019impossibilit\u00e9, pour l\u2019accus\u00e9e, de convenir que la victime \u00e9tait endormie, alors m\u00eame que toutes les constatations convergeaient inexorablement vers cette th\u00e8se, a probablement pes\u00e9 dans la d\u00e9cision de la cour.<\/p>\n<p>Aur\u00e9lie Censier se voit retirer totalement son autorit\u00e9 parentale. La cour ne prononce pas de suivi sociojudiciaire. L\u2019accus\u00e9e a dix jours pour faire appel.<\/p>\n","protected":false},"excerpt":{"rendered":"Ce vendredi 17 octobre, au terme de quatre heures de d\u00e9lib\u00e9r\u00e9, la cour d\u2019assises de Loire-Atlantique, pr\u00e9sid\u00e9e par&hellip;\n","protected":false},"author":2,"featured_media":470163,"comment_status":"","ping_status":"","sticky":false,"template":"","format":"standard","meta":{"footnotes":""},"categories":[2818],"tags":[1111,11,3450,829,6206,765,1777,674,3321,1011,27,303,766,12,2636,25],"class_list":{"0":"post-470162","1":"post","2":"type-post","3":"status-publish","4":"format-standard","5":"has-post-thumbnail","7":"category-nantes","8":"tag-actu","9":"tag-actualites","10":"tag-brest","11":"tag-bretagne","12":"tag-chateaulin","13":"tag-en-continu","14":"tag-eu","15":"tag-europe","16":"tag-finistere","17":"tag-fr","18":"tag-france","19":"tag-justice","20":"tag-nantes","21":"tag-news","22":"tag-pays-de-la-loire","23":"tag-republique-francaise"},"share_on_mastodon":{"url":"https:\/\/pubeurope.com\/@fr\/115390033746861516","error":""},"_links":{"self":[{"href":"https:\/\/www.europesays.com\/fr\/wp-json\/wp\/v2\/posts\/470162","targetHints":{"allow":["GET"]}}],"collection":[{"href":"https:\/\/www.europesays.com\/fr\/wp-json\/wp\/v2\/posts"}],"about":[{"href":"https:\/\/www.europesays.com\/fr\/wp-json\/wp\/v2\/types\/post"}],"author":[{"embeddable":true,"href":"https:\/\/www.europesays.com\/fr\/wp-json\/wp\/v2\/users\/2"}],"replies":[{"embeddable":true,"href":"https:\/\/www.europesays.com\/fr\/wp-json\/wp\/v2\/comments?post=470162"}],"version-history":[{"count":0,"href":"https:\/\/www.europesays.com\/fr\/wp-json\/wp\/v2\/posts\/470162\/revisions"}],"wp:featuredmedia":[{"embeddable":true,"href":"https:\/\/www.europesays.com\/fr\/wp-json\/wp\/v2\/media\/470163"}],"wp:attachment":[{"href":"https:\/\/www.europesays.com\/fr\/wp-json\/wp\/v2\/media?parent=470162"}],"wp:term":[{"taxonomy":"category","embeddable":true,"href":"https:\/\/www.europesays.com\/fr\/wp-json\/wp\/v2\/categories?post=470162"},{"taxonomy":"post_tag","embeddable":true,"href":"https:\/\/www.europesays.com\/fr\/wp-json\/wp\/v2\/tags?post=470162"}],"curies":[{"name":"wp","href":"https:\/\/api.w.org\/{rel}","templated":true}]}}