{"id":470172,"date":"2025-10-17T14:46:12","date_gmt":"2025-10-17T14:46:12","guid":{"rendered":"https:\/\/www.europesays.com\/fr\/470172\/"},"modified":"2025-10-17T14:46:12","modified_gmt":"2025-10-17T14:46:12","slug":"limpressionnant-planetarium-du-forum-des-sciences-rouvre-ses-portes-ce-samedi","status":"publish","type":"post","link":"https:\/\/www.europesays.com\/fr\/470172\/","title":{"rendered":"l&rsquo;impressionnant plan\u00e9tarium du Forum des sciences rouvre ses portes ce samedi"},"content":{"rendered":"<p>            Par<br \/>\n        <strong><br \/>\n            <a href=\"https:\/\/actu.fr\/auteur\/nicolas-demollien\" title=\"Consulter tous les articles de Nicolas Demollien\" rel=\"nofollow noopener\" target=\"_blank\">Nicolas Demollien<\/a><br \/>\n        <\/strong><\/p>\n<p>        Publi\u00e9 le<\/p>\n<p>            17 oct. 2025 \u00e0 15h28        <\/p>\n<p>N\u2019ayons pas peur des mots, c\u2019est un <b>spectacle magnifique<\/b> qui vous attend au <b>plan\u00e9tarium du forum d\u00e9partemental des sciences<\/b> de <a href=\"https:\/\/actu.fr\/hauts-de-france\/villeneuve-d-ascq_59009\" rel=\"nofollow noopener\" target=\"_blank\">Villeneuve-d\u2019Ascq<\/a> (Nord). Apr\u00e8s plusieurs mois de <a href=\"https:\/\/actu.fr\/tag\/travaux\" rel=\"nofollow noopener\" target=\"_blank\">travaux<\/a>, le <b>lieu rouvre officiellement ses portes <\/b>au public ce samedi 18 octobre 2025.<\/p>\n<p>Ce qu\u2019il faut savoir sur le nouveau plan\u00e9tarium de Villeneuve-d\u2019Ascq<\/p>\n<p class=\" wall-content\">\u00ab\u00a0Le Forum d\u00e9partemental est un <b>fleuron de la culture scientifique<\/b> dans le <a href=\"https:\/\/actu.fr\/hauts-de-france\/nord_59\" rel=\"nofollow noopener\" target=\"_blank\">Nord<\/a> et il est indispensable de le p\u00e9renniser au b\u00e9n\u00e9fice des habitants. Sa r\u00e9novation contribuera \u00e0 d\u00e9velopper son attractivit\u00e9\u00a0\u00bb, lance le pr\u00e9sident du D\u00e9partement Christian Poiret.<\/p>\n<p class=\" wall-content\">L\u2019investissement est cons\u00e9quent : <b>plus de 1,5 M\u20ac<\/b>. Mais les travaux \u00e9taient d\u2019ampleur et n\u00e9cessaires <b>apr\u00e8s \u00ab\u00a028 ans de fonctionnement intensif <\/b>et pr\u00e8s d\u20191 million de visiteurs \u00e9merveill\u00e9s, toutes g\u00e9n\u00e9rations confondues\u00a0\u00bb.<\/p>\n<p class=\" wall-content\">Ces travaux permettent de r\u00e9unir d\u00e9sormais sur place <b>deux technologies, num\u00e9rique et optom\u00e9canique<\/b>. \u00ab\u00a0Elles peuvent fonctionner <b>ensemble et de mani\u00e8re synchronis\u00e9e<\/b>. Ainsi, dans une seule et m\u00eame s\u00e9ance, vous profiterez de la beaut\u00e9 et du r\u00e9alisme du ciel optom\u00e9canique alors que le simulateur num\u00e9rique vous immergera dans une image vid\u00e9o h\u00e9misph\u00e9rique de tr\u00e8s haute qualit\u00e9\u00a0\u00bb, d\u00e9taille le D\u00e9partement.<\/p>\n<p class=\" wall-content\">Et pour \u00eatre install\u00e9s confortablement, les 114 fauteuils install\u00e9s sont parfaitement adapt\u00e9s aux salles de plan\u00e9tarium. Leur dossier inclinable permet en \u00e0 chacun d\u2019avoir, dans son champ de vision, la<b> totalit\u00e9 de l\u2019image projet\u00e9e sur le d\u00f4me-\u00e9cran<\/b> qui a \u00e9t\u00e9 int\u00e9gralement nettoy\u00e9. \u00ab\u00a0Tout est nouveau, a \u00e9t\u00e9 redessin\u00e9 et repens\u00e9\u00a0\u00bb, se r\u00e9jouit Laurence Robart, directrice du Forum des sciences.<\/p>\n<p>    <img   decoding=\"async\" loading=\"lazy\" class=\"size-large\" src=\"https:\/\/www.europesays.com\/fr\/wp-content\/uploads\/2025\/10\/2a9e9bf022f860e9e9bf022f8c1ae9v-960x640.jpeg\" alt=\"La technologie du nouveau plan\u00e9tarium du forum des sciences de Villeneuve-d'Ascq (Nord) est \u00e0 la pointe.\" width=\"960\" height=\"640\"\/><br \/>\n    La technologie du nouveau plan\u00e9tarium du forum des sciences de Villeneuve-d\u2019Ascq (Nord) est \u00e0 la pointe. \u00a9Nicolas DEMOLLIEND\u00e9couvrez Big Bang et 5 s\u00e9ances pour tous les \u00e2ges<\/p>\n<p class=\" wall-content\">Nous avons eu la chance de d\u00e9couvrir une partie de la s\u00e9ance intitul\u00e9e Big Bang, l\u2019appel des origines. Un spectacle grandiose et particuli\u00e8rement int\u00e9ressant qui vous embarque dans \u00ab\u00a0une odyss\u00e9e c\u00e9leste au c\u0153ur de nos origines cosmiques,<b> de la formation des premi\u00e8res galaxies jusqu\u2019\u00e0 l\u2019apparition des plan\u00e8tes<\/b>\u00ab\u00a0.<\/p>\n<p>Votre r\u00e9gion, votre actu !<\/p>\n<p>Recevez chaque jour les infos qui comptent pour vous.<\/p>\n<p>\t<a href=\"https:\/\/actu.fr\/newsletter\" class=\"ac-btn ac-btn--corner ac-btn--medium ac-btn--blue800\" rel=\"nofollow noopener\" target=\"_blank\">S&rsquo;incrire<\/a><\/p>\n<p class=\" wall-content\">Elle permet de faire le point sur les d\u00e9couvertes r\u00e9centes mais aussi sur les zones d\u2019ombres qui demeurent. \u00ab\u00a0Cette toute nouvelle s\u00e9ance num\u00e9rique sera propos\u00e9e d\u00e8s le samedi 18 octobre, jour de r\u00e9ouverture du plan\u00e9tarium\u00a0\u00bb, pr\u00e9cise la structure.<\/p>\n<p class=\" wall-content\">Cinq autres s\u00e9ances sont propos\u00e9es :\u00a0<\/p>\n<ul class=\" wall-content\">\n<li data-end=\"437\"><b data-end=\"215\">Le petit ciel \u00e9toil\u00e9<\/b><br data-end=\"218\"\/>Pour les tout-petits de 3 \u00e0 6 ans, cette s\u00e9ance d\u2019une dur\u00e9e de 45 minutes invite \u00e0 lever les yeux vers le ciel et \u00e0 d\u00e9couvrir les premi\u00e8res \u00e9toiles. Un moment doux et po\u00e9tique pour \u00e9veiller la curiosit\u00e9 des plus jeunes.<\/li>\n<li data-end=\"657\"><b data-end=\"460\">\u00c0 la belle \u00e9toile<\/b><br data-end=\"463\"\/>D\u00e8s 6 ans (CP \u00e0 CE2), les enfants partent pour une heure de voyage c\u00e9leste \u00e0 la d\u00e9couverte des constellations et des plan\u00e8tes visibles \u00e0 l\u2019\u0153il nu. Une initiation ludique \u00e0 l\u2019observation du ciel.<\/li>\n<li data-end=\"875\"><b data-end=\"678\">Le ciel ce soir<\/b><br data-end=\"681\"\/>Destin\u00e9e aux enfants d\u00e8s 9 ans (CM1, CM2, 6e), cette s\u00e9ance d\u2019une heure permet de reconna\u00eetre les \u00e9toiles et plan\u00e8tes visibles le soir m\u00eame. Un rendez-vous entre astronomie et actualit\u00e9 c\u00e9leste.<\/li>\n<li data-end=\"1131\"><b data-end=\"904\">Le temps vous est cont\u00e9<\/b><br data-end=\"907\"\/>\u00c9galement propos\u00e9e d\u00e8s 9 ans, cette s\u00e9ance d\u2019une heure explore la notion du temps \u00e0 travers les mouvements du Soleil, de la Lune et des \u00e9toiles. Une invitation \u00e0 comprendre comment le ciel rythme nos journ\u00e9es et nos saisons.<\/li>\n<li data-end=\"1393\"><b data-end=\"1154\">L\u2019Odyss\u00e9e solaire<\/b><br data-end=\"1157\"\/>Pour les jeunes curieux \u00e0 partir de 9 ans, cette aventure de 1 h 15 les embarque dans un fabuleux voyage \u00e0 travers le Syst\u00e8me solaire. Du Soleil aux confins des plan\u00e8tes, une exploration captivante \u00e0 la crois\u00e9e de la science et du r\u00eave.<\/li>\n<\/ul>\n<p>    <a href=\"https:\/\/www.facebook.com\/plugins\/post.php?href=https%3A%2F%2Fwww.facebook.com%2Fforum.des.sciences%2Fposts%2Fpfbid0ZyGEy17mBSvvKXXX2FUpxPtrfxivR3UfMdpqnLiP9aJWvMsj22J7cTpj2yMb12fQl&amp;show_text=true&amp;width=350\" title=\"Ouvrie le lien\" rel=\"nofollow noopener\" target=\"_blank\">Cliquez ici pour visualiser le contenu<\/a><\/p>\n<p class=\" wall-content\">Plus d\u2019infos sur le site <a href=\"https:\/\/forumdepartementaldessciences.fr\/\" rel=\"nofollow noopener\" target=\"_blank\">forumdepartementaldessciences.fr<\/a><\/p>\n<p class=\" wall-content\">Personnalisez votre actualit\u00e9 en ajoutant vos villes et m\u00e9dias en favori avec <a href=\"https:\/\/moncompte.actu.fr\" title=\"D\u00e9couvez Mon Actu\" rel=\"nofollow noopener\" data-trk=\"{&quot;cta&quot;:{&quot;action&quot;:&quot;https:\\\/\\\/moncompte.actu.fr&quot;,&quot;category&quot;:&quot;mon compte&quot;,&quot;from&quot;:&quot;article footer&quot;,&quot;name&quot;:&quot;Mon actu&quot;,&quot;type&quot;:&quot;cta&quot;}}\" target=\"_blank\">Mon Actu<\/a>.<\/p>\n","protected":false},"excerpt":{"rendered":"Par Nicolas Demollien Publi\u00e9 le 17 oct. 2025 \u00e0 15h28 N\u2019ayons pas peur des mots, c\u2019est un spectacle&hellip;\n","protected":false},"author":2,"featured_media":470173,"comment_status":"","ping_status":"","sticky":false,"template":"","format":"standard","meta":{"footnotes":""},"categories":[2815],"tags":[1111,11,48,1777,674,1011,27,811,1307,1652,12,25],"class_list":{"0":"post-470172","1":"post","2":"type-post","3":"status-publish","4":"format-standard","5":"has-post-thumbnail","7":"category-lille","8":"tag-actu","9":"tag-actualites","10":"tag-astronomie","11":"tag-eu","12":"tag-europe","13":"tag-fr","14":"tag-france","15":"tag-hauts-de-france","16":"tag-lille","17":"tag-loisirs-culture","18":"tag-news","19":"tag-republique-francaise"},"share_on_mastodon":{"url":"https:\/\/pubeurope.com\/@fr\/115390053738940663","error":""},"_links":{"self":[{"href":"https:\/\/www.europesays.com\/fr\/wp-json\/wp\/v2\/posts\/470172","targetHints":{"allow":["GET"]}}],"collection":[{"href":"https:\/\/www.europesays.com\/fr\/wp-json\/wp\/v2\/posts"}],"about":[{"href":"https:\/\/www.europesays.com\/fr\/wp-json\/wp\/v2\/types\/post"}],"author":[{"embeddable":true,"href":"https:\/\/www.europesays.com\/fr\/wp-json\/wp\/v2\/users\/2"}],"replies":[{"embeddable":true,"href":"https:\/\/www.europesays.com\/fr\/wp-json\/wp\/v2\/comments?post=470172"}],"version-history":[{"count":0,"href":"https:\/\/www.europesays.com\/fr\/wp-json\/wp\/v2\/posts\/470172\/revisions"}],"wp:featuredmedia":[{"embeddable":true,"href":"https:\/\/www.europesays.com\/fr\/wp-json\/wp\/v2\/media\/470173"}],"wp:attachment":[{"href":"https:\/\/www.europesays.com\/fr\/wp-json\/wp\/v2\/media?parent=470172"}],"wp:term":[{"taxonomy":"category","embeddable":true,"href":"https:\/\/www.europesays.com\/fr\/wp-json\/wp\/v2\/categories?post=470172"},{"taxonomy":"post_tag","embeddable":true,"href":"https:\/\/www.europesays.com\/fr\/wp-json\/wp\/v2\/tags?post=470172"}],"curies":[{"name":"wp","href":"https:\/\/api.w.org\/{rel}","templated":true}]}}