{"id":470190,"date":"2025-10-17T14:56:11","date_gmt":"2025-10-17T14:56:11","guid":{"rendered":"https:\/\/www.europesays.com\/fr\/470190\/"},"modified":"2025-10-17T14:56:11","modified_gmt":"2025-10-17T14:56:11","slug":"sa-grenade-avait-arrache-la-main-dun-gilet-jaune-sur-les-champs-elysees-un-crs-relaxe","status":"publish","type":"post","link":"https:\/\/www.europesays.com\/fr\/470190\/","title":{"rendered":"Sa grenade avait arrach\u00e9 la main d&rsquo;un gilet jaune sur les Champs-\u00c9lys\u00e9es : un CRS relax\u00e9"},"content":{"rendered":"<p>            Par<br \/>\n        <strong><br \/>\n            <a href=\"https:\/\/actu.fr\/auteur\/redaction-paris\" title=\"Consulter tous les articles de R\u00e9daction Paris\" rel=\"nofollow noopener\" target=\"_blank\">R\u00e9daction Paris<\/a><br \/>\n        <\/strong><\/p>\n<p>        Publi\u00e9 le<\/p>\n<p>            17 oct. 2025 \u00e0 16h53        <\/p>\n<p>Le CRS \u00e9tait jug\u00e9 sept ans apr\u00e8s les faits. Ce vendredi 17 octobre 2025, le tribunal correctionnel de Paris a relax\u00e9 <a href=\"https:\/\/actu.fr\/ile-de-france\/paris_75056\/main-arrachee-d-un-gilet-jaune-sur-les-champs-elysees-un-crs-juge-a-paris-pour-blessures-involontaires_63146132.html\" rel=\"nofollow noopener\" target=\"_blank\">un CRS poursuivi pour\u00a0blessures involontaires<\/a> sur un manifestant <a href=\"https:\/\/actu.fr\/tag\/gilets-jaunes\" rel=\"nofollow noopener\" target=\"_blank\">Gilet jaune<\/a>. Ce dernier avait eu <strong>la main arrach\u00e9e<\/strong> dans l\u2019explosion d\u2019une grenade en 2018.<\/p>\n<p>Un non-lieu requis par le parquet<\/p>\n<p class=\" wall-content\">Le 24 novembre 2018, lors de l&rsquo;\u00a0\u00bbacte 2\u2033 des gilets jaunes qui d\u00e9g\u00e9n\u00e9rait, le major Jackie D. avait lanc\u00e9 <strong>une grenade GLIF4<\/strong>, contenant une charge constitu\u00e9e de 25 grammes d\u2019un explosif g\u00e9n\u00e9rant un effet assourdissant, une onde de choc et la dispersion de gaz lacrymog\u00e8ne, sur un rond-point en bas des Champs-\u00c9lys\u00e9es.<\/p>\n<p class=\" wall-content\">Un manifestant, Gabriel Pontonnier, qui \u00e9tait l\u00e0 avec plusieurs membres de sa famille, avait eu la main arrach\u00e9e apr\u00e8s avoir ramass\u00e9 la grenade.<\/p>\n<p class=\" wall-content\">Au vu de de \u00ab\u00a0la situation tr\u00e8s d\u00e9grad\u00e9e\u00a0\u00bb de la manifestation, \u00ab\u00a0le tribunal a consid\u00e9r\u00e9 que l\u2019action du major D. constituait <strong>une r\u00e9ponse n\u00e9cessaire et proportionn\u00e9e<\/strong>\u00ab\u00a0, propre \u00e0 l\u2019exercice de ses fonctions de maintien de l\u2019ordre, et ce malgr\u00e9 \u00ab\u00a0l\u2019issue dramatique\u00a0\u00bb de son jet de grenade.\u00a0Le parquet, qui avait requis lors de l\u2019information judiciaire un non-lieu en faveur du mis en cause, avait demand\u00e9 une relaxe pour ces motifs \u00e0 l\u2019audience du 11 septembre.<\/p>\n<p>Une d\u00e9cision \u00ab\u00a0aberrante\u00a0\u00bb<\/p>\n<p class=\" wall-content\">\u00ab\u00a0J\u2019ai jet\u00e9 la grenade pour faire reculer les assaillants et faire cesser le nombre de projectiles que mes hommes et moi on re\u00e7oit\u00a0\u00bb, avait d\u00e9clar\u00e9 le major D. \u00e0 l\u2019audience, affirmant ne pas avoir lanc\u00e9 l\u2019engin \u00ab\u00a0au milieu des manifestants\u00a0\u00bb mais entre les CRS et les manifestants.<\/p>\n<p class=\" wall-content\">Gabriel Pontonnier s\u2019\u00e9tait rendu \u00e0 Paris avec ses proches pour manifester en faveur du service public, <strong>de fa\u00e7on \u00ab\u00a0pacifique\u00a0\u00bb<\/strong>. Des faits, il ne se souvient plus de rien et ne sait donc pas s\u2019il a cherch\u00e9 \u00e0 ramasser la grenade ou pas. \u00c0 l\u2019\u00e9poque, il avait 21 ans, avait valid\u00e9 sa formation de chaudronnier chez les compagnons du devoir et voulait monter son entreprise. \u00ab\u00a0Tous mes projets sont tomb\u00e9s \u00e0 l\u2019eau\u00a0\u00bb, avait-il relat\u00e9 au proc\u00e8s, racontant avoir subi 25 interventions chirurgicales et \u00eatre en d\u00e9pression.<\/p>\n<p>Votre r\u00e9gion, votre actu !<\/p>\n<p>Recevez chaque jour les infos qui comptent pour vous.<\/p>\n<p>\t<a href=\"https:\/\/actu.fr\/newsletter\" class=\"ac-btn ac-btn--corner ac-btn--medium ac-btn--blue800\" rel=\"nofollow noopener\" target=\"_blank\">S&rsquo;incrire<\/a><\/p>\n<p class=\" wall-content\">\u00ab\u00a0C\u2019est une d\u00e9cision juridiquement aberrante qui revient \u00e0 instaurer une forme de permis de mutiler : m\u00eame sans visibilit\u00e9 ni formation suffisante, les policiers peuvent lancer des grenades sur des manifestants pacifiques\u00a0\u00bb, ont r\u00e9agi aupr\u00e8s les avocats de parties civiles, Mes Emma Eliakim, William Bourdon et Ainoha Pascual.<\/p>\n<p class=\" wall-content\">Avec AFP<\/p>\n<p class=\" wall-content\">Personnalisez votre actualit\u00e9 en ajoutant vos villes et m\u00e9dias en favori avec <a href=\"https:\/\/moncompte.actu.fr\" title=\"D\u00e9couvez Mon Actu\" rel=\"nofollow noopener\" data-trk=\"{&quot;cta&quot;:{&quot;action&quot;:&quot;https:\\\/\\\/moncompte.actu.fr&quot;,&quot;category&quot;:&quot;mon compte&quot;,&quot;from&quot;:&quot;article footer&quot;,&quot;name&quot;:&quot;Mon actu&quot;,&quot;type&quot;:&quot;cta&quot;}}\" target=\"_blank\">Mon Actu<\/a>.<\/p>\n","protected":false},"excerpt":{"rendered":"Par R\u00e9daction Paris Publi\u00e9 le 17 oct. 2025 \u00e0 16h53 Le CRS \u00e9tait jug\u00e9 sept ans apr\u00e8s les&hellip;\n","protected":false},"author":2,"featured_media":470191,"comment_status":"","ping_status":"","sticky":false,"template":"","format":"standard","meta":{"footnotes":""},"categories":[1888],"tags":[11,6984,1777,674,1011,27,23169,303,12,626,25,104],"class_list":{"0":"post-470190","1":"post","2":"type-post","3":"status-publish","4":"format-standard","5":"has-post-thumbnail","7":"category-paris","8":"tag-actualites","9":"tag-champs-elysees","10":"tag-eu","11":"tag-europe","12":"tag-fr","13":"tag-france","14":"tag-gilets-jaunes","15":"tag-justice","16":"tag-news","17":"tag-paris","18":"tag-republique-francaise","19":"tag-societe"},"share_on_mastodon":{"url":"https:\/\/pubeurope.com\/@fr\/115390092830077919","error":""},"_links":{"self":[{"href":"https:\/\/www.europesays.com\/fr\/wp-json\/wp\/v2\/posts\/470190","targetHints":{"allow":["GET"]}}],"collection":[{"href":"https:\/\/www.europesays.com\/fr\/wp-json\/wp\/v2\/posts"}],"about":[{"href":"https:\/\/www.europesays.com\/fr\/wp-json\/wp\/v2\/types\/post"}],"author":[{"embeddable":true,"href":"https:\/\/www.europesays.com\/fr\/wp-json\/wp\/v2\/users\/2"}],"replies":[{"embeddable":true,"href":"https:\/\/www.europesays.com\/fr\/wp-json\/wp\/v2\/comments?post=470190"}],"version-history":[{"count":0,"href":"https:\/\/www.europesays.com\/fr\/wp-json\/wp\/v2\/posts\/470190\/revisions"}],"wp:featuredmedia":[{"embeddable":true,"href":"https:\/\/www.europesays.com\/fr\/wp-json\/wp\/v2\/media\/470191"}],"wp:attachment":[{"href":"https:\/\/www.europesays.com\/fr\/wp-json\/wp\/v2\/media?parent=470190"}],"wp:term":[{"taxonomy":"category","embeddable":true,"href":"https:\/\/www.europesays.com\/fr\/wp-json\/wp\/v2\/categories?post=470190"},{"taxonomy":"post_tag","embeddable":true,"href":"https:\/\/www.europesays.com\/fr\/wp-json\/wp\/v2\/tags?post=470190"}],"curies":[{"name":"wp","href":"https:\/\/api.w.org\/{rel}","templated":true}]}}