{"id":470194,"date":"2025-10-17T14:58:13","date_gmt":"2025-10-17T14:58:13","guid":{"rendered":"https:\/\/www.europesays.com\/fr\/470194\/"},"modified":"2025-10-17T14:58:13","modified_gmt":"2025-10-17T14:58:13","slug":"la-presse-officielle-russe-salue-un-coup-de-maitre-du-kremlin","status":"publish","type":"post","link":"https:\/\/www.europesays.com\/fr\/470194\/","title":{"rendered":"la presse officielle russe salue \u201cun coup de ma\u00eetre du Kremlin\u201d"},"content":{"rendered":"\n<p>Pour les commentateurs russes, la rencontre pr\u00e9vue le vendredi 17\u00a0octobre \u00e0 la mi-journ\u00e9e (heure europ\u00e9enne) entre <a href=\"https:\/\/www.courrierinternational.com\/sujet\/volodymyr-zelensky\" target=\"_blank\" rel=\"noopener\">Volodymyr Zelensky<\/a> et Donald Trump n\u2019augurait rien de bon pour la Russie. La livraison des missiles Tomahawks \u00e9tait bien \u00e0 l\u2019ordre du jour selon la partie ukrainienne, et tout portait \u00e0 croire que le locataire de la Maison-Blanche \u00e9tait d\u00e9termin\u00e9 cette fois-ci \u00e0 aller jusqu\u2019au bout de ses menaces. Dans la presse officielle russe, on parlait de tentatives de \u201cchantage\u201d et de \u201cmise au pied du mur\u201d pour qualifier les derni\u00e8res d\u00e9clarations venues de l\u2019autre c\u00f4t\u00e9 de l\u2019Atlantique.<\/p>\n<p>Et puis il y a eu cette conversation t\u00e9l\u00e9phonique avec le Kremlin jeudi 16\u00a0octobre dans la nuit. Un \u00e9change avec Vladimir Poutine que Donald Trump s\u2019est empress\u00e9 de qualifier de \u201ctr\u00e8s productif\u201d avant d\u2019annoncer son intention de rencontrer une nouvelle fois le pr\u00e9sident russe, cette fois-ci sur le sol europ\u00e9en \u2013\u00a0dans la Hongrie de Viktor Orban. Un coup de fil \u201chistorique\u201d, s\u2019est aussit\u00f4t enflamm\u00e9 <a class=\"ithalc\" data-ithal=\"lien_externe\" data-ithalc=\"[nav_article]\" target=\"_blank\" href=\"https:\/\/www.kp.ru\/daily\/27730\/5157691\/\" rel=\"noopener\">la <strong>Komsomolska\u00efa Pravda,<\/strong> un tablo\u00efd proche du pouvoir en Russie<\/a>. \u201cJeudi soir, les chefs des deux \u00c9tats ont eu une conversation t\u00e9l\u00e9phonique historique. Compte tenu des d\u00e9clarations belliqueuses de Washington, les pr\u00e9visions n\u2019\u00e9taient pas des plus positives. Cependant, apr\u00e8s deux heures et demie de disc<\/p>\n","protected":false},"excerpt":{"rendered":"Pour les commentateurs russes, la rencontre pr\u00e9vue le vendredi 17\u00a0octobre \u00e0 la mi-journ\u00e9e (heure europ\u00e9enne) entre Volodymyr Zelensky&hellip;\n","protected":false},"author":2,"featured_media":470195,"comment_status":"","ping_status":"","sticky":false,"template":"","format":"standard","meta":{"footnotes":""},"categories":[1591],"tags":[11,75,674,1887,1892,131,12,1885,1886,132,220,135],"class_list":{"0":"post-470194","1":"post","2":"type-post","3":"status-publish","4":"format-standard","5":"has-post-thumbnail","7":"category-russie","8":"tag-actualites","9":"tag-donald-trump","10":"tag-europe","11":"tag-federation-de-russie","12":"tag-gu00e9opolitique","13":"tag-guerre-en-ukraine","14":"tag-news","15":"tag-russia","16":"tag-russian-federation","17":"tag-russie","18":"tag-ukraine","19":"tag-vladimir-poutine"},"share_on_mastodon":{"url":"https:\/\/pubeurope.com\/@fr\/115390100634362959","error":""},"_links":{"self":[{"href":"https:\/\/www.europesays.com\/fr\/wp-json\/wp\/v2\/posts\/470194","targetHints":{"allow":["GET"]}}],"collection":[{"href":"https:\/\/www.europesays.com\/fr\/wp-json\/wp\/v2\/posts"}],"about":[{"href":"https:\/\/www.europesays.com\/fr\/wp-json\/wp\/v2\/types\/post"}],"author":[{"embeddable":true,"href":"https:\/\/www.europesays.com\/fr\/wp-json\/wp\/v2\/users\/2"}],"replies":[{"embeddable":true,"href":"https:\/\/www.europesays.com\/fr\/wp-json\/wp\/v2\/comments?post=470194"}],"version-history":[{"count":0,"href":"https:\/\/www.europesays.com\/fr\/wp-json\/wp\/v2\/posts\/470194\/revisions"}],"wp:featuredmedia":[{"embeddable":true,"href":"https:\/\/www.europesays.com\/fr\/wp-json\/wp\/v2\/media\/470195"}],"wp:attachment":[{"href":"https:\/\/www.europesays.com\/fr\/wp-json\/wp\/v2\/media?parent=470194"}],"wp:term":[{"taxonomy":"category","embeddable":true,"href":"https:\/\/www.europesays.com\/fr\/wp-json\/wp\/v2\/categories?post=470194"},{"taxonomy":"post_tag","embeddable":true,"href":"https:\/\/www.europesays.com\/fr\/wp-json\/wp\/v2\/tags?post=470194"}],"curies":[{"name":"wp","href":"https:\/\/api.w.org\/{rel}","templated":true}]}}