{"id":470200,"date":"2025-10-17T15:01:21","date_gmt":"2025-10-17T15:01:21","guid":{"rendered":"https:\/\/www.europesays.com\/fr\/470200\/"},"modified":"2025-10-17T15:01:21","modified_gmt":"2025-10-17T15:01:21","slug":"dieselgate-le-royaume-uni-ouvre-le-proces-fleuve-de-cinq-constructeurs-2","status":"publish","type":"post","link":"https:\/\/www.europesays.com\/fr\/470200\/","title":{"rendered":"Dieselgate: le Royaume-Uni ouvre le proc\u00e8s-fleuve de cinq constructeurs"},"content":{"rendered":"<p><strong>Le proc\u00e8s hors norme de cinq g\u00e9ants de l&rsquo;automobile, dont Renault et Peugeot-Citro\u00ebn, s&rsquo;ouvre lundi \u00e0 Londres constituant le \u00e9ni\u00e8me \u00e9pisode du scandale mondial des voitures diesel truqu\u00e9es, dont les conclusions pourraient par ricochet s&rsquo;imposer \u00e0 de nombreux autres constructeurs dans le pays.<\/strong><\/p>\n<p class=\"toreadalso-fromEMP\"><strong>\u2022 \u00c0 lire aussi: <\/strong><a href=\"https:\/\/www.journaldemontreal.com\/2024\/09\/03\/proces-du-dieselgate--lancien-pdg-de-volkswagen-rejette-les-accusations\" target=\"22fdd046-92c6-4d4f-af01-192eb19515a0\" rel=\"nofollow noopener\"><strong>Proc\u00e8s du \u00abDieselgate\u00bb: l\u2019ancien PDG de Volkswagen rejette les accusations<\/strong><\/a><\/p>\n<p class=\"toreadalso-fromEMP\"><strong>\u2022 \u00c0 lire aussi: <\/strong><a href=\"https:\/\/www.tvanouvelles.ca\/2024\/03\/28\/dieselgate-des-clients-de-mercedes-pourraient-etre-indemnises\" target=\"c8dc356a-98eb-41e7-8f85-ba9bb13eeec2\" rel=\"nofollow noopener\"><strong>Dieselgate: des clients de Mercedes pourraient \u00eatre indemnis\u00e9s<\/strong><\/a><\/p>\n<p>L\u2019allemand Mercedes, le japonais Nissan et l\u2019am\u00e9ricain Ford sont les trois autres mis en cause dans cette proc\u00e9dure britannique, qui s\u2019ouvre pour trois mois devant la Haute Cour. Tous nient les faits.<\/p>\n<p>Dans ce vaste dossier, qui a donn\u00e9 lieu \u00e0 l&rsquo;ouverture de proc\u00e9dures civiles et p\u00e9nales dans le monde entier &#8211; par exemple en Allemagne, en France, aux \u00c9tats-Unis ou en Cor\u00e9e du Sud &#8211; les plus grands fabricants automobiles sont suspect\u00e9s d&rsquo;avoir manipul\u00e9 des v\u00e9hicules pour passer les contr\u00f4les antipollution, notamment des \u00e9missions d&rsquo;oxydes d&rsquo;azote (NOx).<\/p>\n<p>Volkswagen, auquel le nom du Dieselgate est souvent associ\u00e9, a reconnu d\u00e8s 2015 avoir commercialis\u00e9 plus de 11 millions de v\u00e9hicules dans le monde \u00e9quip\u00e9s d&rsquo;un logiciel d\u00e9tectant les phases de tests pour diminuer ses \u00e9missions. Il a d\u00e9j\u00e0 r\u00e9gl\u00e9 une facture d\u00e9passant les 30 milliards d&rsquo;euros, dont la plus grande part aux \u00c9tats-Unis.<\/p>\n<p>  <strong>\u00abMilliards de livres\u00bb<\/strong><\/p>\n<p>Jug\u00e9 en 2020 au Royaume-Uni, le constructeur allemand avait \u00e9t\u00e9 reconnu coupable par la Haute Cour de Londres d&rsquo;avoir mis en place un \u00ablogiciel truqueur\u00bb. Sans reconna\u00eetre sa responsabilit\u00e9, il avait mis fin aux proc\u00e9dures en 2022 en r\u00e9glant \u00e0 l&rsquo;amiable 193 millions de livres (222 millions d&rsquo;euros).<\/p>\n<p>Mais l&rsquo;affaire \u00abest beaucoup plus large que Volkswagen: elle concerne presque tous les constructeurs\u00bb qui vendent des voitures au Royaume-Uni, affirme \u00e0 l&rsquo;AFP Martyn Day, du cabinet d&rsquo;avocats Leigh Day, principal repr\u00e9sentant des plaignants, pour qui les indemnisations pourraient se compter en \u00abmilliards de livres\u00bb.<\/p>\n<p>Car l&rsquo;issue du proc\u00e8s pourrait faire jurisprudence et s&rsquo;appliquer aux autres constructeurs qui font l&rsquo;objet de plaintes au Royaume-Uni. En tout, 1,6 million de conducteurs demandent compensation dans le pays, estime le cabinet.<\/p>\n<p>Volkswagen-Porsche, Vauxhall-Opel, Jaguar Land Rover, BMW, FCA-Suzuki, Volvo, Hyundai-Kia, Toyota et Mazda pourraient ainsi se voir contraints de payer des d\u00e9dommagements sur la base de la d\u00e9cision du juge.<\/p>\n<p>  <strong>\u00abPoumons endommag\u00e9s\u00bb<\/strong><\/p>\n<p>Adam Kamenetzky, un Londonien de 45 ans, estime avoir \u00e9t\u00e9 \u00abtromp\u00e9\u00bb lorsqu&rsquo;il a choisi en 2018 un VUS Mercedes gris, sp\u00e9cifiquement parce qu&rsquo;il \u00e9tait cens\u00e9 \u00eatre moins polluant. Selon lui, le v\u00e9hicule est en r\u00e9alit\u00e9 bien plus nocif, ce qui fait aussi baisser sa valeur.<\/p>\n<p>\u00abNous vivons dans un quartier r\u00e9sidentiel de Londres o\u00f9 vivent des enfants dont les poumons peuvent \u00eatre gravement endommag\u00e9s par les \u00e9missions produites par ces voitures\u00bb, a-t-il d\u00e9plor\u00e9 aupr\u00e8s de l&rsquo;AFP. Il sera pr\u00e9sent \u00e0 l&rsquo;ouverture du proc\u00e8s lundi.<\/p>\n<p>Sollicit\u00e9s par l&rsquo;AFP, Ford et Mercedes rejettent de leur c\u00f4t\u00e9 des \u00aball\u00e9gations sans fondement\u00bb. Renault et Stellantis, la maison-m\u00e8re de Peugeot et Citro\u00ebn, assurent que les v\u00e9hicules vendus \u00e9taient tous \u00abconformes\u00bb aux r\u00e9glementations. Nissan n&rsquo;a pas souhait\u00e9 faire de commentaire.<\/p>\n<p>Le proc\u00e8s qui s&rsquo;ouvre lundi se concentrera d&rsquo;abord sur la responsabilit\u00e9 des constructeurs, avant une \u00e9ventuelle seconde proc\u00e9dure \u00e0 partir d&rsquo;octobre 2026 concernant les indemnisations.<\/p>\n","protected":false},"excerpt":{"rendered":"Le proc\u00e8s hors norme de cinq g\u00e9ants de l&rsquo;automobile, dont Renault et Peugeot-Citro\u00ebn, s&rsquo;ouvre lundi \u00e0 Londres constituant&hellip;\n","protected":false},"author":2,"featured_media":470201,"comment_status":"","ping_status":"","sticky":false,"template":"","format":"standard","meta":{"footnotes":""},"categories":[1588],"tags":[11,1777,674,12,473,1853,1851,1850,1852],"class_list":{"0":"post-470200","1":"post","2":"type-post","3":"status-publish","4":"format-standard","5":"has-post-thumbnail","7":"category-royaume-uni","8":"tag-actualites","9":"tag-eu","10":"tag-europe","11":"tag-news","12":"tag-royaume-uni","13":"tag-royaume-uni-de-grande-bretagne-et-dirlande-du-nord","14":"tag-uk","15":"tag-united-kingdom","16":"tag-united-kingdom-of-great-britain-and-northern-ireland"},"share_on_mastodon":{"url":"https:\/\/pubeurope.com\/@fr\/115390112426302989","error":""},"_links":{"self":[{"href":"https:\/\/www.europesays.com\/fr\/wp-json\/wp\/v2\/posts\/470200","targetHints":{"allow":["GET"]}}],"collection":[{"href":"https:\/\/www.europesays.com\/fr\/wp-json\/wp\/v2\/posts"}],"about":[{"href":"https:\/\/www.europesays.com\/fr\/wp-json\/wp\/v2\/types\/post"}],"author":[{"embeddable":true,"href":"https:\/\/www.europesays.com\/fr\/wp-json\/wp\/v2\/users\/2"}],"replies":[{"embeddable":true,"href":"https:\/\/www.europesays.com\/fr\/wp-json\/wp\/v2\/comments?post=470200"}],"version-history":[{"count":0,"href":"https:\/\/www.europesays.com\/fr\/wp-json\/wp\/v2\/posts\/470200\/revisions"}],"wp:featuredmedia":[{"embeddable":true,"href":"https:\/\/www.europesays.com\/fr\/wp-json\/wp\/v2\/media\/470201"}],"wp:attachment":[{"href":"https:\/\/www.europesays.com\/fr\/wp-json\/wp\/v2\/media?parent=470200"}],"wp:term":[{"taxonomy":"category","embeddable":true,"href":"https:\/\/www.europesays.com\/fr\/wp-json\/wp\/v2\/categories?post=470200"},{"taxonomy":"post_tag","embeddable":true,"href":"https:\/\/www.europesays.com\/fr\/wp-json\/wp\/v2\/tags?post=470200"}],"curies":[{"name":"wp","href":"https:\/\/api.w.org\/{rel}","templated":true}]}}