{"id":470214,"date":"2025-10-17T15:10:20","date_gmt":"2025-10-17T15:10:20","guid":{"rendered":"https:\/\/www.europesays.com\/fr\/470214\/"},"modified":"2025-10-17T15:10:20","modified_gmt":"2025-10-17T15:10:20","slug":"la-liste-pour-la-tournee-de-novembre-des-stars-de-lubb-et-du-stade-toulousain-bien-presentes","status":"publish","type":"post","link":"https:\/\/www.europesays.com\/fr\/470214\/","title":{"rendered":"la liste pour la tourn\u00e9e de novembre, des stars de l\u2019UBB et du Stade Toulousain bien pr\u00e9sentes"},"content":{"rendered":"<p>Les staffs commencent \u00e0 se pr\u00e9parer pour la tourn\u00e9e de novembre. D\u2019ici quelques semaines, le Top 14 prendra une petite pause pour laisser place aux test-internationaux. Si les regards sont naturellement tourn\u00e9s vers le XV de France, d\u2019autres chocs sont \u00e0 venir. L\u2019Italie s\u2019avance avec un programme charg\u00e9 et des tests face \u00e0 l\u2019Australie, l\u2019Afrique du Sud et le Chili.<\/p>\n<p>Le Top 14 bien repr\u00e9sent\u00e9<\/p>\n<p>Pour ces trois rencontres, Gonzalo Quesada a d\u00e9cid\u00e9 de retenir 34 joueurs. Sans surprise, on retrouve de nombreux grands noms du Top 14, d\u2019Ange Capuozzo \u00e0 Juan Ignacio Brex en passant par Tommaso Allan et Martin Page-Relo. Tommaso Menoncello, <a href=\"https:\/\/www.quinzemondial.com\/top-14\/stade-toulousain-avec-larrivee-dune-pointure-mondiale-un-cadre-du-club-sur-le-depart-819626\" rel=\"nofollow noopener\" target=\"_blank\">annonc\u00e9 proche du Stade Toulousain<\/a>, est \u00e9galement convoqu\u00e9. A noter que le centre toulonnais manquera donc le match en retard face \u00e0 La Rochelle le 8 novembre prochain.<\/p>\n<blockquote class=\"twitter-tweet\">\n<p dir=\"ltr\" lang=\"it\">Il \ud835\udc02\ud835\udc28\ud835\udc26\ud835\udc26\ud835\udc22\ud835\udc2c\ud835\udc2c\ud835\udc1a\ud835\udc2b\ud835\udc22\ud835\udc28 \ud835\udc13\ud835\udc1e\ud835\udc1c\ud835\udc27\ud835\udc22\ud835\udc1c\ud835\udc28 Gonzalo <a href=\"https:\/\/twitter.com\/hashtag\/Quesada?src=hash&amp;ref_src=twsrc%5Etfw\" rel=\"nofollow noopener\" target=\"_blank\">#Quesada<\/a> ha annunciato la lista dei convocati per il raduno in preparazione alle <a href=\"https:\/\/twitter.com\/QuilterNations?ref_src=twsrc%5Etfw\" rel=\"nofollow noopener\" target=\"_blank\">@QuilterNations<\/a> \u27a1\ufe0f<a href=\"https:\/\/twitter.com\/hashtag\/QuilterNS?src=hash&amp;ref_src=twsrc%5Etfw\" rel=\"nofollow noopener\" target=\"_blank\">#QuilterNS<\/a> <a href=\"https:\/\/twitter.com\/hashtag\/QNS?src=hash&amp;ref_src=twsrc%5Etfw\" rel=\"nofollow noopener\" target=\"_blank\">#QNS<\/a><a href=\"https:\/\/twitter.com\/hashtag\/insieme?src=hash&amp;ref_src=twsrc%5Etfw\" rel=\"nofollow noopener\" target=\"_blank\">#insieme<\/a> <a href=\"https:\/\/twitter.com\/hashtag\/rugbypassioneitaliana?src=hash&amp;ref_src=twsrc%5Etfw\" rel=\"nofollow noopener\" target=\"_blank\">#rugbypassioneitaliana<\/a> <a href=\"https:\/\/t.co\/Ql9HAdU3KS\" rel=\"nofollow\">pic.twitter.com\/Ql9HAdU3KS<\/a><\/p>\n<p>\u2014 Italrugby (@Federugby) <a href=\"https:\/\/twitter.com\/Federugby\/status\/1978808145800556875?ref_src=twsrc%5Etfw\" rel=\"nofollow noopener\" target=\"_blank\">October 16, 2025<\/a><\/p>\n<\/blockquote>\n<p>Partagez cette info avec vos amis et vos proches en cliquant ici<br \/>Pour r\u00e9sumer<\/p>\n<p>Gonzalo Quesada et ses adjoints ont d\u00e9voil\u00e9 la liste des 34 joueurs italiens retenus pour pr\u00e9parer la tourn\u00e9e de novembre. Les Transalpins d\u00e9fient l\u2019Australie, l\u2019Afrique du Sud et le Chili. On retrouve de nombreux joueurs du Top 14.<\/p>\n<p> <img decoding=\"async\" width=\"76\" height=\"76\" loading=\"lazy\" src=\"https:\/\/www.europesays.com\/fr\/wp-content\/uploads\/2025\/04\/avatar-quinze.png\" alt=\"Arnaud D\u00e9chelotte\"\/><script async src=\"https:\/\/platform.twitter.com\/widgets.js\" charset=\"utf-8\"><\/script><\/p>\n","protected":false},"excerpt":{"rendered":"Les staffs commencent \u00e0 se pr\u00e9parer pour la tourn\u00e9e de novembre. D\u2019ici quelques semaines, le Top 14 prendra&hellip;\n","protected":false},"author":2,"featured_media":470215,"comment_status":"","ping_status":"","sticky":false,"template":"","format":"standard","meta":{"footnotes":""},"categories":[1416],"tags":[11,1011,27,479,1468,60],"class_list":{"0":"post-470214","1":"post","2":"type-post","3":"status-publish","4":"format-standard","5":"has-post-thumbnail","7":"category-rugby","8":"tag-actualites","9":"tag-fr","10":"tag-france","11":"tag-rugby","12":"tag-rugby-football","13":"tag-sports"},"share_on_mastodon":{"url":"https:\/\/pubeurope.com\/@fr\/115390148523116559","error":""},"_links":{"self":[{"href":"https:\/\/www.europesays.com\/fr\/wp-json\/wp\/v2\/posts\/470214","targetHints":{"allow":["GET"]}}],"collection":[{"href":"https:\/\/www.europesays.com\/fr\/wp-json\/wp\/v2\/posts"}],"about":[{"href":"https:\/\/www.europesays.com\/fr\/wp-json\/wp\/v2\/types\/post"}],"author":[{"embeddable":true,"href":"https:\/\/www.europesays.com\/fr\/wp-json\/wp\/v2\/users\/2"}],"replies":[{"embeddable":true,"href":"https:\/\/www.europesays.com\/fr\/wp-json\/wp\/v2\/comments?post=470214"}],"version-history":[{"count":0,"href":"https:\/\/www.europesays.com\/fr\/wp-json\/wp\/v2\/posts\/470214\/revisions"}],"wp:featuredmedia":[{"embeddable":true,"href":"https:\/\/www.europesays.com\/fr\/wp-json\/wp\/v2\/media\/470215"}],"wp:attachment":[{"href":"https:\/\/www.europesays.com\/fr\/wp-json\/wp\/v2\/media?parent=470214"}],"wp:term":[{"taxonomy":"category","embeddable":true,"href":"https:\/\/www.europesays.com\/fr\/wp-json\/wp\/v2\/categories?post=470214"},{"taxonomy":"post_tag","embeddable":true,"href":"https:\/\/www.europesays.com\/fr\/wp-json\/wp\/v2\/tags?post=470214"}],"curies":[{"name":"wp","href":"https:\/\/api.w.org\/{rel}","templated":true}]}}