{"id":470220,"date":"2025-10-17T15:14:35","date_gmt":"2025-10-17T15:14:35","guid":{"rendered":"https:\/\/www.europesays.com\/fr\/470220\/"},"modified":"2025-10-17T15:14:35","modified_gmt":"2025-10-17T15:14:35","slug":"f1-gp-des-etats-unis-a-quelles-heures-et-sur-quelles-chaines-suivre-toutes-les-courses-du-week-end","status":"publish","type":"post","link":"https:\/\/www.europesays.com\/fr\/470220\/","title":{"rendered":"F1 &#8211; GP des Etats-Unis : \u00e0 quelles heures et sur quelles cha\u00eenes suivre toutes les courses du week-end ?"},"content":{"rendered":"<p>Deux semaines apr\u00e8s la manche de Singapour, la F1 retrouve le bitume texan pour la 19e \u00e9tape de la saison. Le Circuit of The Americas accueille une nouvelle fois les meilleurs pilotes de F1 pour un grand spectacle, avec un format sprint qui ajoute une dose de strat\u00e9gie et de tension. Max Verstappen tentera de reprendre sa marche en avant apr\u00e8s avoir manqu\u00e9 le podium lors de la pr\u00e9c\u00e9dente course. En face, les McLaren de Lando Norris et Oscar Piastri ont d\u00e9j\u00e0 le titre constructeur dans la poche. Maintenant les deux pilotes vont continuer d\u2019impressionner et esp\u00e8rent profiter de cette configuration particuli\u00e8re pour grappiller des points pr\u00e9cieux l&rsquo;un sur l&rsquo;autre et continuer \u00e0 distancer leurs rivaux. Charles Leclerc, vainqueur ici l\u2019an pass\u00e9, cherchera lui aussi \u00e0 se relancer dans une fin de saison o\u00f9 chaque d\u00e9tail compte. Entre temp\u00e9ratures \u00e9lev\u00e9es, d\u00e9nivel\u00e9s prononc\u00e9s et virages rapides, Austin reste un circuit exigeant o\u00f9 les \u00e9carts se font rarement grands mais toujours d\u00e9cisifs.<\/p>\n<p>Diffusion GP des \u00c9tats-Unis : \u00e0 quelle heure et sur quelles cha\u00eenes suivre la course de F1<\/p>\n<p><strong>Le Grand Prix des \u00c9tats-Unis se d\u00e9roulera sur trois jours, du vendredi 17 au dimanche 19 octobre, \u00e0 Austin<\/strong>. L<strong>es Essais Libres 1 seront diffus\u00e9s vendredi \u00e0 19h30 sur CANAL+ Sport, suivis des qualifications Sprint \u00e0 23h30 sur la m\u00eame cha\u00eene. Le samedi 18 octobre, la Course Sprint sera \u00e0 suivre d\u00e8s 19h00, avant les qualifications classiques \u00e0 23h00, \u00e9galement sur CANAL+ Sport<\/strong>. Enfin, <a href=\"https:\/\/action.metaffiliation.com\/trk.php?mclic=P4F53157BCED1561\" rel=\"nofollow sponsored noopener\" target=\"_blank\">le dimanche 19 octobre, la course principale sera diffus\u00e9e en direct sur CANAL+ Sport 360 \u00e0 21h00<\/a>.<\/p>\n<p>\t\t<a class=\"cta ctaInArticle lien-c2c medium primary\" target=\"_blank\" rel=\"nofollow sponsored noopener\" href=\"https:\/\/action.metaffiliation.com\/trk.php?mclic=P4F53157BCED1561\"><br \/>\n\t\t\tCliquez ici pour profiter de l&rsquo;offre CANAL+\t<\/p>\n<p>\t<\/a><\/p>\n<p>Chaque jour, nous \u00e9pluchons en toute ind\u00e9pendance les meilleures offres et r\u00e9ductions disponibles sur le web pour vous proposer les bons plans les plus int\u00e9ressants. Pour \u00e9valuer la pertinence d\u2019un bon plan, nous v\u00e9rifions notamment l\u2019historique des prix et veillons \u00e0 vous recommander les boutiques en ligne proposant les meilleures garanties.<\/p>\n<p>Certains liens peuvent g\u00e9n\u00e9rer une commission pour Capital. Les prix sont mentionn\u00e9s \u00e0 titre indicatif et sont susceptibles d&rsquo;\u00e9voluer.<\/p>\n","protected":false},"excerpt":{"rendered":"Deux semaines apr\u00e8s la manche de Singapour, la F1 retrouve le bitume texan pour la 19e \u00e9tape de&hellip;\n","protected":false},"author":2,"featured_media":470221,"comment_status":"","ping_status":"","sticky":false,"template":"","format":"standard","meta":{"footnotes":""},"categories":[1412],"tags":[1419,1451,1452,1453,1454,1455,1011,27,60,129],"class_list":{"0":"post-470220","1":"post","2":"type-post","3":"status-publish","4":"format-standard","5":"has-post-thumbnail","7":"category-f1","8":"tag-canal-plus","9":"tag-f1","10":"tag-formula-1","11":"tag-formula1","12":"tag-formule-1","13":"tag-formule1","14":"tag-fr","15":"tag-france","16":"tag-sports","17":"tag-svod"},"share_on_mastodon":{"url":"https:\/\/pubeurope.com\/@fr\/115390163442303905","error":""},"_links":{"self":[{"href":"https:\/\/www.europesays.com\/fr\/wp-json\/wp\/v2\/posts\/470220","targetHints":{"allow":["GET"]}}],"collection":[{"href":"https:\/\/www.europesays.com\/fr\/wp-json\/wp\/v2\/posts"}],"about":[{"href":"https:\/\/www.europesays.com\/fr\/wp-json\/wp\/v2\/types\/post"}],"author":[{"embeddable":true,"href":"https:\/\/www.europesays.com\/fr\/wp-json\/wp\/v2\/users\/2"}],"replies":[{"embeddable":true,"href":"https:\/\/www.europesays.com\/fr\/wp-json\/wp\/v2\/comments?post=470220"}],"version-history":[{"count":0,"href":"https:\/\/www.europesays.com\/fr\/wp-json\/wp\/v2\/posts\/470220\/revisions"}],"wp:featuredmedia":[{"embeddable":true,"href":"https:\/\/www.europesays.com\/fr\/wp-json\/wp\/v2\/media\/470221"}],"wp:attachment":[{"href":"https:\/\/www.europesays.com\/fr\/wp-json\/wp\/v2\/media?parent=470220"}],"wp:term":[{"taxonomy":"category","embeddable":true,"href":"https:\/\/www.europesays.com\/fr\/wp-json\/wp\/v2\/categories?post=470220"},{"taxonomy":"post_tag","embeddable":true,"href":"https:\/\/www.europesays.com\/fr\/wp-json\/wp\/v2\/tags?post=470220"}],"curies":[{"name":"wp","href":"https:\/\/api.w.org\/{rel}","templated":true}]}}