{"id":470225,"date":"2025-10-17T15:17:11","date_gmt":"2025-10-17T15:17:11","guid":{"rendered":"https:\/\/www.europesays.com\/fr\/470225\/"},"modified":"2025-10-17T15:17:11","modified_gmt":"2025-10-17T15:17:11","slug":"alexandre-astier-pour-kaamelott-2-1-je-suis-curieux-de-tout-jai-toujours-voulu-faire-du-spectacle","status":"publish","type":"post","link":"https:\/\/www.europesays.com\/fr\/470225\/","title":{"rendered":"Alexandre Astier pour \u00ab\u00a0Kaamelott, 2.1\u00a0\u00bb: \u00ab\u00a0Je suis curieux de tout, j&rsquo;ai toujours voulu faire du spectacle"},"content":{"rendered":"<p class=\"PopSlotParagraph qg-tx2 qg-xtra-lh svelte-1r0pyek\">Ce jour-l\u00e0, nous \u00e9tions \u00e0 J\u201315 de la sortie de son film. Et il ne l\u2019avait pas termin\u00e9. Alexandre Astier mettait la derni\u00e8re touche \u00e0 \u201cKaamelott, volet 2, partie 1\u201d, qui sort en salles mercredi prochain. Il en assure le sc\u00e9nario, la r\u00e9alisation, la production, la musique, le montage et l\u2019interpr\u00e9tation du roi Arthur, comme d\u2019habitude.<\/p>\n<p class=\"PopSlotParagraph qg-tx2 qg-xtra-lh svelte-1r0pyek\">Parce qu\u2019Alexandre Astier met en sc\u00e8ne la qu\u00eate du Graal depuis plus de 20 ans, et l\u2019univers qu\u2019il a cr\u00e9\u00e9 avec Kaamelott au d\u00e9but des ann\u00e9es 2000 n\u2019a cess\u00e9 de muter. Il a aussi co-r\u00e9alis\u00e9 deux Ast\u00e9rix en film d\u2019animation, interpr\u00e9t\u00e9 Jean-S\u00e9bastien Bach sur sc\u00e8ne et remplit Bercy tout seul, avec une conf\u00e9rence \u00e9rudite et humoristique sur l\u2019astrophysique&#8230; avant d\u2019offrir \u00e0 chaque spectateur une sucette \u00e0 la framboise \u00e0 la fin.<\/p>\n<p class=\"PopSlotParagraph qg-tx2 qg-xtra-lh svelte-1r0pyek\">Nous nous sommes assis c\u00f4te \u00e0 c\u00f4te autour d\u2019une table immense. Il a lev\u00e9 un sourcil en regardant mon micro et mon magn\u00e9to.<\/p>\n<p class=\"PopSlotParagraph qg-tx2 qg-xtra-lh svelte-1r0pyek\">L&rsquo;aventure a commenc\u00e9 par trois notes qui sonnent le rappel pour \u00ab\u00a0Kaamelott\u00a0\u00bb, entre la m\u00e9t\u00e9o et le d\u00e9but du repas, trois notes entendues \u00e0 la t\u00e9l\u00e9 qui disaient &lsquo;rendez-vous au Moyen-Age avec le roi Arthur, sa mauvaise humeur, la recherche du Graal et sa bande de bras cass\u00e9s pour chevaliers&rsquo;. Avant d&rsquo;\u00eatre une s\u00e9rie puis des longs-m\u00e9trages en plusieurs volets, Kaamelott fut un court film avec un petit budget. C&rsquo;\u00e9tait en 2002. Alexandre Astier, en roi Arthur, accueillait ses chevaliers en latin.<\/p>\n<p> Une passion pour filmer la r\u00e9alit\u00e9 tangible avec autod\u00e9rision<\/p>\n<p class=\"PopSlotParagraph qg-tx2 qg-xtra-lh svelte-1r0pyek\">Cela fait 23 ans que l&rsquo;univers de Kaamelott fait partie de sa vie et pourtant il n&rsquo;entretient pas au d\u00e9part une passion immod\u00e9r\u00e9e, particuli\u00e8rement pour le roi Arthur, mais un go\u00fbt pour l&rsquo;autod\u00e9rision face aux r\u00e9alit\u00e9s complexes, s\u00e9rieuses, incomprises\u00a0: \u00ab\u00a0\u00c7a aurait pu \u00eatre un autre h\u00e9ros. Ce qui m&rsquo;int\u00e9ressait, c&rsquo;est de me retrouver dans une situation o\u00f9 je parle \u00e0 des gens qui ne me comprennent pas. Parce que j&rsquo;adore placer un personnage \u00e0 jouer, avec un mec qui a besoin d&rsquo;expliquer des choses un peu complexes (comme le Graal qui n&rsquo;a pas vraiment de r\u00e9alit\u00e9 tangible) \u00e0 des gens qui ne le comprennent pas. Il faut que \u00e7a reste un terrain de jeu, de d\u00e9couverte, de recherche et de travail avec les autres.\u00a0Il n&rsquo;y a rien qui m&rsquo;agace plus que les films o\u00f9 tout le monde se comprend. Les films o\u00f9 les personnages parlent d&rsquo;une seule voix, \u00e7a m&rsquo;insupporte. Pour moi, le probl\u00e8me de communication, c&rsquo;est le probl\u00e8me du monde. Comment se faire comprendre et comment comprendre, c&rsquo;est ce qu&rsquo;il y a de plus dur. Et j&rsquo;aime beaucoup les situations o\u00f9 les gens ne comprennent pas\u00a0\u00bb.<\/p>\n<p class=\"PopSlotParagraph qg-tx2 qg-xtra-lh svelte-1r0pyek\">Par exemple, ce que le cin\u00e9aste et com\u00e9dien aime par-dessus tout dans l&rsquo;ADN de son h\u00e9ros, c&rsquo;est le sentiment perp\u00e9tuel d&rsquo;\u00eatre en plein d\u00e9senchantement, d\u00e9sabus\u00e9 et blas\u00e9 par la r\u00e9alit\u00e9\u00a0: \u00ab\u00a0Arthur, ce que j&rsquo;aime bien lui faire jouer, c&rsquo;est le fait qu&rsquo;il tienne le coup face \u00e0 des discussions qui s&rsquo;enlisent \u00e0 force de digressions jusqu&rsquo;\u00e0 ce qu&rsquo;\u00e0 un moment, il sente que sa patience l\u00e2che et dise le fameux \u00ab\u00a0vous m&#8217;emmerdez\u00a0!\u00a0\u00bb. Celui-l\u00e0, je l&rsquo;aime beaucoup et il y a plein de nuances de ce ras-le-bol-l\u00e0, au point que c&rsquo;est une r\u00e9plique culte qu&rsquo;on retrouve aussi dans beaucoup de classiques du cin\u00e9ma fran\u00e7ais.\u00a0Ce n&rsquo;est pas pour rien que l&rsquo;antagoniste d&rsquo;Arthur, c&rsquo;est un mec \u00e9litiste (Lancelot). C&rsquo;est ce qui fait qu&rsquo;Arthur est un vrai h\u00e9ros parce qu&rsquo;il propose au public de venir le rejoindre dans son inconfort, ses incertitudes et surtout ses d\u00e9motivations et ses d\u00e9couragements. Un h\u00e9ros, \u00e7a doit \u00eatre l&rsquo;histoire de nous tous\u00a0\u00bb.<\/p>\n<p> Dans un d\u00e9couragement perp\u00e9tuel, \u00e0 l&rsquo;\u00e9cran comme dans la vie<\/p>\n<p class=\"PopSlotParagraph qg-tx2 qg-xtra-lh svelte-1r0pyek\">Dans la vie en g\u00e9n\u00e9ral, Alexandre Astier confie passer son temps \u00e0 se d\u00e9courager, comme son h\u00e9ros \u00e0 l&rsquo;\u00e9cran\u00a0: \u00ab\u00a0C&rsquo;est un tel d\u00e9couragement perp\u00e9tuel que j&rsquo;en ai fait un copain, le d\u00e9couragement. Je suis d\u00e9courag\u00e9 d&rsquo;une mani\u00e8re g\u00e9n\u00e9rale et ce climat d&rsquo;urgence me sert \u00e0 \u00e9chapper \u00e0 la critique, au fait d&rsquo;\u00eatre insuffisant par rapport \u00e0 ce que je voudrais. L&rsquo;urgence, \u00e7a m&rsquo;oblige \u00e0 fournir, auquel cas, je ne fournirais jamais. C&rsquo;est une esp\u00e8ce d&rsquo;\u00e9tat second qui me permet de contourner la r\u00e9alit\u00e9. Je fais gaffe \u00e0 ne pas m&rsquo;arr\u00eater \u00e0 l&rsquo;intellect et \u00e0 essayer de laisser parler l&rsquo;instinct, comme un dessin de gosse. Je ne veux pas \u00eatre s\u00fbr de ce que je fais. Je veux exp\u00e9rimenter et j&rsquo;ai l&rsquo;impression que ce que je dois aux gens, qui ont la gentillesse d&rsquo;essayer de regarder ce que je fais, c&rsquo;est de leur promettre que tout est exp\u00e9rimental. J&rsquo;essaye de donner quelque chose de sinc\u00e8re au moment o\u00f9 je le fais. Et puis il se passe ce qui se passe\u00a0\u00bb.<\/p>\n<p> Une histoire de famille<\/p>\n<p class=\"PopSlotParagraph qg-tx2 qg-xtra-lh svelte-1r0pyek\">\u00ab\u00a0Kaamelott\u00a0\u00bb, c&rsquo;est aussi une saga et l&rsquo;histoire d&rsquo;une famille de com\u00e9diens soud\u00e9e qui rayonne \u00e0 l&rsquo;\u00e9cran\u00a0: \u00ab\u00a0Mes parents sont enfants d&rsquo;un monde ouvrier. La position d&rsquo;artiste, de com\u00e9dien, est d\u00e9j\u00e0 un risque en soi. Ils ont pris le risque d&rsquo;exercer une profession que leurs parents n&rsquo;ont pas comprise. C&rsquo;est une fracture que je n&rsquo;ai pas eu \u00e0 exercer, par exemple. Moi, je fais un m\u00e9tier qui est dans la continuit\u00e9 de mes parents, donc je n&rsquo;ai pas de traumatismes. Quand j&rsquo;\u00e9tais petit \u00e0 la maison, quand je composais toute la nuit et que je ne me levais pas pour aller au bahut, je n&rsquo;\u00e9tais pas entour\u00e9 de gens qui pensaient que j&rsquo;\u00e9tais en train de perdre pied. J&rsquo;\u00e9tais entour\u00e9 de gens qui pouvaient regretter que je n&rsquo;aille pas au bahut, mais qui dans un coin de leur t\u00eate se disaient qu&rsquo;en m\u00eame temps, je faisais quelque chose. C&rsquo;est un vrai soutien\u00a0\u00bb.<\/p>\n<p class=\"PopSlotParagraph qg-tx2 qg-xtra-lh svelte-1r0pyek\"><strong>&gt;&gt;&gt;<\/strong> Musicien avant tout autre chose, comme il le confie, d\u00e9couvrez ses\u00a0mod\u00e8les de composition musicale en \u00e9coutant l&rsquo;int\u00e9gralit\u00e9 de l&rsquo;entretien&#8230;<\/p>\n<p class=\"PopSlotParagraph qg-tx2 qg-xtra-lh svelte-1r0pyek\"><strong>Programmation musicale<\/strong><\/p>\n<ul>\n<li>PHILIPPE KATERINE &#8211; Fr\u00e9rot<\/li>\n<li>TAME IMPALA \u2013 Looser<\/li>\n<li>LED ZEPPELIN \u2013 Kashmir<\/li>\n<\/ul>\n","protected":false},"excerpt":{"rendered":"Ce jour-l\u00e0, nous \u00e9tions \u00e0 J\u201315 de la sortie de son film. Et il ne l\u2019avait pas termin\u00e9.&hellip;\n","protected":false},"author":2,"featured_media":470226,"comment_status":"","ping_status":"","sticky":false,"template":"","format":"standard","meta":{"footnotes":""},"categories":[1359],"tags":[58,59,1011,27,973],"class_list":{"0":"post-470225","1":"post","2":"type-post","3":"status-publish","4":"format-standard","5":"has-post-thumbnail","7":"category-people","8":"tag-divertissement","9":"tag-entertainment","10":"tag-fr","11":"tag-france","12":"tag-people"},"share_on_mastodon":{"url":"https:\/\/pubeurope.com\/@fr\/115390175280188662","error":""},"_links":{"self":[{"href":"https:\/\/www.europesays.com\/fr\/wp-json\/wp\/v2\/posts\/470225","targetHints":{"allow":["GET"]}}],"collection":[{"href":"https:\/\/www.europesays.com\/fr\/wp-json\/wp\/v2\/posts"}],"about":[{"href":"https:\/\/www.europesays.com\/fr\/wp-json\/wp\/v2\/types\/post"}],"author":[{"embeddable":true,"href":"https:\/\/www.europesays.com\/fr\/wp-json\/wp\/v2\/users\/2"}],"replies":[{"embeddable":true,"href":"https:\/\/www.europesays.com\/fr\/wp-json\/wp\/v2\/comments?post=470225"}],"version-history":[{"count":0,"href":"https:\/\/www.europesays.com\/fr\/wp-json\/wp\/v2\/posts\/470225\/revisions"}],"wp:featuredmedia":[{"embeddable":true,"href":"https:\/\/www.europesays.com\/fr\/wp-json\/wp\/v2\/media\/470226"}],"wp:attachment":[{"href":"https:\/\/www.europesays.com\/fr\/wp-json\/wp\/v2\/media?parent=470225"}],"wp:term":[{"taxonomy":"category","embeddable":true,"href":"https:\/\/www.europesays.com\/fr\/wp-json\/wp\/v2\/categories?post=470225"},{"taxonomy":"post_tag","embeddable":true,"href":"https:\/\/www.europesays.com\/fr\/wp-json\/wp\/v2\/tags?post=470225"}],"curies":[{"name":"wp","href":"https:\/\/api.w.org\/{rel}","templated":true}]}}