{"id":470227,"date":"2025-10-17T15:18:22","date_gmt":"2025-10-17T15:18:22","guid":{"rendered":"https:\/\/www.europesays.com\/fr\/470227\/"},"modified":"2025-10-17T15:18:22","modified_gmt":"2025-10-17T15:18:22","slug":"etincelle-presente-ses-oeuvres-a-la-maniere-de-grands-photographes","status":"publish","type":"post","link":"https:\/\/www.europesays.com\/fr\/470227\/","title":{"rendered":"Etincelle pr\u00e9sente ses \u0153uvres \u00e0 la mani\u00e8re de grands photographes"},"content":{"rendered":"<p>            Par<br \/>\n        <strong><br \/>\n            <a href=\"https:\/\/actu.fr\/auteur\/ddecourcelle\" title=\"Consulter tous les articles de Delphine Decourcelle\" target=\"_blank\" rel=\"noopener\">Delphine Decourcelle<\/a><br \/>\n        <\/strong><\/p>\n<p>        Publi\u00e9 le<\/p>\n<p>            17 oct. 2025 \u00e0 6h50        <\/p>\n<p>Elliott Erwitt, Marc Riboud, Man Ray\u2026 Faire (re)d\u00e9couvrir de grands <a href=\"https:\/\/actu.fr\/tag\/photographie\" target=\"_blank\" rel=\"noopener\">photographes<\/a> \u00e0 travers une de leurs \u0153uvres, en la r\u00e9interpr\u00e9tant, en la r\u00e9actualisant ou en la relocalisant, c\u2019est le dernier projet d\u2019<a href=\"https:\/\/etincelle-photo.fr\/\" target=\"_blank\" rel=\"noopener\">Etincelle<\/a>. L\u2019association expose son travail <b>du 13 au 25\u00a0octobre 2025 au club Mol\u00e9on<\/b> du centre Leclerc \u00e0 <a href=\"https:\/\/actu.fr\/nouvelle-aquitaine\/langon_33227\" target=\"_blank\" rel=\"noopener\">Langon<\/a> (Gironde). Une approche tr\u00e8s int\u00e9ressante pour se replonger dans l\u2019univers et techniques de quelques <b>grands noms de la photo<\/b>, tout en y apportant un autre regard, et parfois une vision plus actuelle.<\/p>\n<p>Louis Ducos Du Hauron, ce Langonnais \u00e0 l\u2019origine de la photo couleur<\/p>\n<p class=\" wall-content\">Vous vous prendrez au jeu d\u2019essayer de trouver les lieux pr\u00e8s de chez vous, o\u00f9 les membres d\u2019Etincelle ont pris leur clich\u00e9. \u00ab\u2009Venez d\u00e9couvrir des photographes tels que Louis Ducos Du Hauron, ce Langonnais \u00e0 l\u2019origine de la photographie couleur\u2009\u00bb, d\u00e9taille l\u2019association.<\/p>\n<p class=\" wall-content\">\u00ab\u2009Mais aussi Elliott Erwitt qui nous am\u00e8ne un peu de Provence \u00e0 Langon\u2009; les ouvriers de Manhattan qui nous entra\u00eenent \u00e0 poser au-dessus de Langon\u2009; Chema Madoz qui vous fera d\u00e9couvrir une \u0153uvre pour scie musicale\u2009; Dorothea Lang, Lee Miller et Marc Riboud qui nous permettent de r\u00e9fl\u00e9chir sur notre vie actuelle\u2009; Les Becher qui nous font (re) d\u00e9couvrir nos \u00e9glises du Sud-Gironde\u2009; Hannah Maynard et Erik Johansson qui nous donnent une le\u00e7on de cr\u00e9ativit\u00e9\u2009; Saul Leiter et Alain Laboile qui cadrent leurs photos de fa\u00e7on tr\u00e8s inhabituelles ainsi que Sugimoto et Raghu Rai, deux adeptes des longues poses. Venez \u00e9galement voir Lee Jeffries qui portraitise comme personne et enfin Man Ray avec sa photo la plus ch\u00e8re du monde revisit\u00e9e\u2009\u00bb.<\/p>\n<p>Les coulisses d\u2019une photo<\/p>\n<p class=\" wall-content\">L\u2019une des photos est inspir\u00e9e de la c\u00e9l\u00e8bre photo de Charles Clyde Ebbets, D\u00e9jeuner en haut d\u2019un gratte-ciel. \u00ab\u2009Nous voulions, pour notre exposition, avoir une photo o\u00f9 tous les membres de l\u2019association se retrouveraient. Nous nous sommes inspir\u00e9s de cette photo pour nous retrouver au sommet avec Langon en arri\u00e8re-plan\u2009\u00bb, explique l\u2019association.<\/p>\n<p>Vid\u00e9os : en ce moment sur Actu<\/p>\n<p class=\" wall-content\">\u00ab\u2009Le plus difficile aura \u00e9t\u00e9 de trouver une grande poutre puis une grue, de convaincre tout le monde de monter sur la poutre \u00e0 20m de haut, mais aussi d\u2019obtenir les autorisations de la mairie, la gendarmerie, l\u2019assistance des pompiers, etc.\u2009\u00bb, plaisantent les membres.<\/p>\n<p class=\" wall-content\">\u00ab\u2009En r\u00e9alit\u00e9, nous avons pos\u00e9 2 par 2 dans notre studio, sur fond vert\u2009\u00bb avouent les membres d\u2019Etincelle\u2009! \u00ab\u2009Ensuite, il y a eu un travail important de retouche pour assembler les prises de vue et int\u00e9grer tout ce beau monde sur une poutre imaginaire en mettant la ville en arri\u00e8re-plan.\u2009\u00bb<\/p>\n<p>Votre r\u00e9gion, votre actu !<\/p>\n<p>Recevez chaque jour les infos qui comptent pour vous.<\/p>\n<p>\t<a href=\"https:\/\/actu.fr\/newsletter\" class=\"ac-btn ac-btn--corner ac-btn--medium ac-btn--blue800\" target=\"_blank\" rel=\"noopener\">S&rsquo;incrire<\/a><br \/>\nOuverture des adh\u00e9sions pour 2025-2026<\/p>\n<p>Une nouvelle saison, une nouvelle adh\u00e9sion. \u00ab\u00a0Devenir membre, c&rsquo;est faire partie d&rsquo;une communaut\u00e9 de passionn\u00e9s, d\u00e9butants comme experts, de la\u00a0 photographie. C&rsquo;est l&rsquo;\u00e9tincelle qui vous permet d&rsquo;allumer cette passion de l&rsquo;image, de l&rsquo;attiser dans l&rsquo;ensemble des activit\u00e9s propos\u00e9es, et de la faire rayonner au sein de la vie culturelle de la r\u00e9gion\u00a0\u00bb, souligne Etincelle.\u00a0Les adh\u00e9rents ou nouveaux membres peuvent d\u00e8s maintenant s&rsquo;inscrire et devenir membre, ou renouveler son adh\u00e9sion \u00e0 l&rsquo;association Etincelle Photo, gr\u00e2ce \u00e0 HelloAsso.\u00a0Allez sur le lien et suivez le guide : https:\/\/www.helloasso.com\/associations\/etincelle-photo\/adhesions\/adhesion-annuelle-2025-2026<\/p>\n<p class=\" wall-content\">Les photos expos\u00e9es en grand format (60\/80\u00a0cm) sont accompagn\u00e9es d\u2019un petit livret explicatif dans lequel vous d\u00e9couvrirez une br\u00e8ve explication de la photo originale et une description de la \u00ab\u2009vision Etincelle\u2009\u00bb. Et pour ceux qui ne peuvent pas se d\u00e9placer, vous pouvez retrouver le projet et photos sur internet\u2009: <a href=\"https:\/\/marcenciel.notion.site\/Expo-Etincelle-A-la-mani-re-de-en-savoir-plus-1b0e8bc7e48b80dfa3ece85d130c6edb\" target=\"_blank\" rel=\"noopener\">https\u2009:\/\/marcenciel.notion.site\/ (cliquez en bas de la page sur Expo Etincelle \u201cA la mani\u00e8re de\u201d \u2026 en savoir plus).<\/a><\/p>\n<p>De 12 h \u00e0 18 h, au club Mol\u00e9on du Centre Leclerc \u00e0 Langon. Entr\u00e9e libre. Contact : <a href=\"https:\/\/actu.fr\/cdn-cgi\/l\/email-protection\" class=\"__cf_email__\" data-cfemail=\"a9c8dadac6cac0c8ddc0c6c787ccddc0c7caccc5c5ccd9c1c6ddc6e9cec4c8c0c587cac6c4\" target=\"_blank\" rel=\"noopener\">[email\u00a0protected]<\/a><\/p>\n<p class=\" wall-content\">Personnalisez votre actualit\u00e9 en ajoutant vos villes et m\u00e9dias en favori avec <a href=\"https:\/\/moncompte.actu.fr\" title=\"D\u00e9couvez Mon Actu\" rel=\"nofollow noopener\" data-trk=\"{&quot;cta&quot;:{&quot;action&quot;:&quot;https:\\\/\\\/moncompte.actu.fr&quot;,&quot;category&quot;:&quot;mon compte&quot;,&quot;from&quot;:&quot;article footer&quot;,&quot;name&quot;:&quot;Mon actu&quot;,&quot;type&quot;:&quot;cta&quot;}}\" target=\"_blank\">Mon Actu<\/a>.<\/p>\n","protected":false},"excerpt":{"rendered":"Par Delphine Decourcelle Publi\u00e9 le 17 oct. 2025 \u00e0 6h50 Elliott Erwitt, Marc Riboud, Man Ray\u2026 Faire (re)d\u00e9couvrir&hellip;\n","protected":false},"author":2,"featured_media":470228,"comment_status":"","ping_status":"","sticky":false,"template":"","format":"standard","meta":{"footnotes":""},"categories":[1358],"tags":[1063,1348,1384,1385,1386,58,59,1011,27,1652,1756],"class_list":{"0":"post-470227","1":"post","2":"type-post","3":"status-publish","4":"format-standard","5":"has-post-thumbnail","7":"category-arts-et-design","8":"tag-animations","9":"tag-arts","10":"tag-arts-and-design","11":"tag-arts-et-design","12":"tag-design","13":"tag-divertissement","14":"tag-entertainment","15":"tag-fr","16":"tag-france","17":"tag-loisirs-culture","18":"tag-photographie"},"share_on_mastodon":{"url":"https:\/\/pubeurope.com\/@fr\/115390179352506734","error":""},"_links":{"self":[{"href":"https:\/\/www.europesays.com\/fr\/wp-json\/wp\/v2\/posts\/470227","targetHints":{"allow":["GET"]}}],"collection":[{"href":"https:\/\/www.europesays.com\/fr\/wp-json\/wp\/v2\/posts"}],"about":[{"href":"https:\/\/www.europesays.com\/fr\/wp-json\/wp\/v2\/types\/post"}],"author":[{"embeddable":true,"href":"https:\/\/www.europesays.com\/fr\/wp-json\/wp\/v2\/users\/2"}],"replies":[{"embeddable":true,"href":"https:\/\/www.europesays.com\/fr\/wp-json\/wp\/v2\/comments?post=470227"}],"version-history":[{"count":0,"href":"https:\/\/www.europesays.com\/fr\/wp-json\/wp\/v2\/posts\/470227\/revisions"}],"wp:featuredmedia":[{"embeddable":true,"href":"https:\/\/www.europesays.com\/fr\/wp-json\/wp\/v2\/media\/470228"}],"wp:attachment":[{"href":"https:\/\/www.europesays.com\/fr\/wp-json\/wp\/v2\/media?parent=470227"}],"wp:term":[{"taxonomy":"category","embeddable":true,"href":"https:\/\/www.europesays.com\/fr\/wp-json\/wp\/v2\/categories?post=470227"},{"taxonomy":"post_tag","embeddable":true,"href":"https:\/\/www.europesays.com\/fr\/wp-json\/wp\/v2\/tags?post=470227"}],"curies":[{"name":"wp","href":"https:\/\/api.w.org\/{rel}","templated":true}]}}