{"id":470229,"date":"2025-10-17T15:19:14","date_gmt":"2025-10-17T15:19:14","guid":{"rendered":"https:\/\/www.europesays.com\/fr\/470229\/"},"modified":"2025-10-17T15:19:14","modified_gmt":"2025-10-17T15:19:14","slug":"avec-la-quinzaine-du-livre-jeunesse-a-tours-les-jeunes-lecteurs-frequentent-la-plus-chouette-des-librairies","status":"publish","type":"post","link":"https:\/\/www.europesays.com\/fr\/470229\/","title":{"rendered":"Avec la Quinzaine du livre jeunesse \u00e0 Tours, les jeunes lecteurs fr\u00e9quentent la plus chouette des librairies."},"content":{"rendered":"<p>Des livres, beaucoup de livres\u00a0! Des couleurs, beaucoup de couleurs\u00a0! Des autrices et des auteurs, des sp\u00e9cialistes de la litt\u00e9rature jeunesse et des gens qui aiment la litt\u00e9rature. Le grand week-end de la Quinzaine du livre jeunesse se d\u00e9roule samedi\u00a018 et dimanche 19\u00a0octobre 2025 \u00e0 l\u2019h\u00f4tel de ville de Tours. Pour sa 55e \u00e9dition, la Quinzaine du livre jeunesse, organis\u00e9e et coordonn\u00e9e par la Ligue de l\u2019enseignement d\u2019Indre-et-Loire, a pour objectif de faire d\u00e9couvrir une s\u00e9lection d\u2019ouvrages de litt\u00e9rature jeunesse parus dans l\u2019ann\u00e9e.<\/p>\n<p>Pendant deux jours, le public (petits et grands lecteurs) peut venir \u00e0 la rencontre d\u2019auteurs, illustrateurs et illustratrices, profiter de spectacles jeune public, de lectures, d\u2019animations, de jeux de soci\u00e9t\u00e9 et d\u00e9couvrir les 333 nouveaux titres s\u00e9lectionn\u00e9s par les membres des comit\u00e9s de lecture dans la plus belle librairie \u00e9ph\u00e9m\u00e8re de Tours.<\/p>\n<p>D\u00e9dicaces, ateliers et spectacles<\/p>\n<p>Pour cette \u00e9dition 2025, la Ligue de l\u2019enseignement d\u2019Indre-et-Loire met \u00e0 l\u2019honneur la maison d\u2019\u00e9dition ind\u00e9pendante et engag\u00e9e Talents Hauts. Sa directrice \u00e9ditoriale, Justine Har\u00e9, participera \u00e0 une table ronde sur les st\u00e9r\u00e9otypes de genre en litt\u00e9rature jeunesse, avec l\u2019autrice Marie Lenne-Fouquet et la sc\u00e9nariste et illustratrice de BD Marianne Alexandre. Seront pr\u00e9sents aussi pour des rencontres, d\u00e9dicaces et ateliers Jean-Baptiste Drouot, Anne-Sophie Constancien et Camille Carreau, illustratrice de l\u2019affiche de cette 55e \u00e9dition.<\/p>\n<p><img alt=\"L\u2019affiche de la 55e Quinzaine du livre jeunesse de Tours.\" loading=\"lazy\" width=\"980\" height=\"573\" decoding=\"async\" data-nimg=\"1\" class=\"img-responsive spinner-show\" style=\"color:transparent;background-size:cover;background-position:50% 50%;background-repeat:no-repeat;background-image:url(&quot;data:image\/svg+xml;charset=utf-8,%3Csvg xmlns='http:\/\/www.w3.org\/2000\/svg' viewBox='0 0 980 573'%3E%3Cfilter id='b' color-interpolation-filters='sRGB'%3E%3CfeGaussianBlur stdDeviation='20'\/%3E%3CfeColorMatrix values='1 0 0 0 0 0 1 0 0 0 0 0 1 0 0 0 0 0 100 -1' result='s'\/%3E%3CfeFlood x='0' y='0' width='100%25' height='100%25'\/%3E%3CfeComposite operator='out' in='s'\/%3E%3CfeComposite in2='SourceGraphic'\/%3E%3CfeGaussianBlur stdDeviation='20'\/%3E%3C\/filter%3E%3Cimage width='100%25' height='100%25' x='0' y='0' preserveAspectRatio='none' style='filter: url(%23b);' href='https:\/\/images.lanouvellerepublique.fr\/image\/upload\/t_88w\/f_auto\/68f25bb91b5fdab30b8b464d.jpg'\/%3E%3C\/svg%3E&quot;)\"   src=\"https:\/\/www.europesays.com\/fr\/wp-content\/uploads\/2025\/10\/68f25bb91b5fdab30b8b464d.jpg\"\/><\/p>\n<p style=\"background-color:#F2F2F2;padding:5px;margin-top:0px;margin-bottom:10px\">L\u2019affiche de la 55e Quinzaine du livre jeunesse de Tours.<br \/> \u00a9 (Affiche de Camille Carreau)<\/p>\n<p>Pour participer aux ateliers, gratuits, <a target=\"_self\" href=\"http:\/\/qlj.fol37.org\/index.php\/temps-fort-a-lhotel-de-ville-18-19-octobre-2025\/\" rel=\"noopener\">il faut s\u2019inscrire<\/a>. Les enfants de 7 \u00e0 10\u00a0ans peuvent, par exemple, participer \u00e0 l\u2019atelier \u00ab\u00a0Comment raconter une histoire\u00a0?\u00a0\u00bb, anim\u00e9 par l\u2019auteur et illustrateur Jean-Baptiste Drouot, samedi de 15\u00a0h \u00e0 16\u00a0h. Ou <a target=\"_self\" href=\"https:\/\/www.helloasso.com\/associations\/ligue-de-l-enseignement-d-indre-et-loire-fol-37\/evenements\/atelier-cree-ton-personnage-de-bd\" rel=\"noopener\">apprendre \u00e0 cr\u00e9er son personnage de BD<\/a> (pour les 6-10\u00a0ans) avec l\u2019autrice et illustrateur de BD Anne-Sophie Constancien, dimanche de 14\u00a0h\u00a030 \u00e0 15\u00a0h\u00a030.<\/p>\n<p>Petits et grands pourront enfin d\u00e9couvrir les nouvelles histoires de la Buveuse de Livres, du Barroco Th\u00e9\u00e2tre, ainsi que le conte initiatique pour les tout-petits Trois Petits Pas, de la compagnie Beluette.<\/p>\n<p>Bien s\u00fbr, on peut acheter les livres sur place et repartir avec. Que du bonheur\u00a0!<\/p>\n<p>Samedi\u00a018 et dimanche 19\u00a0octobre 2025, de 10\u00a0h \u00e0 19\u00a0h, \u00e0 l\u2019h\u00f4tel de ville de Tours. Entr\u00e9e libre et gratuite. <a target=\"_self\" href=\"http:\/\/qlj.fol37.org\/\" rel=\"noopener\">www.qlj.fol37.org<\/a><\/p>\n","protected":false},"excerpt":{"rendered":"Des livres, beaucoup de livres\u00a0! Des couleurs, beaucoup de couleurs\u00a0! Des autrices et des auteurs, des sp\u00e9cialistes de&hellip;\n","protected":false},"author":2,"featured_media":470230,"comment_status":"","ping_status":"","sticky":false,"template":"","format":"standard","meta":{"footnotes":""},"categories":[1357],"tags":[1392,1379,58,59,1011,27,6653,1380,1393,1390],"class_list":{"0":"post-470229","1":"post","2":"type-post","3":"status-publish","4":"format-standard","5":"has-post-thumbnail","7":"category-livres","8":"tag-a-la-une-local","9":"tag-books","10":"tag-divertissement","11":"tag-entertainment","12":"tag-fr","13":"tag-france","14":"tag-jeune-public","15":"tag-livres","16":"tag-loisirs","17":"tag-tours"},"share_on_mastodon":{"url":"https:\/\/pubeurope.com\/@fr\/115390184292322160","error":""},"_links":{"self":[{"href":"https:\/\/www.europesays.com\/fr\/wp-json\/wp\/v2\/posts\/470229","targetHints":{"allow":["GET"]}}],"collection":[{"href":"https:\/\/www.europesays.com\/fr\/wp-json\/wp\/v2\/posts"}],"about":[{"href":"https:\/\/www.europesays.com\/fr\/wp-json\/wp\/v2\/types\/post"}],"author":[{"embeddable":true,"href":"https:\/\/www.europesays.com\/fr\/wp-json\/wp\/v2\/users\/2"}],"replies":[{"embeddable":true,"href":"https:\/\/www.europesays.com\/fr\/wp-json\/wp\/v2\/comments?post=470229"}],"version-history":[{"count":0,"href":"https:\/\/www.europesays.com\/fr\/wp-json\/wp\/v2\/posts\/470229\/revisions"}],"wp:featuredmedia":[{"embeddable":true,"href":"https:\/\/www.europesays.com\/fr\/wp-json\/wp\/v2\/media\/470230"}],"wp:attachment":[{"href":"https:\/\/www.europesays.com\/fr\/wp-json\/wp\/v2\/media?parent=470229"}],"wp:term":[{"taxonomy":"category","embeddable":true,"href":"https:\/\/www.europesays.com\/fr\/wp-json\/wp\/v2\/categories?post=470229"},{"taxonomy":"post_tag","embeddable":true,"href":"https:\/\/www.europesays.com\/fr\/wp-json\/wp\/v2\/tags?post=470229"}],"curies":[{"name":"wp","href":"https:\/\/api.w.org\/{rel}","templated":true}]}}