{"id":470235,"date":"2025-10-17T15:22:12","date_gmt":"2025-10-17T15:22:12","guid":{"rendered":"https:\/\/www.europesays.com\/fr\/470235\/"},"modified":"2025-10-17T15:22:12","modified_gmt":"2025-10-17T15:22:12","slug":"critique-cinema-et-litterature-jeunesse-le-secret-des-mesanges-un-petit-peu-malheureusement","status":"publish","type":"post","link":"https:\/\/www.europesays.com\/fr\/470235\/","title":{"rendered":"Critique cin\u00e9ma et litt\u00e9rature jeunesse\u00a0: \u00ab\u00a0Le Secret des M\u00e9sanges\u00a0\u00bb &#038; \u00ab\u00a0Un petit peu malheureusement\u00a0\u00bb"},"content":{"rendered":"<p class=\"PopSlotParagraph qg-tx2 qg-xtra-lh svelte-1r0pyek\">Le Secret des M\u00e9sanges, long m\u00e9trage d\u2019animation en papier d\u00e9coup\u00e9 r\u00e9alis\u00e9 par Antoine Lanciaux, offre \u00e0 partir du 22 octobre 2025 une aventure douce et myst\u00e9rieuse \u00e0 partager en famille. Quand Lucie, 9 ans, vient passer ses vacances dans le village natal de sa m\u00e8re, elle d\u00e9couvre un secret familial enfoui sous les pierres d\u2019un vieux ch\u00e2teau, guid\u00e9e par un couple de m\u00e9sanges et un ami inattendu. Entre nature enchant\u00e9e, m\u00e9moire retrouv\u00e9e et artisanat visuel d\u00e9licat, le film invite le jeune spectateur \u00e0 plonger dans un conte sensible o\u00f9 l\u2019\u00e9motion na\u00eet autant du silence que de la r\u00e9v\u00e9lation.<\/p>\n<p> Les avis des critiques\u00a0:<\/p>\n<p class=\"PopSlotParagraph qg-tx2 qg-xtra-lh svelte-1r0pyek\">Mathilde Wagman\u00a0:\u00a0\u00ab\u00a0C&rsquo;est un film que j&rsquo;ai trouv\u00e9 visuellement tr\u00e8s beau, un film dans lequel j&rsquo;ai aim\u00e9 habiter et immerger mes sens. Au-del\u00e0 de la d\u00e9licatesse de l&rsquo;histoire, qui explore les silences, les g\u00e9n\u00e9rations qui nous pr\u00e9c\u00e8dent et l&rsquo;histoire de nos familles, ce que j&rsquo;ai le plus appr\u00e9ci\u00e9, c&rsquo;est habiter cette campagne, ouvrir mes yeux et mes oreilles \u00e0 ses sons, avec, visuellement, cette technique du papier d\u00e9coup\u00e9, qui a une longue tradition dans le dessin anim\u00e9. C&rsquo;est une technique en 2D, et pourtant, malgr\u00e9 cette apparente platitude, je n&rsquo;ai pas cess\u00e9 de me sentir envelopp\u00e9e, habit\u00e9e, immerg\u00e9e, de mani\u00e8re bien plus intense que par certains effets 4D ou cin\u00e9ma en relief. C&rsquo;est probablement ce qui m&rsquo;a le plus enthousiasm\u00e9e dans ce film\u00a0! \u00ab\u00a0<\/p>\n<p class=\"PopSlotParagraph qg-tx2 qg-xtra-lh svelte-1r0pyek\">Victor Mac\u00e9 de L\u00e9pinay\u00a0: \u00ab\u00a0Le Secret des M\u00e9sanges m&rsquo;a s\u00e9duit d\u2019abord par sa po\u00e9sie visuelle\u00a0: la technique du papier d\u00e9coup\u00e9 cr\u00e9e des d\u00e9cors riches, des textures vari\u00e9es et une profondeur de champ remarquable, offrant un \u00e9merveillement imm\u00e9diat. Le film s\u2019inscrit dans un moment fort de l\u2019animation fran\u00e7aise, qui multiplie les propositions visuellement originales et t\u00e9moigne de talents exceptionnels. Sur le plan narratif, l\u2019histoire se distingue par sa finesse psychologique et sa modernit\u00e9\u00a0: il n\u2019y a pas de m\u00e9chant, mais des myst\u00e8res, des difficult\u00e9s de communication et des obstacles, des blessures&#8230; Les personnages\u00a0sont tous bien camp\u00e9s, bien incarn\u00e9s, tous int\u00e9ressants, tr\u00e8s r\u00e9els, l&rsquo;auteur ne simplifie pas avec des caricatures. Les personnages sont finement compos\u00e9s et particuli\u00e8rement la m\u00e8re, Caro.\u00a0\u00bb<\/p>\n<p>  <img decoding=\"async\" class=\"Image-preview  svelte-1b9cmvl\" data-testid=\"image-preview\" src=\"data:image\/jpeg;charset=utf-8;base64, \/9j\/2wBDACgcHiMeGSgjISMtKygwPGRBPDc3PHtYXUlkkYCZlo+AjIqgtObDoKrarYqMyP\/L2u71\/\/\/\/m8H\/\/\/\/6\/+b9\/\/j\/2wBDASstLTw1PHZBQXb4pYyl+Pj4+Pj4+Pj4+Pj4+Pj4+Pj4+Pj4+Pj4+Pj4+Pj4+Pj4+Pj4+Pj4+Pj4+Pj4+Pj4+Pj\/wAARCAAWACoDASIAAhEBAxEB\/8QAFwABAQEBAAAAAAAAAAAAAAAAAAMCAf\/EABgQAQEBAQEAAAAAAAAAAAAAAAASAQIR\/8QAFgEBAQEAAAAAAAAAAAAAAAAAAQIA\/8QAFREBAQAAAAAAAAAAAAAAAAAAABH\/2gAMAwEAAhEDEQA\/ANcqZqWNepXFc6KSopqItR6jZZojB6CVubrO9AzOUUBD\/9k=\" alt=\"\" aria-hidden=\"false\"\/>     <img decoding=\"async\" src=\"https:\/\/www.europesays.com\/fr\/wp-content\/uploads\/2025\/10\/860_sc_lsdm-still-srgb-07.jpg\" loading=\"lazy\" fetchpriority=\"low\" width=\"860\" height=\"464\" class=\"Image-main  svelte-1b9cmvl rounded\" data-testid=\"image-src\" alt=\"Visuel du film d'animation jeunesse &quot;Le Secret des M\u00e9sanges&quot; d'Antoine Lancieux\" aria-hidden=\"false\" onload=\"this.__e=event\" onerror=\"this.__e=event\"\/> Visuel du film d&rsquo;animation jeunesse \u00ab\u00a0Le Secret des M\u00e9sanges\u00a0\u00bb d&rsquo;Antoine Lancieux  &#8211; \u00a9 Antoine Lancieux &#8211; Gebeka Films Un petit peu malheureusement de Claire Castillon<\/p>\n<p class=\"PopSlotParagraph qg-tx2 qg-xtra-lh svelte-1r0pyek\">Dans Un petit peu malheureusement, Claire Castillon plonge le lecteur adolescent dans les pens\u00e9es tumultueuses et l\u2019urgence d\u2019un jeune gar\u00e7on, Omer, confront\u00e9 \u00e0 un monde dont l\u2019avenir semble \u00e9crit d\u2019avance.\u00a0\u00c0 travers un r\u00e9cit bref, nerveux et po\u00e9tique, l&rsquo;autrice explore la peur de l\u2019effondrement, la col\u00e8re contre les adultes et l\u2019envie de vivre malgr\u00e9 tout.<\/p>\n<p> Les avis des critiques<\/p>\n<p class=\"PopSlotParagraph qg-tx2 qg-xtra-lh svelte-1r0pyek\">Mathilde Wagman\u00a0: \u00ab\u00a0Ce roman est un dr\u00f4le d\u2019objet. J\u2019avoue avoir \u00e9t\u00e9 un peu d\u00e9contenanc\u00e9e, surtout au d\u00e9but, c\u2019est un livre que j\u2019ai trouv\u00e9 difficile \u00e0 lire et, au fond, difficile \u00e0 aimer. L\u2019id\u00e9e de nous plonger dans la t\u00eate d&rsquo;Omer est ambitieuse, m\u00eame passionnante sur le papier\u00a0: on est enti\u00e8rement dans le flux de ses pens\u00e9es, mais c\u2019est aussi ce qui rend la lecture \u00e9prouvante. Omer est un personnage qu\u2019on a du mal \u00e0 aimer, non pas parce qu\u2019il est diff\u00e9rent, mais parce qu\u2019il d\u00e9gage une vraie col\u00e8re, une violence parfois d\u00e9rangeante. Il y a peu de progression narrative, on reste enferm\u00e9 dans son esprit. Le renversement final\u00a0est assez d\u00e9testable\u00a0: une sorte de tour de force sc\u00e9naristique un peu facile, o\u00f9 l\u2019autrice, selon moi, reprend trop la main sur son personnage.\u00a0J\u2019ai eu le sentiment d\u2019entendre davantage la voix de l\u2019autrice que celle de son narrateur.\u00a0\u00bb<\/p>\n<p class=\"PopSlotParagraph qg-tx2 qg-xtra-lh svelte-1r0pyek\">Victor Mac\u00e9 de L\u00e9pinay\u00a0:\u00a0\u00a0\u00bb Il y a un vrai travail sur la langue, tr\u00e8s r\u00e9ussi\u00a0: ce \u00ab\u00a0un petit peu malheureusement\u00a0\u00bb qui revient tout au long du texte, comme un tic de langage, donne une musicalit\u00e9 et une identit\u00e9 au roman. Mais la force du livre est aussi sa faiblesse\u00a0: cette immersion totale dans la t\u00eate d\u2019un adolescent de douze ans finit par \u00e9touffer le r\u00e9cit autant que le lecteur. Malgr\u00e9 cela, le roman reste bien construit, avec des indices sem\u00e9s d\u00e8s le d\u00e9but pour bien \u00e9clairer la fin, et offre de tr\u00e8s beaux moments, notamment dans la relation entre le gar\u00e7on et son p\u00e8re, sans oublier quelques touches d\u2019humour. Il est aussi int\u00e9ressant de voir un roman jeunesse qui ne cherche pas \u00e0 rendre les ados sympathiques \u00e0 tout prix et assume une certaine duret\u00e9. Reste une question\u00a0: \u00e0 qui s\u2019adresse vraiment ce livre\u00a0? Aux adolescents ou aux adultes qui tentent de les comprendre\u00a0? \u00ab\u00a0<\/p>\n<p> Extraits sonores<\/p>\n<ul>\n<li>Bande annonce du film\u00a0Le Secret des M\u00e9sanges\u00a0d&rsquo;Antoine Lanciaux<\/li>\n<li>Extrait de\u00a0Un petit peu malheureusement de Claire Castillon lu par Jules Barbier<\/li>\n<\/ul>\n<p>Plus d&rsquo;informations<\/p>\n<ul>\n<li>Le Secret des M\u00e9sanges d&rsquo;Antoine Lanciaux en salles le 22 octobre, \u00e0 partir de 6 ans<\/li>\n<li>En parall\u00e8le de sa sortie nationale, Le secret des M\u00e9sanges\u00a0d&rsquo;Antoine Lanciaux sera programm\u00e9 dans le cadre de Mon premier festival, Le festival de cin\u00e9ma jeune public revient cette ann\u00e9e du mercredi 22 au mardi 28 octobre 2025. Plus de 100 films, pour tous les \u00e2ges d\u00e8s 2 ans, seront projet\u00e9s au tarif unique de 4,50 \u20ac du 22 au 28 octobre 2025, dans toute la capitale<\/li>\n<li>Un petit peu malheureusement, est un roman\u00a0jeunesse de Claire Castillon paru aux \u00c9ditions Gallimard le 18 septembre 2025 &#8211; 12-15 ans<\/li>\n<\/ul>\n","protected":false},"excerpt":{"rendered":"Le Secret des M\u00e9sanges, long m\u00e9trage d\u2019animation en papier d\u00e9coup\u00e9 r\u00e9alis\u00e9 par Antoine Lanciaux, offre \u00e0 partir du&hellip;\n","protected":false},"author":2,"featured_media":470236,"comment_status":"","ping_status":"","sticky":false,"template":"","format":"standard","meta":{"footnotes":""},"categories":[1354],"tags":[58,59,1346,1011,27,1360],"class_list":{"0":"post-470235","1":"post","2":"type-post","3":"status-publish","4":"format-standard","5":"has-post-thumbnail","7":"category-films","8":"tag-divertissement","9":"tag-entertainment","10":"tag-films","11":"tag-fr","12":"tag-france","13":"tag-movies"},"share_on_mastodon":{"url":"https:\/\/pubeurope.com\/@fr\/115390195262742160","error":""},"_links":{"self":[{"href":"https:\/\/www.europesays.com\/fr\/wp-json\/wp\/v2\/posts\/470235","targetHints":{"allow":["GET"]}}],"collection":[{"href":"https:\/\/www.europesays.com\/fr\/wp-json\/wp\/v2\/posts"}],"about":[{"href":"https:\/\/www.europesays.com\/fr\/wp-json\/wp\/v2\/types\/post"}],"author":[{"embeddable":true,"href":"https:\/\/www.europesays.com\/fr\/wp-json\/wp\/v2\/users\/2"}],"replies":[{"embeddable":true,"href":"https:\/\/www.europesays.com\/fr\/wp-json\/wp\/v2\/comments?post=470235"}],"version-history":[{"count":0,"href":"https:\/\/www.europesays.com\/fr\/wp-json\/wp\/v2\/posts\/470235\/revisions"}],"wp:featuredmedia":[{"embeddable":true,"href":"https:\/\/www.europesays.com\/fr\/wp-json\/wp\/v2\/media\/470236"}],"wp:attachment":[{"href":"https:\/\/www.europesays.com\/fr\/wp-json\/wp\/v2\/media?parent=470235"}],"wp:term":[{"taxonomy":"category","embeddable":true,"href":"https:\/\/www.europesays.com\/fr\/wp-json\/wp\/v2\/categories?post=470235"},{"taxonomy":"post_tag","embeddable":true,"href":"https:\/\/www.europesays.com\/fr\/wp-json\/wp\/v2\/tags?post=470235"}],"curies":[{"name":"wp","href":"https:\/\/api.w.org\/{rel}","templated":true}]}}