{"id":470241,"date":"2025-10-17T15:25:16","date_gmt":"2025-10-17T15:25:16","guid":{"rendered":"https:\/\/www.europesays.com\/fr\/470241\/"},"modified":"2025-10-17T15:25:16","modified_gmt":"2025-10-17T15:25:16","slug":"cette-reecriture-des-paroles-de-le-vent-nous-portera-envoie-un-message-fort-a-bertrand-cantat","status":"publish","type":"post","link":"https:\/\/www.europesays.com\/fr\/470241\/","title":{"rendered":"Cette r\u00e9\u00e9criture des paroles de \u00ab\u00a0Le vent nous portera\u00a0\u00bb envoie un message fort \u00e0 Bertrand Cantat"},"content":{"rendered":"<p>        <img decoding=\"async\" loading=\"lazy\" src=\"https:\/\/www.europesays.com\/fr\/wp-content\/uploads\/2025\/10\/8eaec14_upload-1-lt7pvb6qvbfv-vent-kloei.png\"  width=\"728\" height=\"409\" alt=\"La chanteuse Klo\u00e9 a modifier les paroles du titre de Noir D\u00e9sir, version qui a \u00e9t\u00e9 reprise des dizaines de fois sur les r\u00e9seaux sociaux.\"\/>  <\/p>\n<p>TikTok<\/p>\n<p>La chanteuse Klo\u00e9 a modifier les paroles du titre de Noir D\u00e9sir, version qui a \u00e9t\u00e9 reprise des dizaines de fois sur les r\u00e9seaux sociaux.<\/p>\n<p class=\"asset asset-text\">F\u00c9MINICIDE &#8211; \u00ab\u00a0Je n\u2019ai pas peur de mes mains et je te frappe jusqu\u2019au matin. Mes coups port\u00e9s \u00e0 la h\u00e2te, sur ton cr\u00e2ne \u00e9clatent. Le vent t\u2019emportera.\u00a0\u00bb La r\u00e9\u00e9criture des paroles du titre tr\u00e8s c\u00e9l\u00e8bre Le vent nous portera, de Noir D\u00e9sir, <a href=\"https:\/\/www.huffingtonpost.fr\/culture\/article\/sur-netflix-la-serie-documentaire-de-rockstar-a-tueur-le-cas-cantat-revient-sur-l-affaire-trintignant-et-ses-consequences_248023.html\" target=\"_blank\" rel=\"noopener\">fait froid dans le dos<\/a>. Depuis une dizaine de jours, des reprises de ce titre revisit\u00e9 se multiplient sur les r\u00e9seaux sociaux, pour d\u00e9noncer le fait que ce titre soit toujours aussi populaire.<\/p>\n<p class=\"asset asset-text\">Il est le tube de l\u2019album Des visages des figures sorti en 2001\u00a0et chant\u00e9 par\u00a0Bertrand Cantat, condamn\u00e9 en 2004 pour l\u2019homicide de sa compagne Marie Trintignant. Tout vient de Klo\u00e9, chanteuse de 26\u00a0ans. \u00ab\u00a0En tant que militante qui a suivi l\u2019affaire Cantat, \u00e7a m\u2019emb\u00eatait que cette musique fasse autant de bruit\u00a0\u00bb, explique-t-elle \u00e0 <a href=\"https:\/\/www.20minutes.fr\/societe\/4178894-20251013-quoi-tendance-tiktok-reprend-chanson-noir-desir-denoncant-actes-bertrand-cantat\" target=\"_blank\" rel=\"noopener\" title=\"Nouvelle fen\u00eatre\">20\u00a0Minutes<\/a>.<\/p>\n<p class=\"asset asset-text\">Elle poste alors sa version du titre sur Instagram et TikTok, tout en veillant \u00e0 faire une version courte, pour ne pas avoir \u00e0 verser de droits d\u2019auteur \u00e0 Bertrand Cantat. Avec sa reprise, la jeune femme dit vouloir \u00ab\u00a0remettre l\u2019art dans son contexte\u00a0\u00bb. \u00ab\u00a0Je ne veux pas qu\u2019une \u0153uvre serve de couverture aux artistes\u00a0\u00bb, insiste-t-elle, toujours dans 20\u00a0Minutes.<\/p>\n<p class=\"asset asset-text\">Tr\u00e8s vite, les paroles de Klo\u00e9 sont reprises par des dizaines d\u2019autres personnes, dont la chanteuse Solann. Sur TikTok, des jeunes femmes, principalement, chantent cette version revisit\u00e9e du titre.<\/p>\n<p> La lecture de ce contenu est susceptible d\u2019entra\u00eener un d\u00e9p\u00f4t de cookies de la part de l\u2019op\u00e9rateur tiers qui l\u2019h\u00e9berge. Compte-tenu des choix que vous avez exprim\u00e9s en mati\u00e8re de d\u00e9p\u00f4t de cookies, nous avons bloqu\u00e9 l\u2019affichage de ce contenu. Si vous souhaitez y acc\u00e9der, vous devez accepter la cat\u00e9gorie de cookies \u201cContenus tiers\u201d en cliquant sur le bouton ci-dessous. <\/p>\n<p> Lire la Vid\u00e9o           <\/p>\n<p> La lecture de ce contenu est susceptible d\u2019entra\u00eener un d\u00e9p\u00f4t de cookies de la part de l\u2019op\u00e9rateur tiers qui l\u2019h\u00e9berge. Compte-tenu des choix que vous avez exprim\u00e9s en mati\u00e8re de d\u00e9p\u00f4t de cookies, nous avons bloqu\u00e9 l\u2019affichage de ce contenu. Si vous souhaitez y acc\u00e9der, vous devez accepter la cat\u00e9gorie de cookies \u201cContenus tiers\u201d en cliquant sur le bouton ci-dessous. <\/p>\n<p> Lire la Vid\u00e9o           <\/p>\n<p> La lecture de ce contenu est susceptible d\u2019entra\u00eener un d\u00e9p\u00f4t de cookies de la part de l\u2019op\u00e9rateur tiers qui l\u2019h\u00e9berge. Compte-tenu des choix que vous avez exprim\u00e9s en mati\u00e8re de d\u00e9p\u00f4t de cookies, nous avons bloqu\u00e9 l\u2019affichage de ce contenu. Si vous souhaitez y acc\u00e9der, vous devez accepter la cat\u00e9gorie de cookies \u201cContenus tiers\u201d en cliquant sur le bouton ci-dessous. <\/p>\n<p> Lire la Vid\u00e9o           <\/p>\n<p> La lecture de ce contenu est susceptible d\u2019entra\u00eener un d\u00e9p\u00f4t de cookies de la part de l\u2019op\u00e9rateur tiers qui l\u2019h\u00e9berge. Compte-tenu des choix que vous avez exprim\u00e9s en mati\u00e8re de d\u00e9p\u00f4t de cookies, nous avons bloqu\u00e9 l\u2019affichage de ce contenu. Si vous souhaitez y acc\u00e9der, vous devez accepter la cat\u00e9gorie de cookies \u201cContenus tiers\u201d en cliquant sur le bouton ci-dessous. <\/p>\n<p> Lire la Vid\u00e9o           <\/p>\n<p> La lecture de ce contenu est susceptible d\u2019entra\u00eener un d\u00e9p\u00f4t de cookies de la part de l\u2019op\u00e9rateur tiers qui l\u2019h\u00e9berge. Compte-tenu des choix que vous avez exprim\u00e9s en mati\u00e8re de d\u00e9p\u00f4t de cookies, nous avons bloqu\u00e9 l\u2019affichage de ce contenu. Si vous souhaitez y acc\u00e9der, vous devez accepter la cat\u00e9gorie de cookies \u201cContenus tiers\u201d en cliquant sur le bouton ci-dessous. <\/p>\n<p> Lire la Vid\u00e9o        <\/p>\n<p class=\"asset asset-text\">Dans le second couplet, Klo\u00e9 fait r\u00e9f\u00e9rence \u00e0 la premi\u00e8re femme de Bertrand Cantat, <a href=\"https:\/\/www.huffingtonpost.fr\/justice\/article\/affaire-bertrand-cantat-ce-qui-pousse-les-parents-de-krisztina-rady-a-s-opposer-a-la-reouverture-du-dossier_253203.html\" target=\"_blank\" rel=\"noopener\">Krisztina Rady<\/a>, qui s\u2019est donn\u00e9 la mort en 2010 alors que le chanteur \u00e9tait revenu vivre avec elle apr\u00e8s son s\u00e9jour en prison. \u00ab\u00a0Je connais la route \u00e0 prendre, je te pousserai \u00e0 te pendre, ma violence au creux des reins et tout ira bien, l\u00e0. Le vent t\u2019emportera\u00a0\u00bb, chante-t-elle.<\/p>\n<p class=\"asset asset-text\">Le dossier, class\u00e9 depuis quinze ans, <a href=\"https:\/\/www.huffingtonpost.fr\/culture\/article\/affaire-cantat-dans-le-docu-netflix-ces-temoignages-ont-relance-l-enquete-sur-le-suicide-de-kristina-rady_252949.html\" target=\"_blank\" rel=\"noopener\">est de nouveau examin\u00e9<\/a> gr\u00e2ce \u00e0 des \u00e9l\u00e9ments apport\u00e9s par la diffusion de la s\u00e9rie documentaire De rock star \u00e0 tueur &#8211; Le cas Cantat, diffus\u00e9e sur Netflix en d\u00e9but d\u2019ann\u00e9e. En juillet, la justice a rouvert une enqu\u00eate pour \u00ab\u00a0violences volontaires par conjoint et concubin\u00a0\u00bb.<\/p>\n<p class=\"asset asset-text\">En commentaires, les auditeurs applaudissent sa d\u00e9marche. \u00ab\u00a0Je n\u2019arrive plus \u00e0 appr\u00e9cier cette chanson que j\u2019aimais beaucoup, merci je peux l\u2019\u00e9couter de nouveau gr\u00e2ce \u00e0 toi\u00a0\u00bb, \u00e9crit l\u2019un d\u2019eux sur Instagram. \u00ab\u00a0Effacer l\u2019original pour que la v\u00e9rit\u00e9 persiste\u00a0\u00bb, souligne un autre. \u00ab\u00a0Meilleur moyen d\u2019emp\u00eacher la s\u00e9paration de l\u2019homme et l\u2019artiste\u00a0\u00bb, conclut un troisi\u00e8me.<\/p>\n","protected":false},"excerpt":{"rendered":"TikTok La chanteuse Klo\u00e9 a modifier les paroles du titre de Noir D\u00e9sir, version qui a \u00e9t\u00e9 reprise&hellip;\n","protected":false},"author":2,"featured_media":470242,"comment_status":"","ping_status":"","sticky":false,"template":"","format":"standard","meta":{"footnotes":""},"categories":[8],"tags":[456,251,58,59,1011,27,5656,873,3592,13570],"class_list":{"0":"post-470241","1":"post","2":"type-post","3":"status-publish","4":"format-standard","5":"has-post-thumbnail","7":"category-divertissement","8":"tag-bertrand-cantat","9":"tag-culture","10":"tag-divertissement","11":"tag-entertainment","12":"tag-fr","13":"tag-france","14":"tag-life","15":"tag-musique","16":"tag-noir-desir","17":"tag-violences-conjuguales"},"share_on_mastodon":{"url":"https:\/\/pubeurope.com\/@fr\/115390207406970827","error":""},"_links":{"self":[{"href":"https:\/\/www.europesays.com\/fr\/wp-json\/wp\/v2\/posts\/470241","targetHints":{"allow":["GET"]}}],"collection":[{"href":"https:\/\/www.europesays.com\/fr\/wp-json\/wp\/v2\/posts"}],"about":[{"href":"https:\/\/www.europesays.com\/fr\/wp-json\/wp\/v2\/types\/post"}],"author":[{"embeddable":true,"href":"https:\/\/www.europesays.com\/fr\/wp-json\/wp\/v2\/users\/2"}],"replies":[{"embeddable":true,"href":"https:\/\/www.europesays.com\/fr\/wp-json\/wp\/v2\/comments?post=470241"}],"version-history":[{"count":0,"href":"https:\/\/www.europesays.com\/fr\/wp-json\/wp\/v2\/posts\/470241\/revisions"}],"wp:featuredmedia":[{"embeddable":true,"href":"https:\/\/www.europesays.com\/fr\/wp-json\/wp\/v2\/media\/470242"}],"wp:attachment":[{"href":"https:\/\/www.europesays.com\/fr\/wp-json\/wp\/v2\/media?parent=470241"}],"wp:term":[{"taxonomy":"category","embeddable":true,"href":"https:\/\/www.europesays.com\/fr\/wp-json\/wp\/v2\/categories?post=470241"},{"taxonomy":"post_tag","embeddable":true,"href":"https:\/\/www.europesays.com\/fr\/wp-json\/wp\/v2\/tags?post=470241"}],"curies":[{"name":"wp","href":"https:\/\/api.w.org\/{rel}","templated":true}]}}