{"id":470245,"date":"2025-10-17T15:27:11","date_gmt":"2025-10-17T15:27:11","guid":{"rendered":"https:\/\/www.europesays.com\/fr\/470245\/"},"modified":"2025-10-17T15:27:11","modified_gmt":"2025-10-17T15:27:11","slug":"les-creanciers-daltice-disent-a-orange-bouygues-et-free-de-revoir-leur-offre","status":"publish","type":"post","link":"https:\/\/www.europesays.com\/fr\/470245\/","title":{"rendered":"les cr\u00e9anciers d\u2019Altice disent \u00e0 Orange, Bouygues et Free de revoir leur offre"},"content":{"rendered":"<p>\n    <strong>INFO LE FIGARO<\/strong> &#8211; Actionnaires \u00e0 45% du capital d\u2019Altice France, ils semblent, pour le moment, align\u00e9s avec la d\u00e9cision prise par Patrick Drahi d\u2019essayer de faire monter les ench\u00e8res.<\/p>\n<p class=\"fig-paragraph\">Les cr\u00e9anciers ferment \u00e0 leur tour la porte \u00e0 Orange, Bouygues Telecom et Free. Apr\u00e8s le d\u00e9p\u00f4t mardi soir\u00a0<a href=\"http:\/\/www.lefigaro.fr\/secteur\/high-tech\/orange-bouygues-telecom-et-free-deposent-une-offre-conjointe-sur-sfr-20251014\" data-fig-type=\"NewsFlash\" data-gtm-custom-categorie=\"navigation\" data-gtm-custom-action=\"crossclick\" data-gtm-custom-label=\"Contextuel\" data-gtm-event=\"customEventSPE\" data-fig-domain=\"LEFIGARO\" rel=\"nofollow noopener\" target=\"_blank\">de leur offre non engageante de 17 milliards d\u2019euros<\/a>\u00a0pour racheter SFR, les porteurs de dette, actionnaires \u00e0 45% du capital de la maison m\u00e8re Altice France, sont pour le moment align\u00e9s avec Patrick Drahi, qui cherche sans doute \u00e0 faire monter les prix. Moins de 12 heures apr\u00e8s la proposition de ses rivaux,\u00a0<a href=\"http:\/\/www.lefigaro.fr\/secteur\/high-tech\/l-offre-de-rachat-de-sfr-par-ses-concurrents-immediatement-rejetee-indique-altice-france-a-ses-salaries-20251015\" data-fig-type=\"NewsFlash\" data-gtm-custom-categorie=\"navigation\" data-gtm-custom-action=\"crossclick\" data-gtm-custom-label=\"Contextuel\" data-gtm-event=\"customEventSPE\" data-fig-domain=\"LEFIGARO\" rel=\"nofollow noopener\" target=\"_blank\">l\u2019homme d\u2019affaires avait rejet\u00e9 l\u2019offre<\/a>.\u00a0<\/p>\n<p class=\"fig-paragraph\">\u00ab C\u2019est une proposition tr\u00e8s basse en termes de prix, ils ne la trouvent pas tr\u00e8s s\u00e9rieuse\u00bb, annonce au Figaro un proche des cr\u00e9anciers dits seniors car d\u00e9tenant des s\u00fbret\u00e9s sur la dette d\u2019Altice. Sans la trouver \u00ab ind\u00e9cente\u00bb, une autre source, dans l\u2019entourage des co-actionnaires d\u2019Altice, souligne que, pour le moment, il n\u2019y a aucune raison de ne pas laisser Patrick Drahi garder la main sur la conduite des n\u00e9gociations. \u00ab Nous sommes compl\u00e8tement align\u00e9s, c\u2019est lui qui g\u00e8re\u00a0\u00bb, explique-t-il.<\/p>\n<p class=\"fig-body-link\">\n            \u00c0 lire aussi<br \/>\n        <a class=\"fig-body-link__link fig-premium-mark\" href=\"http:\/\/www.lefigaro.fr\/secteur\/high-tech\/rachat-de-sfr-que-vont-devenir-les-25-millions-d-abonnes-de-l-operateur-20251015\" data-fig-type=\"NewsFlash\" data-gtm-custom-categorie=\"navigation\" data-gtm-custom-action=\"crossclick\" data-gtm-custom-label=\"Contextuel\" data-gtm-event=\"customEventSPE\" data-fig-domain=\"LEFIGARO\" rel=\"nofollow noopener\" target=\"_blank\">Rachat de SFR\u00a0: que vont devenir les 25 millions d\u2019abonn\u00e9s de l\u2019op\u00e9rateur\u00a0?<br \/>\n    <\/a>\n<\/p>\n<p class=\"fig-paragraph\">Une r\u00e9ponse \u00e0 peine voil\u00e9e \u00e0 la petite musique\u2026<\/p>\n<p class=\"fig-premium-paywall__infos\">\n        Cet article est r\u00e9serv\u00e9 aux abonn\u00e9s.        Il vous reste 81% \u00e0 d\u00e9couvrir.\n    <\/p>\n<p>                <img  data- alt=\"Le Figaro\" class=\"fig-img--complete fig-img\"\/><\/p>\n<p class=\"fig-premium-paywall__title\">Vous avez envie de lire la suite ?<\/p>\n<p class=\"fig-premium-paywall__subtitle\">D\u00e9bloquez tous les articles imm\u00e9diatement.<\/p>\n<p class=\"fig-premium-paywall__connect\">\n                D\u00e9j\u00e0 abonn\u00e9\u00a0?                <a class=\"fig-premium-paywall__connect-link\" href=\"https:\/\/connect.lefigaro.fr\/login?client=horizon_web&amp;type=main&amp;redirect_uri=https%3A%2F%2Fwww.lefigaro.fr%2Fsecteur%2Fhigh-tech%2Frachat-de-sfr-les-creanciers-d-altice-disent-a-orange-bouygues-et-free-de-revoir-leur-offre-20251017\" data-js-gtm=\"{&quot;customCategorie&quot;: &quot;conversion&quot;, &quot;customAction&quot;: &quot;before_Landing_Connexion_paywall_auto&quot;, &quot;customLabel&quot;: &quot;bGVmaWdhcm8uZnJfXzFmMGFiNDk4LTA4YTItNjEzOC05ODVjLTFiMTVkN2I3ZGRjOF9fTmV3c0ZsYXNo_Rachat de SFR\u00a0: les cr\u00e9anciers d\u2019Altice disent \u00e0 Orange, Bouygues et Free de revoir leur offre_41&quot;, &quot;customIDSPE&quot;: &quot;bGVmaWdhcm8uZnJfXzFmMGFiNDk4LTA4YTItNjEzOC05ODVjLTFiMTVkN2I3ZGRjOF9fTmV3c0ZsYXNo&quot;, &quot;event&quot;: &quot;customEventSPE&quot;}\" rel=\"nofollow noopener\" target=\"_blank\"><br \/>\n                    Connectez-vous<br \/>\n                <\/a>\n            <\/p>\n","protected":false},"excerpt":{"rendered":"INFO LE FIGARO &#8211; Actionnaires \u00e0 45% du capital d\u2019Altice France, ils semblent, pour le moment, align\u00e9s avec&hellip;\n","protected":false},"author":2,"featured_media":470246,"comment_status":"","ping_status":"","sticky":false,"template":"","format":"standard","meta":{"footnotes":""},"categories":[6],"tags":[35,33,34,1011,27,740],"class_list":{"0":"post-470245","1":"post","2":"type-post","3":"status-publish","4":"format-standard","5":"has-post-thumbnail","7":"category-economie","8":"tag-business","9":"tag-economie","10":"tag-economy","11":"tag-fr","12":"tag-france","13":"tag-sfr"},"share_on_mastodon":{"url":"https:\/\/pubeurope.com\/@fr\/115390214541368100","error":""},"_links":{"self":[{"href":"https:\/\/www.europesays.com\/fr\/wp-json\/wp\/v2\/posts\/470245","targetHints":{"allow":["GET"]}}],"collection":[{"href":"https:\/\/www.europesays.com\/fr\/wp-json\/wp\/v2\/posts"}],"about":[{"href":"https:\/\/www.europesays.com\/fr\/wp-json\/wp\/v2\/types\/post"}],"author":[{"embeddable":true,"href":"https:\/\/www.europesays.com\/fr\/wp-json\/wp\/v2\/users\/2"}],"replies":[{"embeddable":true,"href":"https:\/\/www.europesays.com\/fr\/wp-json\/wp\/v2\/comments?post=470245"}],"version-history":[{"count":0,"href":"https:\/\/www.europesays.com\/fr\/wp-json\/wp\/v2\/posts\/470245\/revisions"}],"wp:featuredmedia":[{"embeddable":true,"href":"https:\/\/www.europesays.com\/fr\/wp-json\/wp\/v2\/media\/470246"}],"wp:attachment":[{"href":"https:\/\/www.europesays.com\/fr\/wp-json\/wp\/v2\/media?parent=470245"}],"wp:term":[{"taxonomy":"category","embeddable":true,"href":"https:\/\/www.europesays.com\/fr\/wp-json\/wp\/v2\/categories?post=470245"},{"taxonomy":"post_tag","embeddable":true,"href":"https:\/\/www.europesays.com\/fr\/wp-json\/wp\/v2\/tags?post=470245"}],"curies":[{"name":"wp","href":"https:\/\/api.w.org\/{rel}","templated":true}]}}