{"id":470247,"date":"2025-10-17T15:28:12","date_gmt":"2025-10-17T15:28:12","guid":{"rendered":"https:\/\/www.europesays.com\/fr\/470247\/"},"modified":"2025-10-17T15:28:12","modified_gmt":"2025-10-17T15:28:12","slug":"la-turquie-se-cherche-un-role-dans-lapres-guerre-a-gaza","status":"publish","type":"post","link":"https:\/\/www.europesays.com\/fr\/470247\/","title":{"rendered":"La Turquie se cherche un r\u00f4le dans l\u2019apr\u00e8s-guerre \u00e0 Gaza"},"content":{"rendered":"<p>                         <img loading=\"lazy\" decoding=\"async\" src=\"https:\/\/www.europesays.com\/fr\/wp-content\/uploads\/2025\/10\/40e6afa_ftp-import-images-1-fwifvfwg4whn-a7b9221b3a214b728d9d67c5e13c40d8-0-5447545e122442b8829a2914.jpeg\" alt=\"Le pr\u00e9sident am\u00e9ricain, Donald Trump, salue le pr\u00e9sident turc, Recep Tayyip Erdogan, lors d\u2019un sommet, lundi 13\u00a0octobre 2025, \u00e0 Charm El-Cheikh, en Egypte.\"   width=\"664\" height=\"443\"\/>    Le pr\u00e9sident am\u00e9ricain, Donald Trump, salue le pr\u00e9sident turc, Recep Tayyip Erdogan, lors d\u2019un sommet, lundi 13\u00a0octobre 2025, \u00e0 Charm El-Cheikh, en Egypte.  EVAN VUCCI \/ AP                 <\/p>\n<p class=\"article__paragraph  \">Ces derniers jours, on l\u2019a vu partout. Au premier rang, \u00e0 table, aux c\u00f4t\u00e9s du ma\u00eetre des c\u00e9r\u00e9monies, Donald Trump, pour la signature \u00e0 Charm El-Cheikh, en Egypte, lundi 13\u00a0octobre, de la d\u00e9claration visant \u00e0 consolider le cessez-le-feu \u00e0 Gaza. Sur sc\u00e8ne, en plein milieu de la photo de groupe, r\u00e9unissant la vingtaine de chefs d\u2019Etat venus en Egypte. L\u00e0 aussi, \u00e0 port\u00e9e de bras du milliardaire am\u00e9ricain, qui n\u2019a pas tari d\u2019\u00e9loges sur son \u00ab\u00a0ami le pr\u00e9sident Erdogan, un homme coriace, mais qui a toujours \u00e9t\u00e9 l\u00e0 quand on avait besoin de lui\u00a0\u00bb.<\/p>\n<p>   Lire plus tard  <\/p>\n<p class=\"article__paragraph  \">Le chef de l\u2019Etat turc peut sourire. Lui qui cherche depuis longtemps \u00e0 impliquer de mani\u00e8re plus directe et plus visible la Turquie dans les n\u00e9gociations de paix sur l\u2019enclave palestinienne a fini par placer son pays au c\u0153ur du groupe de travail sur Gaza et sa reconstruction. Au point que son ministre de la d\u00e9fense, Hulusi Akar, a annonc\u00e9, la veille du sommet, que l\u2019arm\u00e9e turque \u00e9tait pr\u00eate \u00e0 prendre part \u00ab\u00a0\u00e0 toute mission\u00a0\u00bb qui lui sera assign\u00e9e dans le cadre du m\u00e9canisme li\u00e9 au cessez-le-feu. Comprendre\u00a0: participer activement \u00e0 la force de stabilisation internationale cens\u00e9e \u00eatre d\u00e9ploy\u00e9e sur le terrain, et ce malgr\u00e9 les r\u00e9ticences exprim\u00e9es par Isra\u00ebl.<\/p>\n<p class=\"reading-mode-only \"><strong>Il vous reste 83.67% de cet article \u00e0 lire. La suite est r\u00e9serv\u00e9e aux abonn\u00e9s.<\/strong><\/p>\n","protected":false},"excerpt":{"rendered":"Le pr\u00e9sident am\u00e9ricain, Donald Trump, salue le pr\u00e9sident turc, Recep Tayyip Erdogan, lors d\u2019un sommet, lundi 13\u00a0octobre 2025,&hellip;\n","protected":false},"author":2,"featured_media":470248,"comment_status":"","ping_status":"","sticky":false,"template":"","format":"standard","meta":{"footnotes":""},"categories":[5],"tags":[11,1011,27,14,12,28],"class_list":{"0":"post-470247","1":"post","2":"type-post","3":"status-publish","4":"format-standard","5":"has-post-thumbnail","7":"category-international","8":"tag-actualites","9":"tag-fr","10":"tag-france","11":"tag-international","12":"tag-news","13":"tag-world"},"share_on_mastodon":{"url":"https:\/\/pubeurope.com\/@fr\/115390219195740069","error":""},"_links":{"self":[{"href":"https:\/\/www.europesays.com\/fr\/wp-json\/wp\/v2\/posts\/470247","targetHints":{"allow":["GET"]}}],"collection":[{"href":"https:\/\/www.europesays.com\/fr\/wp-json\/wp\/v2\/posts"}],"about":[{"href":"https:\/\/www.europesays.com\/fr\/wp-json\/wp\/v2\/types\/post"}],"author":[{"embeddable":true,"href":"https:\/\/www.europesays.com\/fr\/wp-json\/wp\/v2\/users\/2"}],"replies":[{"embeddable":true,"href":"https:\/\/www.europesays.com\/fr\/wp-json\/wp\/v2\/comments?post=470247"}],"version-history":[{"count":0,"href":"https:\/\/www.europesays.com\/fr\/wp-json\/wp\/v2\/posts\/470247\/revisions"}],"wp:featuredmedia":[{"embeddable":true,"href":"https:\/\/www.europesays.com\/fr\/wp-json\/wp\/v2\/media\/470248"}],"wp:attachment":[{"href":"https:\/\/www.europesays.com\/fr\/wp-json\/wp\/v2\/media?parent=470247"}],"wp:term":[{"taxonomy":"category","embeddable":true,"href":"https:\/\/www.europesays.com\/fr\/wp-json\/wp\/v2\/categories?post=470247"},{"taxonomy":"post_tag","embeddable":true,"href":"https:\/\/www.europesays.com\/fr\/wp-json\/wp\/v2\/tags?post=470247"}],"curies":[{"name":"wp","href":"https:\/\/api.w.org\/{rel}","templated":true}]}}