{"id":470257,"date":"2025-10-17T15:33:09","date_gmt":"2025-10-17T15:33:09","guid":{"rendered":"https:\/\/www.europesays.com\/fr\/470257\/"},"modified":"2025-10-17T15:33:09","modified_gmt":"2025-10-17T15:33:09","slug":"la-police-a-besoin-de-vous-2","status":"publish","type":"post","link":"https:\/\/www.europesays.com\/fr\/470257\/","title":{"rendered":"la police a besoin de vous"},"content":{"rendered":"<p>            Par<br \/>\n        <strong><br \/>\n            <a href=\"https:\/\/actu.fr\/auteur\/amandine-mehl\" title=\"Consulter tous les articles de Amandine Mehl\" target=\"_blank\" rel=\"noopener\">Amandine Mehl<\/a><br \/>\n        <\/strong><\/p>\n<p>        Publi\u00e9 le<\/p>\n<p>            17 oct. 2025 \u00e0 16h25        <\/p>\n<p>Avez-vous vu <strong>Donovan Goedert-Duplan<\/strong> ? \u00c2g\u00e9 de <strong>15 ans<\/strong>, l\u2019adolescent fait actuellement l\u2019objet d\u2019une <a href=\"https:\/\/actu.fr\/tag\/disparition\" target=\"_blank\" rel=\"noopener\">disparition inqui\u00e9tante<\/a>.<\/p>\n<p class=\" wall-content\">Port\u00e9 disparu <strong>depuis le 24 juillet 2025<\/strong>, jour o\u00f9 il a <strong>fugu\u00e9<\/strong> de son <strong>foyer d\u2019accueil<\/strong> situ\u00e9 \u00e0 <strong>Laxou<\/strong>, il n\u2019a plus donn\u00e9 signe de vie depuis. La <a href=\"https:\/\/actu.fr\/tag\/police\" target=\"_blank\" rel=\"noopener\">police<\/a> lance donc un <a href=\"https:\/\/actu.fr\/tag\/appel-a-temoins\" target=\"_blank\" rel=\"noopener\">appel \u00e0 t\u00e9moins<\/a> pour le retrouver.<\/p>\n<p>Donovan Goedert-Duplan, port\u00e9 disparu, a d\u00e9j\u00e0 fugu\u00e9 par le pass\u00e9<\/p>\n<p class=\" wall-content\">Dans la <strong>description<\/strong> fournie par les forces de l\u2019ordre, il appara\u00eet que l\u2019adolescent a des <strong>cheveux et des yeux bruns<\/strong>, qu\u2019il est de corpulence \u00ab\u00a0<strong>normale<\/strong>\u00a0\u00bb et qu\u2019il portait un <strong>surv\u00eatement gris\/noir<\/strong> au moment de sa disparition.<\/p>\n<p class=\" wall-content\">Donovan Goedert-Duplan <strong>a d\u00e9j\u00e0 fugu\u00e9 par le pass\u00e9<\/strong>. Il avait notamment \u00e9t\u00e9 retrouv\u00e9 sur le secteur de Neufch\u00e2teau.\u00a0<\/p>\n<p class=\" wall-content\">\n<p class=\" wall-content\">Si vous d\u00e9tenez des <strong>informations susceptibles de faire avancer l\u2019enqu\u00eate<\/strong>, vous pouvez composer le <strong>17<\/strong> ou <strong>contacter le commissariat au 03 83 17 27 37<\/strong>.<\/p>\n<p class=\" wall-content\">Personnalisez votre actualit\u00e9 en ajoutant vos villes et m\u00e9dias en favori avec <a href=\"https:\/\/moncompte.actu.fr\" title=\"D\u00e9couvez Mon Actu\" rel=\"nofollow noopener\" data-trk=\"{&quot;cta&quot;:{&quot;action&quot;:&quot;https:\\\/\\\/moncompte.actu.fr&quot;,&quot;category&quot;:&quot;mon compte&quot;,&quot;from&quot;:&quot;article footer&quot;,&quot;name&quot;:&quot;Mon actu&quot;,&quot;type&quot;:&quot;cta&quot;}}\" target=\"_blank\">Mon Actu<\/a>.<\/p>\n","protected":false},"excerpt":{"rendered":"Par Amandine Mehl Publi\u00e9 le 17 oct. 2025 \u00e0 16h25 Avez-vous vu Donovan Goedert-Duplan ? \u00c2g\u00e9 de 15&hellip;\n","protected":false},"author":2,"featured_media":470258,"comment_status":"","ping_status":"","sticky":false,"template":"","format":"standard","meta":{"footnotes":""},"categories":[9635],"tags":[1111,11,4260,3676,1777,674,118,1011,27,775,1702,12,1072,25],"class_list":{"0":"post-470257","1":"post","2":"type-post","3":"status-publish","4":"format-standard","5":"has-post-thumbnail","7":"category-nancy","8":"tag-actu","9":"tag-actualites","10":"tag-appel-a-temoins","11":"tag-disparition-inquietante","12":"tag-eu","13":"tag-europe","14":"tag-faits-divers","15":"tag-fr","16":"tag-france","17":"tag-grand-est","18":"tag-nancy","19":"tag-news","20":"tag-police","21":"tag-republique-francaise"},"share_on_mastodon":{"url":"https:\/\/pubeurope.com\/@fr\/115390238150417203","error":""},"_links":{"self":[{"href":"https:\/\/www.europesays.com\/fr\/wp-json\/wp\/v2\/posts\/470257","targetHints":{"allow":["GET"]}}],"collection":[{"href":"https:\/\/www.europesays.com\/fr\/wp-json\/wp\/v2\/posts"}],"about":[{"href":"https:\/\/www.europesays.com\/fr\/wp-json\/wp\/v2\/types\/post"}],"author":[{"embeddable":true,"href":"https:\/\/www.europesays.com\/fr\/wp-json\/wp\/v2\/users\/2"}],"replies":[{"embeddable":true,"href":"https:\/\/www.europesays.com\/fr\/wp-json\/wp\/v2\/comments?post=470257"}],"version-history":[{"count":0,"href":"https:\/\/www.europesays.com\/fr\/wp-json\/wp\/v2\/posts\/470257\/revisions"}],"wp:featuredmedia":[{"embeddable":true,"href":"https:\/\/www.europesays.com\/fr\/wp-json\/wp\/v2\/media\/470258"}],"wp:attachment":[{"href":"https:\/\/www.europesays.com\/fr\/wp-json\/wp\/v2\/media?parent=470257"}],"wp:term":[{"taxonomy":"category","embeddable":true,"href":"https:\/\/www.europesays.com\/fr\/wp-json\/wp\/v2\/categories?post=470257"},{"taxonomy":"post_tag","embeddable":true,"href":"https:\/\/www.europesays.com\/fr\/wp-json\/wp\/v2\/tags?post=470257"}],"curies":[{"name":"wp","href":"https:\/\/api.w.org\/{rel}","templated":true}]}}