{"id":470274,"date":"2025-10-17T15:44:09","date_gmt":"2025-10-17T15:44:09","guid":{"rendered":"https:\/\/www.europesays.com\/fr\/470274\/"},"modified":"2025-10-17T15:44:09","modified_gmt":"2025-10-17T15:44:09","slug":"des-oeufs-de-moustique-tigre-decouverts-dans-deux-quartiers-de-rennes","status":"publish","type":"post","link":"https:\/\/www.europesays.com\/fr\/470274\/","title":{"rendered":"des \u0153ufs de moustique-tigre d\u00e9couverts dans deux quartiers de Rennes"},"content":{"rendered":"<p>            Par<br \/>\n        <strong><br \/>\n            <a href=\"https:\/\/actu.fr\/auteur\/clemence-pays02-actu-fr\" title=\"Consulter tous les articles de Cl\u00e9mence Pays\" target=\"_blank\" rel=\"noopener\">Cl\u00e9mence Pays<\/a><br \/>\n        <\/strong><\/p>\n<p>        Publi\u00e9 le<\/p>\n<p>            17 oct. 2025 \u00e0 17h27        <\/p>\n<p>Mauvaise surprise pour les habitants des quartiers Clemenceau et Sainte-Th\u00e9r\u00e8se, \u00e0 Rennes. Ces derniers ont \u00e9t\u00e9 inform\u00e9s que <strong>des \u0153ufs de moustique-tigre<\/strong> ont \u00e9t\u00e9 d\u00e9couverts dans le secteur, comme le relatait <a href=\"https:\/\/france3-regions.franceinfo.fr\/bretagne\/ille-et-vilaine\/rennes\/appel-a-la-vigilance-des-moustiques-tigres-reperes-dans-un-nouveau-quartier-de-rennes-3229907.html\" target=\"_blank\" rel=\"noopener\">France 3 Bretagne<\/a>.<\/p>\n<p class=\" wall-content\">Ce constat a \u00e9t\u00e9 fait dans le cadre d\u2019une <strong>\u00ab\u2009surveillance active\u2009\u00bb<\/strong> de l\u2019esp\u00e8ce par l\u2019Agence r\u00e9gionale de sant\u00e9, en Bretagne, explique, aupr\u00e8s d\u2019<a href=\"https:\/\/actu.fr\/rennes\/\" target=\"_blank\" rel=\"noopener\">actu Rennes<\/a>, J\u00e9r\u00f4me Rochelle, responsable du p\u00f4le environnement ext\u00e9rieur \u00e0 la d\u00e9l\u00e9gation d\u00e9partementale de l\u2019ARS.<\/p>\n<p>Une vingtaine de pi\u00e8ges install\u00e9s \u00e0 Rennes<\/p>\n<p class=\" wall-content\">Pour effectuer cette surveillance, l\u2019ARS travaille avec un prestataire technique, Altopictus, \u00ab\u2009qui a des comp\u00e9tences en entomologie\u2009\u00bb. Une <strong>vingtaine de pi\u00e8ges pondoirs<\/strong> ont ainsi \u00e9t\u00e9 plac\u00e9s dans diff\u00e9rents quartiers de Rennes. D\u2019autres sont install\u00e9s <strong>\u00ab\u2009dans les lieux de passage et de tourisme\u2009\u00bb d\u2019Ille-et-Vilaine,<\/strong> comme le port de Saint-Malo, le ch\u00e2teau de Foug\u00e8res et l\u2019a\u00e9roport de Saint-Jacques-de-la-Lande.<\/p>\n<p class=\" wall-content\">Ces pi\u00e8ges servent \u00e0 <strong>collecter les \u0153ufs<\/strong> et non \u00e0 capturer des esp\u00e8ces adultes. \u00ab\u2009Cela permet de <strong>voir o\u00f9 il y a des moustiques-tigres,<\/strong> pr\u00e9cise J\u00e9r\u00f4me Rochelle, <strong>et si l\u2019esp\u00e8ce r\u00e9ussie \u00e0 s\u2019implanter,<\/strong> c\u2019est-\u00e0-dire qu\u2019elle a surv\u00e9cu \u00e0 un hiver et qu\u2019on retrouve des \u0153ufs dans les pi\u00e8ges pondoirs durant trois mois successifs.\u2009\u00bb<\/p>\n<p>Une premi\u00e8re apparition en ao\u00fbt<\/p>\n<p class=\" wall-content\">Ces relev\u00e9s sur les pi\u00e8ges s\u2019effectuent chaque ann\u00e9e, <strong>de mai \u00e0 fin octobre.<\/strong> \u00c0 Rennes, les relev\u00e9s mensuels d\u2019<strong>ao\u00fbt<\/strong> ont montr\u00e9 la pr\u00e9sence d\u2019\u0153ufs de moustique-tigre dans deux pi\u00e8ges\u2009: <strong>quartier Clemenceau et Sainte-Th\u00e9r\u00e8se.<\/strong><\/p>\n<p class=\" wall-content\"><strong>Fin septembre, de nouveaux \u0153ufs sont apparus dans le pi\u00e8ge de Clemenceau,<\/strong> mais pas celui du quartier Sainte-Th\u00e9r\u00e8se.<\/p>\n<p>Votre r\u00e9gion, votre actu !<\/p>\n<p>Recevez chaque jour les infos qui comptent pour vous.<\/p>\n<p>\t<a href=\"https:\/\/actu.fr\/newsletter\" class=\"ac-btn ac-btn--corner ac-btn--medium ac-btn--blue800\" target=\"_blank\" rel=\"noopener\">S&rsquo;incrire<\/a><\/p>\n<p class=\" wall-content\">Si le relev\u00e9 de fin octobre r\u00e9v\u00e8le pour la troisi\u00e8me fois cons\u00e9cutive la pr\u00e9sence d\u2019\u0153ufs de cette esp\u00e8ce, alors le quartier Clemenceau pourra \u00eatre consid\u00e9r\u00e9 comme colonis\u00e9.<\/p>\n<p class=\" wall-content\">\u00c0 Rennes, le <strong>quartier de la Binquenais a \u00e9t\u00e9 class\u00e9 comme colonis\u00e9<\/strong> en 2023. En Ille-et-Vilaine, <a href=\"https:\/\/actu.fr\/bretagne\/domagne_35096\" target=\"_blank\" rel=\"noopener\">Domagn\u00e9<\/a> a \u00e9t\u00e9 le premier secteur consid\u00e9r\u00e9 comme colonis\u00e9 par l\u2019esp\u00e8ce, en 2022.<\/p>\n<p>En cas de doute, effectuez un signalement<\/p>\n<p class=\" wall-content\">Pour J\u00e9r\u00f4me Rochelle, \u00ab\u2009il faut <strong>tous se mobiliser<\/strong> pour compliquer la t\u00e2che du moustique-tigre dans son implantation\u2009\u00bb.<\/p>\n<p class=\" wall-content\">Si l\u2019esp\u00e8ce est pr\u00e9sente dans certains secteurs, elle n\u2019a pas encore colonis\u00e9 l\u2019ensemble du territoire breton.<strong> \u00ab\u2009Il faut faire des efforts maintenant\u2009\u00bb,<\/strong> appuie le responsable du p\u00f4le environnement ext\u00e9rieur \u00e0 l\u2019ARS.<\/p>\n<p class=\" wall-content\">Il rappelle qu\u2019au-del\u00e0 de la surveillance active effectu\u00e9e par les sp\u00e9cialistes, il existe<strong> \u00ab\u2009la surveillance citoyenne\u2009\u00bb.<\/strong><\/p>\n<blockquote class=\"ac-article-quote wall-content\">\n<p>Chaque personne qui voit un moustique \u00e9tonnant, ou a un doute, peut le prendre en photo et effectuer un signalement sur le site de l&rsquo;Anses. <\/p>\n<p>    <strong>J\u00e9r\u00f4me Rochelle<\/strong><br \/>\n        responsable du p\u00f4le environnement ext\u00e9rieur \u00e0 la d\u00e9l\u00e9gation d\u00e9partementale de l\u2019ARS    <\/p><\/blockquote>\n<p class=\" wall-content\">Gr\u00e2ce \u00e0 ce processus, \u00ab\u2009la pr\u00e9sence du moustique tigre a \u00e9t\u00e9 r\u00e9v\u00e9l\u00e9e dans plusieurs communes\u2009\u00bb apr\u00e8s une v\u00e9rification du signalement par les autorit\u00e9s comp\u00e9tentes.<\/p>\n<p class=\" wall-content\">Autre geste \u00e0 adopter\u2009: \u00ab\u2009la vigilance\u2009\u00bb, en <strong>vidant une fois par semaine les coupelles contenant de l\u2019eau,<\/strong> les arrosoirs, jeux pour enfants ou encore <strong>v\u00e9rifier que les r\u00e9cup\u00e9rateurs d\u2019eau de pluie sont bien ferm\u00e9s.<\/strong><\/p>\n<p><strong>Infos pratiques\u2009:<\/strong><br \/>\nPour effectuer un signalement, en cas de doute sur la pr\u00e9sence du moustique tigre, envoyez une photo sur le site d\u00e9di\u00e9 de l\u2019Anses, <a href=\"https:\/\/signalement-moustique.anses.fr\/signalement_albopictus\/\" target=\"_blank\" rel=\"noopener\">en cliquant ici<\/a>.<\/p>\n<p class=\" wall-content\">Personnalisez votre actualit\u00e9 en ajoutant vos villes et m\u00e9dias en favori avec <a href=\"https:\/\/moncompte.actu.fr\" title=\"D\u00e9couvez Mon Actu\" rel=\"nofollow noopener\" data-trk=\"{&quot;cta&quot;:{&quot;action&quot;:&quot;https:\\\/\\\/moncompte.actu.fr&quot;,&quot;category&quot;:&quot;mon compte&quot;,&quot;from&quot;:&quot;article footer&quot;,&quot;name&quot;:&quot;Mon actu&quot;,&quot;type&quot;:&quot;cta&quot;}}\" target=\"_blank\">Mon Actu<\/a>.<\/p>\n","protected":false},"excerpt":{"rendered":"Par Cl\u00e9mence Pays Publi\u00e9 le 17 oct. 2025 \u00e0 17h27 Mauvaise surprise pour les habitants des quartiers Clemenceau&hellip;\n","protected":false},"author":2,"featured_media":470275,"comment_status":"","ping_status":"","sticky":false,"template":"","format":"standard","meta":{"footnotes":""},"categories":[2821],"tags":[1111,11,829,1777,674,1011,27,2856,12,584,25,71,104],"class_list":{"0":"post-470274","1":"post","2":"type-post","3":"status-publish","4":"format-standard","5":"has-post-thumbnail","7":"category-rennes","8":"tag-actu","9":"tag-actualites","10":"tag-bretagne","11":"tag-eu","12":"tag-europe","13":"tag-fr","14":"tag-france","15":"tag-moustique-tigre","16":"tag-news","17":"tag-rennes","18":"tag-republique-francaise","19":"tag-sante","20":"tag-societe"},"share_on_mastodon":{"url":"https:\/\/pubeurope.com\/@fr\/115390281519259895","error":""},"_links":{"self":[{"href":"https:\/\/www.europesays.com\/fr\/wp-json\/wp\/v2\/posts\/470274","targetHints":{"allow":["GET"]}}],"collection":[{"href":"https:\/\/www.europesays.com\/fr\/wp-json\/wp\/v2\/posts"}],"about":[{"href":"https:\/\/www.europesays.com\/fr\/wp-json\/wp\/v2\/types\/post"}],"author":[{"embeddable":true,"href":"https:\/\/www.europesays.com\/fr\/wp-json\/wp\/v2\/users\/2"}],"replies":[{"embeddable":true,"href":"https:\/\/www.europesays.com\/fr\/wp-json\/wp\/v2\/comments?post=470274"}],"version-history":[{"count":0,"href":"https:\/\/www.europesays.com\/fr\/wp-json\/wp\/v2\/posts\/470274\/revisions"}],"wp:featuredmedia":[{"embeddable":true,"href":"https:\/\/www.europesays.com\/fr\/wp-json\/wp\/v2\/media\/470275"}],"wp:attachment":[{"href":"https:\/\/www.europesays.com\/fr\/wp-json\/wp\/v2\/media?parent=470274"}],"wp:term":[{"taxonomy":"category","embeddable":true,"href":"https:\/\/www.europesays.com\/fr\/wp-json\/wp\/v2\/categories?post=470274"},{"taxonomy":"post_tag","embeddable":true,"href":"https:\/\/www.europesays.com\/fr\/wp-json\/wp\/v2\/tags?post=470274"}],"curies":[{"name":"wp","href":"https:\/\/api.w.org\/{rel}","templated":true}]}}