{"id":470298,"date":"2025-10-17T15:56:09","date_gmt":"2025-10-17T15:56:09","guid":{"rendered":"https:\/\/www.europesays.com\/fr\/470298\/"},"modified":"2025-10-17T15:56:09","modified_gmt":"2025-10-17T15:56:09","slug":"lautoroute-a1-est-completement-saturee-a-la-sortie-de-lille-ce-vendredi-ce-quil-se-passe","status":"publish","type":"post","link":"https:\/\/www.europesays.com\/fr\/470298\/","title":{"rendered":"L&rsquo;autoroute A1 est compl\u00e8tement satur\u00e9e \u00e0 la sortie de Lille ce vendredi : ce qu&rsquo;il se passe"},"content":{"rendered":"<p>            Par<br \/>\n        <strong><br \/>\n            <a href=\"https:\/\/actu.fr\/auteur\/nicolas-demollien\" title=\"Consulter tous les articles de Nicolas Demollien\" target=\"_blank\" rel=\"noopener\">Nicolas Demollien<\/a><br \/>\n        <\/strong><\/p>\n<p>        Publi\u00e9 le<\/p>\n<p>            17 oct. 2025 \u00e0 17h43<br \/>\n        ; mis \u00e0 jour le 17 oct. 2025 \u00e0 17h48    <\/p>\n<p>Dans <b>un sens comme de l\u2019autre<\/b> de l\u2019<a href=\"https:\/\/actu.fr\/tag\/autoroute-1-a1\" target=\"_blank\" rel=\"noopener\">autoroute A1<\/a>, la <a href=\"https:\/\/actu.fr\/tag\/circulation\" target=\"_blank\" rel=\"noopener\">circulation<\/a> est tr\u00e8s compliqu\u00e9e ce vendredi 17 octobre 2025 entre <a href=\"https:\/\/actu.fr\/hauts-de-france\/lille_59350\" target=\"_blank\" rel=\"noopener\">Lille<\/a> et le secteur de <a href=\"https:\/\/actu.fr\/hauts-de-france\/dourges_62274\" target=\"_blank\" rel=\"noopener\">Dourges<\/a>, dans le Pas-de-Calais. <b>Deux \u00e9normes bouchons<\/b> se sont ainsi form\u00e9s.<\/p>\n<p>L\u2019A1 compl\u00e8tement satur\u00e9e \u00e0 la sortie de Lille ce vendredi<\/p>\n<p class=\" wall-content\">Peu avant 17h, un <a href=\"https:\/\/actu.fr\/tag\/accident\" target=\"_blank\" rel=\"noopener\">accident<\/a> s\u2019est en effet produit \u00e0 hauteur de la commune de\u00a0<a href=\"https:\/\/actu.fr\/hauts-de-france\/oignies_62637\" target=\"_blank\" rel=\"noopener\">Oignies<\/a>\u00a0(PR 190+300), en direction de\u00a0Lille. \u00ab\u00a0La <b>voie de gauche et la voie centrale sont neutralis\u00e9es<\/b>, car un <b>v\u00e9hicule est sur le toit<\/b>\u00ab\u00a0, annon\u00e7ait d\u2019embl\u00e9e la pr\u00e9fecture. Il a finalement \u00e9t\u00e9 retir\u00e9 aux alentours de 17h45. Une femme de 28 ans enceinte de 9 mois aurait \u00e9t\u00e9 l\u00e9g\u00e8rement bless\u00e9e selon nos informations.<\/p>\n<p class=\" wall-content\">Cet accident a pour cons\u00e9quence un tr\u00e8s gros bouchon estim\u00e9 \u00e0 <b>10 kilom\u00e8tres d\u00e8s avant l\u2019\u00e9changeur de\u00a0Dourges<\/b>, toujours selon la pr\u00e9fecture.<\/p>\n<p class=\" wall-content\">Mais ce n\u2019est pas tout, dans l\u2019autre sens, \u00ab\u00a0la densit\u00e9 et l\u2019effet de curiosit\u00e9 provoquent aussi un bouchon\u00a0\u00bb. Celui-ci \u00e9tait estim\u00e9 \u00e0 <b>20 kilom\u00e8tres et se formait d\u00e8s la sortie de Lille <\/b>aux alentours de 17h30.<\/p>\n<p class=\" wall-content\">Soyez prudents.<\/p>\n<p class=\" wall-content\">Personnalisez votre actualit\u00e9 en ajoutant vos villes et m\u00e9dias en favori avec <a href=\"https:\/\/moncompte.actu.fr\" title=\"D\u00e9couvez Mon Actu\" rel=\"nofollow noopener\" data-trk=\"{&quot;cta&quot;:{&quot;action&quot;:&quot;https:\\\/\\\/moncompte.actu.fr&quot;,&quot;category&quot;:&quot;mon compte&quot;,&quot;from&quot;:&quot;article footer&quot;,&quot;name&quot;:&quot;Mon actu&quot;,&quot;type&quot;:&quot;cta&quot;}}\" target=\"_blank\">Mon Actu<\/a>.<\/p>\n","protected":false},"excerpt":{"rendered":"Par Nicolas Demollien Publi\u00e9 le 17 oct. 2025 \u00e0 17h43 ; mis \u00e0 jour le 17 oct. 2025&hellip;\n","protected":false},"author":2,"featured_media":470299,"comment_status":"","ping_status":"","sticky":false,"template":"","format":"standard","meta":{"footnotes":""},"categories":[2815],"tags":[119,1111,11,9904,3542,1777,674,1011,27,811,1307,12,25,104],"class_list":{"0":"post-470298","1":"post","2":"type-post","3":"status-publish","4":"format-standard","5":"has-post-thumbnail","7":"category-lille","8":"tag-accident","9":"tag-actu","10":"tag-actualites","11":"tag-autoroute-1-a1","12":"tag-circulation","13":"tag-eu","14":"tag-europe","15":"tag-fr","16":"tag-france","17":"tag-hauts-de-france","18":"tag-lille","19":"tag-news","20":"tag-republique-francaise","21":"tag-societe"},"share_on_mastodon":{"url":"https:\/\/pubeurope.com\/@fr\/115390328689992912","error":""},"_links":{"self":[{"href":"https:\/\/www.europesays.com\/fr\/wp-json\/wp\/v2\/posts\/470298","targetHints":{"allow":["GET"]}}],"collection":[{"href":"https:\/\/www.europesays.com\/fr\/wp-json\/wp\/v2\/posts"}],"about":[{"href":"https:\/\/www.europesays.com\/fr\/wp-json\/wp\/v2\/types\/post"}],"author":[{"embeddable":true,"href":"https:\/\/www.europesays.com\/fr\/wp-json\/wp\/v2\/users\/2"}],"replies":[{"embeddable":true,"href":"https:\/\/www.europesays.com\/fr\/wp-json\/wp\/v2\/comments?post=470298"}],"version-history":[{"count":0,"href":"https:\/\/www.europesays.com\/fr\/wp-json\/wp\/v2\/posts\/470298\/revisions"}],"wp:featuredmedia":[{"embeddable":true,"href":"https:\/\/www.europesays.com\/fr\/wp-json\/wp\/v2\/media\/470299"}],"wp:attachment":[{"href":"https:\/\/www.europesays.com\/fr\/wp-json\/wp\/v2\/media?parent=470298"}],"wp:term":[{"taxonomy":"category","embeddable":true,"href":"https:\/\/www.europesays.com\/fr\/wp-json\/wp\/v2\/categories?post=470298"},{"taxonomy":"post_tag","embeddable":true,"href":"https:\/\/www.europesays.com\/fr\/wp-json\/wp\/v2\/tags?post=470298"}],"curies":[{"name":"wp","href":"https:\/\/api.w.org\/{rel}","templated":true}]}}