{"id":470300,"date":"2025-10-17T15:57:10","date_gmt":"2025-10-17T15:57:10","guid":{"rendered":"https:\/\/www.europesays.com\/fr\/470300\/"},"modified":"2025-10-17T15:57:10","modified_gmt":"2025-10-17T15:57:10","slug":"adidas-nike-under-armour-une-grande-vente-darticles-de-sport-jusqua","status":"publish","type":"post","link":"https:\/\/www.europesays.com\/fr\/470300\/","title":{"rendered":"Adidas, Nike, Under Armour&#8230; Une grande vente d&rsquo;articles de sport jusqu&rsquo;\u00e0"},"content":{"rendered":"<p>            Par<br \/>\n        <strong><br \/>\n            <a href=\"https:\/\/actu.fr\/auteur\/hervine-mahaud\" title=\"Consulter tous les articles de Hervine Mahaud\" target=\"_blank\" rel=\"noopener\">Hervine Mahaud<\/a><br \/>\n        <\/strong><\/p>\n<p>        Publi\u00e9 le<\/p>\n<p>            17 oct. 2025 \u00e0 17h42        <\/p>\n<p>\u00c0 la recherche de bonnes affaires et d\u2019<b>articles de grandes marques<\/b> ? Ce <a href=\"https:\/\/actu.fr\/tag\/bon-plan-a-lille\" target=\"_blank\" rel=\"noopener\">bon plan<\/a> est pour vous ! Du <b>18 octobre au 1er novembre 2025<\/b>, le centre commercial <a href=\"https:\/\/actu.fr\/hauts-de-france\/lille_59350\/lille-restaurant-loisirs-magasins-des-nouveautes-arrivent-au-centre-commercial-lillenium_63010364.html\" target=\"_blank\" rel=\"noopener\">Lillenium<\/a> \u00e0 <a href=\"https:\/\/actu.fr\/lille\/\" target=\"_blank\" rel=\"noopener\">Lille-Sud<\/a> accueille une <b>grande vente d\u2019articles de sport \u00e0 prix cass\u00e9s<\/b>, organis\u00e9e par <b>Sports D\u00e9p\u00f4t<\/b>.<\/p>\n<p>Des marques incontournables jusqu\u2019\u00e0 \u2013 70 %<\/p>\n<p class=\" wall-content\">Install\u00e9e au <b>premier \u00e9tage du centre commercial<\/b> (\u00e0 c\u00f4t\u00e9 d\u2019Oka\u00efdi), la boutique \u00e9ph\u00e9m\u00e8re se transformera pendant quinze jours en v\u00e9ritable paradis pour les fans de sport et de mode urbaine.<\/p>\n<p class=\" wall-content\">Au programme : une <b>s\u00e9lection exceptionnelle de grandes marques internationales<\/b> comme <b>Adidas, Nike, Puma, Reebok, Under Armour, Asics, Jott<\/b> ou encore <b>New Balance<\/b>.<\/p>\n<p class=\" wall-content\"><a href=\"https:\/\/www.instagram.com\/p\/DPvsC2iDGOj\/embed\" title=\"Ouvrir le lien sur Instagram\" target=\"_blank\" rel=\"noopener\">Visualiser le contenu sur Instagram<\/a><\/p>\n<p class=\" wall-content\">Sur les portants et les rayons, on retrouvera aussi bien des <b>tenues de running<\/b> que des <b>v\u00eatements lifestyle<\/b>, des <b>chaussures tendance<\/b>, des <b>vestes techniques<\/b>, des <b>surv\u00eatements<\/b> et une <b>large gamme d\u2019accessoires<\/b>.<\/p>\n<p class=\" wall-content\">L\u2019atout majeur de l\u2019\u00e9v\u00e9nement, c\u2019est bien s\u00fbr ses <b>remises spectaculaires<\/b>, pouvant aller jusqu\u2019\u00e0 <b>\u2013 70 %<\/b>. De quoi se faire plaisir ou renouveler sa garde-robe d\u2019automne sans faire fondre son budget. Les <b>stocks \u00e9tant limit\u00e9s<\/b>, les meilleures affaires risquent de partir tr\u00e8s vite.<\/p>\n<p class=\" wall-content\">D\u00e9j\u00e0 connu pour ses <b>ventes \u00e9v\u00e9nementielles<\/b> et ses <b>op\u00e9rations sp\u00e9ciales<\/b> un peu partout en France, Sports D\u00e9p\u00f4t s\u2019installe \u00e0 Lille pour la premi\u00e8re fois, offrant aux habitants de la m\u00e9tropole une <b>exp\u00e9rience shopping unique<\/b>.<\/p>\n<p>Votre r\u00e9gion, votre actu !<\/p>\n<p>Recevez chaque jour les infos qui comptent pour vous.<\/p>\n<p>\t<a href=\"https:\/\/actu.fr\/newsletter\" class=\"ac-btn ac-btn--corner ac-btn--medium ac-btn--blue800\" target=\"_blank\" rel=\"noopener\">S&rsquo;incrire<\/a><\/p>\n<p class=\" wall-content\">Un conseil : <b>venez t\u00f4t<\/b> et pr\u00e9parez votre liste de souhaits, car les plus belles pi\u00e8ces risquent de dispara\u00eetre aussi vite qu\u2019un sprint de fin de course.<\/p>\n<p>Infos pratiques : vente Sports D\u00e9p\u00f4t au centre commercial Lillenium, 1er \u00e9tage \u00e0 c\u00f4t\u00e9 d\u2019Oka\u00efdi. Du 18 octobre au 1er novembre 2025, de 10 h \u00e0 20 h.<\/p>\n<p class=\" wall-content\">Personnalisez votre actualit\u00e9 en ajoutant vos villes et m\u00e9dias en favori avec <a href=\"https:\/\/moncompte.actu.fr\" title=\"D\u00e9couvez Mon Actu\" rel=\"nofollow noopener\" data-trk=\"{&quot;cta&quot;:{&quot;action&quot;:&quot;https:\\\/\\\/moncompte.actu.fr&quot;,&quot;category&quot;:&quot;mon compte&quot;,&quot;from&quot;:&quot;article footer&quot;,&quot;name&quot;:&quot;Mon actu&quot;,&quot;type&quot;:&quot;cta&quot;}}\" target=\"_blank\">Mon Actu<\/a>.<\/p>\n<p>                    <script async src=\"\/\/www.instagram.com\/embed.js\"><\/script><\/p>\n","protected":false},"excerpt":{"rendered":"Par Hervine Mahaud Publi\u00e9 le 17 oct. 2025 \u00e0 17h42 \u00c0 la recherche de bonnes affaires et d\u2019articles&hellip;\n","protected":false},"author":2,"featured_media":470301,"comment_status":"","ping_status":"","sticky":false,"template":"","format":"standard","meta":{"footnotes":""},"categories":[2815],"tags":[1111,11,6557,215,33,1777,674,1011,27,811,1307,12,25],"class_list":{"0":"post-470300","1":"post","2":"type-post","3":"status-publish","4":"format-standard","5":"has-post-thumbnail","7":"category-lille","8":"tag-actu","9":"tag-actualites","10":"tag-bon-plan-a-lille","11":"tag-commerce","12":"tag-economie","13":"tag-eu","14":"tag-europe","15":"tag-fr","16":"tag-france","17":"tag-hauts-de-france","18":"tag-lille","19":"tag-news","20":"tag-republique-francaise"},"share_on_mastodon":{"url":"https:\/\/pubeurope.com\/@fr\/115390332541865521","error":""},"_links":{"self":[{"href":"https:\/\/www.europesays.com\/fr\/wp-json\/wp\/v2\/posts\/470300","targetHints":{"allow":["GET"]}}],"collection":[{"href":"https:\/\/www.europesays.com\/fr\/wp-json\/wp\/v2\/posts"}],"about":[{"href":"https:\/\/www.europesays.com\/fr\/wp-json\/wp\/v2\/types\/post"}],"author":[{"embeddable":true,"href":"https:\/\/www.europesays.com\/fr\/wp-json\/wp\/v2\/users\/2"}],"replies":[{"embeddable":true,"href":"https:\/\/www.europesays.com\/fr\/wp-json\/wp\/v2\/comments?post=470300"}],"version-history":[{"count":0,"href":"https:\/\/www.europesays.com\/fr\/wp-json\/wp\/v2\/posts\/470300\/revisions"}],"wp:featuredmedia":[{"embeddable":true,"href":"https:\/\/www.europesays.com\/fr\/wp-json\/wp\/v2\/media\/470301"}],"wp:attachment":[{"href":"https:\/\/www.europesays.com\/fr\/wp-json\/wp\/v2\/media?parent=470300"}],"wp:term":[{"taxonomy":"category","embeddable":true,"href":"https:\/\/www.europesays.com\/fr\/wp-json\/wp\/v2\/categories?post=470300"},{"taxonomy":"post_tag","embeddable":true,"href":"https:\/\/www.europesays.com\/fr\/wp-json\/wp\/v2\/tags?post=470300"}],"curies":[{"name":"wp","href":"https:\/\/api.w.org\/{rel}","templated":true}]}}