{"id":470302,"date":"2025-10-17T15:58:12","date_gmt":"2025-10-17T15:58:12","guid":{"rendered":"https:\/\/www.europesays.com\/fr\/470302\/"},"modified":"2025-10-17T15:58:12","modified_gmt":"2025-10-17T15:58:12","slug":"marseille-un-anti-infectieux-intestinal-pour-lutter-contre-le-cancer-du-sein-decouvert-par-le-crcm","status":"publish","type":"post","link":"https:\/\/www.europesays.com\/fr\/470302\/","title":{"rendered":"Marseille. Un anti-infectieux intestinal pour lutter contre le cancer du sein d\u00e9couvert par le CRCM"},"content":{"rendered":"<p>C\u2019est dans le centre de recherches en canc\u00e9rologie de Marseille, adoss\u00e9 \u00e0 l\u2019institut Paoli-Calmettes, que Christophe Ginestier travaille tous les jours. Un b\u00e2timent blanc sur plusieurs \u00e9tages, aux longs couloirs, o\u00f9 450 personnes se c\u00f4toient en permanence, avec un seul objectif, faire avancer la recherche contre le cancer. \u00c0 45 ans, ce natif de La Tour d\u2019Aigues, dans le Vaucluse, s\u2019est sp\u00e9cialis\u00e9 depuis de nombreuses&#8230;<\/p>\n","protected":false},"excerpt":{"rendered":"C\u2019est dans le centre de recherches en canc\u00e9rologie de Marseille, adoss\u00e9 \u00e0 l\u2019institut Paoli-Calmettes, que Christophe Ginestier travaille&hellip;\n","protected":false},"author":2,"featured_media":470303,"comment_status":"","ping_status":"","sticky":false,"template":"","format":"standard","meta":{"footnotes":""},"categories":[2814],"tags":[1111,11,885,3859,1777,674,1011,27,329,884,12,882,25,71,4604,273,4520],"class_list":{"0":"post-470302","1":"post","2":"type-post","3":"status-publish","4":"format-standard","5":"has-post-thumbnail","7":"category-marseille","8":"tag-actu","9":"tag-actualites","10":"tag-bouches-du-rhone","11":"tag-edition-provencale","12":"tag-eu","13":"tag-europe","14":"tag-fr","15":"tag-france","16":"tag-france-monde","17":"tag-marseille","18":"tag-news","19":"tag-provence-alpes-cote-dazur","20":"tag-republique-francaise","21":"tag-sante","22":"tag-selection-abonne","23":"tag-selection-de-la-redaction","24":"tag-vaucluse"},"share_on_mastodon":{"url":"https:\/\/pubeurope.com\/@fr\/115390336547235194","error":""},"_links":{"self":[{"href":"https:\/\/www.europesays.com\/fr\/wp-json\/wp\/v2\/posts\/470302","targetHints":{"allow":["GET"]}}],"collection":[{"href":"https:\/\/www.europesays.com\/fr\/wp-json\/wp\/v2\/posts"}],"about":[{"href":"https:\/\/www.europesays.com\/fr\/wp-json\/wp\/v2\/types\/post"}],"author":[{"embeddable":true,"href":"https:\/\/www.europesays.com\/fr\/wp-json\/wp\/v2\/users\/2"}],"replies":[{"embeddable":true,"href":"https:\/\/www.europesays.com\/fr\/wp-json\/wp\/v2\/comments?post=470302"}],"version-history":[{"count":0,"href":"https:\/\/www.europesays.com\/fr\/wp-json\/wp\/v2\/posts\/470302\/revisions"}],"wp:featuredmedia":[{"embeddable":true,"href":"https:\/\/www.europesays.com\/fr\/wp-json\/wp\/v2\/media\/470303"}],"wp:attachment":[{"href":"https:\/\/www.europesays.com\/fr\/wp-json\/wp\/v2\/media?parent=470302"}],"wp:term":[{"taxonomy":"category","embeddable":true,"href":"https:\/\/www.europesays.com\/fr\/wp-json\/wp\/v2\/categories?post=470302"},{"taxonomy":"post_tag","embeddable":true,"href":"https:\/\/www.europesays.com\/fr\/wp-json\/wp\/v2\/tags?post=470302"}],"curies":[{"name":"wp","href":"https:\/\/api.w.org\/{rel}","templated":true}]}}