{"id":470304,"date":"2025-10-17T15:59:11","date_gmt":"2025-10-17T15:59:11","guid":{"rendered":"https:\/\/www.europesays.com\/fr\/470304\/"},"modified":"2025-10-17T15:59:11","modified_gmt":"2025-10-17T15:59:11","slug":"municipales-2026-a-marseille-les-ecologistes-suspendent-a-titre-conservatoire-leur-chef-de-file-accuse-de-corruption-de-mineur","status":"publish","type":"post","link":"https:\/\/www.europesays.com\/fr\/470304\/","title":{"rendered":"Municipales 2026 \u00e0 Marseille\u00a0: les \u00c9cologistes suspendent \u00e0 titre conservatoire leur chef de file, accus\u00e9 de corruption de mineur"},"content":{"rendered":"<p class=\"paragraph text_align_left lp-f-body-02\">Ce jeudi, il avait d\u00e9j\u00e0 annonc\u00e9 se mettre en retrait jusqu\u2019\u00e0 l\u2019issue de la proc\u00e9dure judiciaire. Les \u00c9cologistes ont d\u00e9cid\u00e9 vendredi de suspendre \u00e0 titre conservatoire leur chef de file <a href=\"https:\/\/www.leparisien.fr\/elections\/municipales\/municipales-2026-a-marseille-les-ecologistes-votent-pour-reconduire-la-coalition-de-gauche-15-10-2025-MKC4TIU6MZEJPHPWOMPHJB3YPU.php\" target=\"_self\" rel=\"noopener\">pour les \u00e9lections municipales \u00e0 Marseille<\/a>, Hassen Hammou, <a href=\"https:\/\/www.leparisien.fr\/faits-divers\/municipales-2026-a-marseille-lecologiste-hassen-hammou-convoque-devant-la-justice-pour-tentative-de-corruption-de-mineur-15-10-2025-KRU2QIUSMJFBNBYH7IQNMINNSQ.php\" target=\"_self\" rel=\"noopener\">qui doit \u00eatre jug\u00e9 le mois prochain<\/a> pour corruption de mineur, a indiqu\u00e9 le parti.<\/p>\n<p class=\"paragraph text_align_left lp-f-body-02\">\u00ab Le secr\u00e9tariat ex\u00e9cutif prend acte de la mise en retrait d\u2019Hassen Hammou \u00bb du statut de chef-de-file \u00e0 Marseille \u00ab et de ses fonctions en interne du mouvement \u00bb, ont d\u00e9clar\u00e9 Les \u00c9cologistes.<\/p>\n<p class=\"paragraph text_align_left lp-f-body-02\">Cette m\u00eame instance dirigeante \u00ab d\u00e9cide de suspendre <a href=\"https:\/\/www.leparisien.fr\/politique\/candidat-de-seconde-zone-et-fier-de-l-etre-25-08-2016-6067115.php\" target=\"_self\" rel=\"noopener\">Hassen Hammou<\/a> \u00e0 titre conservatoire, dans l\u2019attente de la d\u00e9cision de justice devant intervenir \u00e0 compter du 13 novembre \u00bb, a pr\u00e9cis\u00e9 le parti.<\/p>\n<p>Il nie les faits<\/p>\n<p class=\"paragraph text_align_left lp-f-body-02\">\u00c9lu chef de file des \u00e9cologistes \u00e0 Marseille pour les municipales de mars, Hassen Hammou, membre du bureau politique du parti, a annonc\u00e9 jeudi <a href=\"https:\/\/www.leparisien.fr\/politique\/marseille-hassen-hammou-chef-des-ecologistes-se-met-en-retrait-apres-des-accusations-de-corruption-de-mineur-16-10-2025-KZXCD2JEHNHOPIGFLU5ZBMS3ZY.php\" target=\"_self\" rel=\"noopener\">se mettre en retrait<\/a> jusqu\u2019\u00e0 l\u2019issue d\u2019une proc\u00e9dure judiciaire le visant pour corruption de mineur.<\/p>\n<p class=\"paragraph text_align_left lp-f-body-02\">Il est convoqu\u00e9 le 13 novembre devant le tribunal correctionnel pour y \u00eatre jug\u00e9 pour \u00ab corruption de mineur par un moyen de communication \u00e9lectronique \u00bb, soit une incitation d\u2019un mineur par un majeur utilisant un moyen de communication \u00e9lectronique \u00e0 commettre un acte de nature sexuelle. Des faits qu\u2019il conteste.<\/p>\n<p class=\"paragraph text_align_left lp-f-body-02\">Pour les municipales de 2026 \u00e0 Marseille, <a href=\"https:\/\/www.leparisien.fr\/elections\/municipales\/municipales-2026-a-marseille-les-ecologistes-votent-pour-reconduire-la-coalition-de-gauche-15-10-2025-MKC4TIU6MZEJPHPWOMPHJB3YPU.php\" target=\"_self\" rel=\"noopener\">les \u00c9cologistes ont choisi de reconduire leur alliance<\/a> au sein du \u00ab Printemps marseillais \u00bb avec le maire sortant, <a href=\"https:\/\/www.leparisien.fr\/bouches-du-rhone-13\/un-acte-fort-benoit-payan-annonce-le-jumelage-de-marseille-avec-bethleem-le-jour-de-la-reconnaissance-dun-etat-de-palestine-22-09-2025-CERGUEGQF5AMJA74KXGAISGKEE.php\" target=\"_self\" rel=\"noopener\">l\u2019ex-socialiste Beno\u00eet Payan<\/a>, qui devrait \u00eatre candidat \u00e0 sa r\u00e9\u00e9lection.<\/p>\n","protected":false},"excerpt":{"rendered":"Ce jeudi, il avait d\u00e9j\u00e0 annonc\u00e9 se mettre en retrait jusqu\u2019\u00e0 l\u2019issue de la proc\u00e9dure judiciaire. Les \u00c9cologistes&hellip;\n","protected":false},"author":2,"featured_media":470305,"comment_status":"","ping_status":"","sticky":false,"template":"","format":"standard","meta":{"footnotes":""},"categories":[2814],"tags":[1111,11,5949,1777,674,1011,27,884,3554,12,316,882,25],"class_list":{"0":"post-470304","1":"post","2":"type-post","3":"status-publish","4":"format-standard","5":"has-post-thumbnail","7":"category-marseille","8":"tag-actu","9":"tag-actualites","10":"tag-elections","11":"tag-eu","12":"tag-europe","13":"tag-fr","14":"tag-france","15":"tag-marseille","16":"tag-municipales","17":"tag-news","18":"tag-politique","19":"tag-provence-alpes-cote-dazur","20":"tag-republique-francaise"},"share_on_mastodon":{"url":"https:\/\/pubeurope.com\/@fr\/115390340422229095","error":""},"_links":{"self":[{"href":"https:\/\/www.europesays.com\/fr\/wp-json\/wp\/v2\/posts\/470304","targetHints":{"allow":["GET"]}}],"collection":[{"href":"https:\/\/www.europesays.com\/fr\/wp-json\/wp\/v2\/posts"}],"about":[{"href":"https:\/\/www.europesays.com\/fr\/wp-json\/wp\/v2\/types\/post"}],"author":[{"embeddable":true,"href":"https:\/\/www.europesays.com\/fr\/wp-json\/wp\/v2\/users\/2"}],"replies":[{"embeddable":true,"href":"https:\/\/www.europesays.com\/fr\/wp-json\/wp\/v2\/comments?post=470304"}],"version-history":[{"count":0,"href":"https:\/\/www.europesays.com\/fr\/wp-json\/wp\/v2\/posts\/470304\/revisions"}],"wp:featuredmedia":[{"embeddable":true,"href":"https:\/\/www.europesays.com\/fr\/wp-json\/wp\/v2\/media\/470305"}],"wp:attachment":[{"href":"https:\/\/www.europesays.com\/fr\/wp-json\/wp\/v2\/media?parent=470304"}],"wp:term":[{"taxonomy":"category","embeddable":true,"href":"https:\/\/www.europesays.com\/fr\/wp-json\/wp\/v2\/categories?post=470304"},{"taxonomy":"post_tag","embeddable":true,"href":"https:\/\/www.europesays.com\/fr\/wp-json\/wp\/v2\/tags?post=470304"}],"curies":[{"name":"wp","href":"https:\/\/api.w.org\/{rel}","templated":true}]}}