{"id":470306,"date":"2025-10-17T16:00:13","date_gmt":"2025-10-17T16:00:13","guid":{"rendered":"https:\/\/www.europesays.com\/fr\/470306\/"},"modified":"2025-10-17T16:00:13","modified_gmt":"2025-10-17T16:00:13","slug":"lyon-le-rappeur-fave-en-visite-surprise-dans-une-ecole-de-communication-pour-rencontrer-ses-fans","status":"publish","type":"post","link":"https:\/\/www.europesays.com\/fr\/470306\/","title":{"rendered":"Lyon. Le rappeur Fav\u00e9 en visite surprise dans une \u00e9cole de communication pour rencontrer ses fans"},"content":{"rendered":"<p>Fav\u00e9, le jeune ph\u00e9nom\u00e8ne du rap fran\u00e7ais, refait sa tourn\u00e9e des universit\u00e9s \u2014 deux ans apr\u00e8s un premier round qui avait cartonn\u00e9. Ce mardi 14\u00a0octobre, c\u2019est \u00e0 l\u2019Efap Lyon, une \u00e9cole de communication, qu\u2019il a gar\u00e9 son tour bus pour une escale surprise.<\/p>\n<p>Une prochaine date au Transbordeur<\/p>\n<p>Au programme\u00a0: extraits de son nouvel album Pleins Phares (sorti le 10\u00a0octobre), pop-up de merch exclusif, et des moments avec ses fans.<\/p>\n<p>Prochaine \u00e9tape lyonnaise\u00a0: le Transbordeur, o\u00f9 Fav\u00e9 se produira le 19\u00a0novembre.<\/p>\n","protected":false},"excerpt":{"rendered":"Fav\u00e9, le jeune ph\u00e9nom\u00e8ne du rap fran\u00e7ais, refait sa tourn\u00e9e des universit\u00e9s \u2014 deux ans apr\u00e8s un premier&hellip;\n","protected":false},"author":2,"featured_media":470307,"comment_status":"","ping_status":"","sticky":false,"template":"","format":"standard","meta":{"footnotes":""},"categories":[1889],"tags":[1111,11,2430,1687,2757,1777,674,1011,27,2428,2756,873,12,25],"class_list":{"0":"post-470306","1":"post","2":"type-post","3":"status-publish","4":"format-standard","5":"has-post-thumbnail","7":"category-lyon","8":"tag-actu","9":"tag-actualites","10":"tag-auvergne-rhone-alpes","11":"tag-culture-loisirs","12":"tag-edition-lyon-villeurbanne","13":"tag-eu","14":"tag-europe","15":"tag-fr","16":"tag-france","17":"tag-lyon","18":"tag-lyon-bassin","19":"tag-musique","20":"tag-news","21":"tag-republique-francaise"},"share_on_mastodon":{"url":"https:\/\/pubeurope.com\/@fr\/115390344326277440","error":""},"_links":{"self":[{"href":"https:\/\/www.europesays.com\/fr\/wp-json\/wp\/v2\/posts\/470306","targetHints":{"allow":["GET"]}}],"collection":[{"href":"https:\/\/www.europesays.com\/fr\/wp-json\/wp\/v2\/posts"}],"about":[{"href":"https:\/\/www.europesays.com\/fr\/wp-json\/wp\/v2\/types\/post"}],"author":[{"embeddable":true,"href":"https:\/\/www.europesays.com\/fr\/wp-json\/wp\/v2\/users\/2"}],"replies":[{"embeddable":true,"href":"https:\/\/www.europesays.com\/fr\/wp-json\/wp\/v2\/comments?post=470306"}],"version-history":[{"count":0,"href":"https:\/\/www.europesays.com\/fr\/wp-json\/wp\/v2\/posts\/470306\/revisions"}],"wp:featuredmedia":[{"embeddable":true,"href":"https:\/\/www.europesays.com\/fr\/wp-json\/wp\/v2\/media\/470307"}],"wp:attachment":[{"href":"https:\/\/www.europesays.com\/fr\/wp-json\/wp\/v2\/media?parent=470306"}],"wp:term":[{"taxonomy":"category","embeddable":true,"href":"https:\/\/www.europesays.com\/fr\/wp-json\/wp\/v2\/categories?post=470306"},{"taxonomy":"post_tag","embeddable":true,"href":"https:\/\/www.europesays.com\/fr\/wp-json\/wp\/v2\/tags?post=470306"}],"curies":[{"name":"wp","href":"https:\/\/api.w.org\/{rel}","templated":true}]}}